{"id":7550,"date":"2023-12-15T11:00:00","date_gmt":"2023-12-15T10:00:00","guid":{"rendered":"https:\/\/blogs.fu-berlin.de\/frauenbeauftragte\/?p=7550"},"modified":"2023-12-15T17:53:33","modified_gmt":"2023-12-15T16:53:33","slug":"feministisches-kino-zum-4genderstudies-tag","status":"publish","type":"post","link":"https:\/\/blogs.fu-berlin.de\/frauenbeauftragte\/2023\/12\/15\/feministisches-kino-zum-4genderstudies-tag\/","title":{"rendered":"Feministisches Kino zum #4GenderStudies-Tag"},"content":{"rendered":"\n<div class=\"wp-block-media-text alignwide is-stacked-on-mobile\"><figure class=\"wp-block-media-text__media\"><img loading=\"lazy\" decoding=\"async\" width=\"1024\" height=\"683\" src=\"https:\/\/blogs.fu-berlin.de\/frauenbeauftragte\/files\/2023\/08\/FemWTF_Auma_3zu2-1024x683.jpg\" alt=\"\" class=\"wp-image-6638 size-full\" srcset=\"https:\/\/blogs.fu-berlin.de\/frauenbeauftragte\/files\/2023\/08\/FemWTF_Auma_3zu2-1024x683.jpg 1024w, https:\/\/blogs.fu-berlin.de\/frauenbeauftragte\/files\/2023\/08\/FemWTF_Auma_3zu2-300x200.jpg 300w, https:\/\/blogs.fu-berlin.de\/frauenbeauftragte\/files\/2023\/08\/FemWTF_Auma_3zu2-768x512.jpg 768w, https:\/\/blogs.fu-berlin.de\/frauenbeauftragte\/files\/2023\/08\/FemWTF_Auma_3zu2-1536x1024.jpg 1536w, https:\/\/blogs.fu-berlin.de\/frauenbeauftragte\/files\/2023\/08\/FemWTF_Auma_3zu2-2048x1365.jpg 2048w, https:\/\/blogs.fu-berlin.de\/frauenbeauftragte\/files\/2023\/08\/FemWTF_Auma_3zu2-1200x800.jpg 1200w\" sizes=\"auto, (max-width: 709px) 85vw, (max-width: 909px) 67vw, (max-width: 1362px) 62vw, 840px\" \/><\/figure><div class=\"wp-block-media-text__content\">\n<p><strong>Film: 19. Dezember 2023<\/strong> <strong>| 16:15 h | Eintritt frei \u2013<\/strong> Im Rahmen des Wissenschaftstages <a rel=\"noreferrer noopener\" href=\"https:\/\/www.mvbz.fu-berlin.de\/wissenschaftskommunikation\/wissenschaftstag_4genderstudies\/index.html\" target=\"_blank\">#4GenderStudies<\/a> 2023 l\u00e4dt das Margherita-von-Brentano-Zentrum zu einem Kinoabend ein. In der Dokumentation <a rel=\"noreferrer noopener\" href=\"https:\/\/www.geyrhalterfilm.com\/feminism_wtf\" target=\"_blank\">FEMINISM WTF<\/a> beleuchten Geschlechterforscher*innen und weitere queer-feministische Expert*innen aktuelle Debatten wie intersektionalen Feminismus, Machtverh\u00e4ltnisse, unbezahlte Carearbeit und Klimaaktivismus aus natur- und sozialwissenschaftlichen Perspektiven.<\/p>\n\n\n\n<!--more-->\n<\/div><\/div>\n\n\n\n<p>Seit 2017 findet j\u00e4hrlich der Wissenschaftstag #4GenderStudies statt. Ins Leben gerufen wurde der Aktionstag als Reaktion auf die Abwertung der Geschlechterforschung als Forschungsfeld, auf die Angriffe auf einzelne Geschlechterforscher*innen und auf Hatespeech in den sozialen Medien. Ziel des Aktionstage ist es, \u00f6ffentlich sichtbar machen, wie spannend, vielf\u00e4ltig und wissenschaftlich exzellent Geschlechterforschung ist, und dass sie als kritische Wissenschaft wichtige Probleme und reale Ph\u00e4nomene in den Blick nimmt. <\/p>\n\n\n<div class=\"wp-block-image\">\n<figure class=\"alignright size-large is-resized\"><img loading=\"lazy\" decoding=\"async\" src=\"https:\/\/blogs.fu-berlin.de\/frauenbeauftragte\/files\/2023\/12\/1600x900-twitterbild_gruen-1024x576.jpg\" alt=\"\" class=\"wp-image-7601\" width=\"256\" height=\"144\" srcset=\"https:\/\/blogs.fu-berlin.de\/frauenbeauftragte\/files\/2023\/12\/1600x900-twitterbild_gruen-1024x576.jpg 1024w, https:\/\/blogs.fu-berlin.de\/frauenbeauftragte\/files\/2023\/12\/1600x900-twitterbild_gruen-300x169.jpg 300w, https:\/\/blogs.fu-berlin.de\/frauenbeauftragte\/files\/2023\/12\/1600x900-twitterbild_gruen-768x432.jpg 768w, https:\/\/blogs.fu-berlin.de\/frauenbeauftragte\/files\/2023\/12\/1600x900-twitterbild_gruen-1536x864.jpg 1536w, https:\/\/blogs.fu-berlin.de\/frauenbeauftragte\/files\/2023\/12\/1600x900-twitterbild_gruen-1200x675.jpg 1200w, https:\/\/blogs.fu-berlin.de\/frauenbeauftragte\/files\/2023\/12\/1600x900-twitterbild_gruen.jpg 1600w\" sizes=\"auto, (max-width: 256px) 85vw, 256px\" \/><figcaption>\u00a9 afg Berlin, 2023<\/figcaption><\/figure><\/div>\n\n\n<p>Das <a rel=\"noreferrer noopener\" href=\"https:\/\/www.mvbz.fu-berlin.de\/index.html\" target=\"_blank\">Margherita-von-Brentano-Zentrum<\/a> f\u00fcr Geschlechter\u00adforschung der Freien Universit\u00e4t beteiligt sich wie auch in den vergangenen Jahren am Aktionstag f\u00fcr Geschlechterforschung und zeigt die Dokumentation FEMINISM WTF (2022) der \u00f6sterreichischen Regisseurin Katharina M\u00fcckstein. <\/p>\n\n\n\n<p>Die Filmemacherin, selbst Absolventin der Gender Studies, interessiert, wie jede*r einzelne dazu beitragen kann, Macht- und Abh\u00e4ngigkeitsverh\u00e4ltnisse aufzubrechen und eine solidarische Gesellschaft herzustellen. Bereits der <a rel=\"noreferrer noopener\" href=\"http:\/\/Der Preis soll durch die mit ihm verbundene \u00f6ffentliche Aufmerksamkeit, finanzielle Unterst\u00fctzung und politische Anerkennung helfen, die feministischen und frauenpolitischen Anliegen der ausgezeichneten Frauen voranzubringen.\" target=\"_blank\">Trailer<\/a> macht deutlich, wie breit und vielschichtig die Perspektiven der Gender Studies sind. &#8222;Warum sprechen wir immer von nur zwei Geschlechtern? Warum m\u00fcssen Frauen* den Gro\u00dfteil der unbezahlten Haus- und Kindererziehungsarbeit machen? Warum sind Kapitalismus und Feminismus ein Widerspruch? Was hat der europ\u00e4ische Kolonialismus mit den heutigen Ideen von sexueller Freiheit und rassistischen Stereotypen zu tun? Wieso brauchen wir Feminismus, um das Klima zu retten? Und warum engagieren sich eigentlich so wenige M\u00e4nner f\u00fcr den Feminismus?&#8220; Mit diesen Fragen umrei\u00dft die <a rel=\"noreferrer noopener\" href=\"https:\/\/mindjazz-pictures.de\/filme\/feminism-wtf\/\" target=\"_blank\">Synopsis<\/a> des Films die vielf\u00e4ltigen Debatten, die FEMINISM WTF thematisiert.<\/p>\n\n\n\n<p>Im Wechsel mit den Statements der Expert*innen arbeitet die Dokumentation auch mit \u00e4sthetischen Elementen. Tanz- und Performance-Sequenzen spielen mit g\u00e4ngigen Vorstellungen von K\u00f6rper, Geschlecht und Feminismus und bieten so einen anschaulichen Zugang zum Themenfeld, den das bisherige Publikum zu sch\u00e4tzen wusste: FEMINISM WTF wurde 2023 mit dem Publikumspreis des Festivals des \u00f6sterreichischen Films DIAGONALE ausgezeichnet und f\u00fcr den ROMY Branchenpreis als bester Dokumentarfilm Kino nominiert. <\/p>\n\n\n\n<p class=\"has-medium-font-size\">Starring: Maisha M. Auma, erste Audre-Lorde-Gastprofessorin der BUA<\/p>\n\n\n\n<p>Als eine Expertin tritt in dem Film die Erziehungswissenschaftlerin und Geschlechterforscherin Prof. Dr. Maisha M. Auma auf. 2021\/22 hatte sie die <a href=\"https:\/\/www.berlin-university-alliance.de\/commitments\/diversity\/audre-lorde\/auma\/index.html\">erste Audre-Lorde-Gastprofessur<\/a> f\u00fcr intersektionale Diversit\u00e4tsforschung inne, die auf eine Initiative des Diversit\u00e4ts-Netzwerk DiGENet des Berliner Exzellenzverbundes zur\u00fcckgeht und bei der Berlin University Alliance (BUA) angesiedelt ist. Zu ihren Forschungsschwerpunkten z\u00e4hlen Diversit\u00e4t, Rassismuskritik, Dekolonialit\u00e4t und Intersektionalit\u00e4t. <\/p>\n\n\n\n<p>Folgende Protagonist*innen bringen ihre fachliche Expertise in FEMINISM WTF ein:<\/p>\n\n\n\n<ul class=\"wp-block-list\"><li>Prof. Dr. Maisha M. Auma, Erziehungswissenschaftlerin<\/li><li>Dr. Persson Perry Baumgartinger, Sprachwissenschaftler<\/li><li>Dr. Astrid Biele Mefebue, Sozialwissenschaftlerin<\/li><li>Prof. Dr. Nikita Dhawan, Politikwissenschaftlerin<\/li><li>Christoph May, M\u00e4nnerforscher<\/li><li>Dr. Franziska Schutzbach, Soziologin und Geschlechterforscherin<\/li><li>Dr. habil Sigrid Schmitz, Biologin und Wissenschaftshistorikerin<\/li><li>Rona Torenz, Philosophin, Geschlechter- und Sexualwissenschaftlerin<\/li><li>Prof. Dr. Paula-Irene Villa Braslavsky, Soziologin<\/li><li>Dr. Laura Wiesb\u00f6ck, Soziologin<\/li><li>Emilene Wopana Mudimu, Sozialp\u00e4dagogin, rassismuskritische Bildungsreferentin, Spoken Word K\u00fcnstlerin<\/li><\/ul>\n\n\n\n<hr class=\"wp-block-separator has-alpha-channel-opacity\" \/>\n\n\n\n<p class=\"has-medium-font-size\">\u00dcberblick<\/p>\n\n\n\n<ul class=\"wp-block-list\"><li><strong>Wann?<\/strong> 19. Dezember 2023 | 16:15 Uhr<\/li><li><strong>Wo?<\/strong> H\u00f6rsaal 2, KL 29\/223 (Rostlaube), Habelschwerdter Allee 45, 14195 Berlin<\/li><li><strong>Keine Anmeldung<\/strong> erforderlich <\/li><li><strong>Eintritt ist frei<\/strong><\/li><li><strong>Sprache:<\/strong> Deutsch mit englischen Untertiteln <\/li><li><strong>Kontakt:<\/strong> Sabina Garc\u00eda Peter, <a href=\"mailto:sabina.garcia.peter@fu-berlin.de\">sabina.garcia.peter@fu-berlin.de<\/a><\/li><\/ul>\n\n\n\n<hr class=\"wp-block-separator has-alpha-channel-opacity\" \/>\n\n\n<div class=\"wp-block-image\">\n<figure class=\"aligncenter size-large\"><img loading=\"lazy\" decoding=\"async\" width=\"724\" height=\"1024\" src=\"https:\/\/blogs.fu-berlin.de\/frauenbeauftragte\/files\/2023\/07\/FWTF_Plakat_web-scaled-1-724x1024.jpg\" alt=\"\" class=\"wp-image-6611\" srcset=\"https:\/\/blogs.fu-berlin.de\/frauenbeauftragte\/files\/2023\/07\/FWTF_Plakat_web-scaled-1-724x1024.jpg 724w, https:\/\/blogs.fu-berlin.de\/frauenbeauftragte\/files\/2023\/07\/FWTF_Plakat_web-scaled-1-212x300.jpg 212w, https:\/\/blogs.fu-berlin.de\/frauenbeauftragte\/files\/2023\/07\/FWTF_Plakat_web-scaled-1-768x1086.jpg 768w, https:\/\/blogs.fu-berlin.de\/frauenbeauftragte\/files\/2023\/07\/FWTF_Plakat_web-scaled-1-1086x1536.jpg 1086w, https:\/\/blogs.fu-berlin.de\/frauenbeauftragte\/files\/2023\/07\/FWTF_Plakat_web-scaled-1-1448x2048.jpg 1448w, https:\/\/blogs.fu-berlin.de\/frauenbeauftragte\/files\/2023\/07\/FWTF_Plakat_web-scaled-1-1200x1697.jpg 1200w, https:\/\/blogs.fu-berlin.de\/frauenbeauftragte\/files\/2023\/07\/FWTF_Plakat_web-scaled-1.jpg 1810w\" sizes=\"auto, (max-width: 709px) 85vw, (max-width: 909px) 67vw, (max-width: 984px) 61vw, (max-width: 1362px) 45vw, 600px\" \/><\/figure><\/div>\n\n\n<hr class=\"wp-block-separator has-alpha-channel-opacity\" \/>\n","protected":false},"excerpt":{"rendered":"<p>Film: 19. Dezember 2023 | 16:15 h | Eintritt frei \u2013 Im Rahmen des Wissenschaftstages #4GenderStudies 2023 l\u00e4dt das Margherita-von-Brentano-Zentrum zu einem Kinoabend ein. In der Dokumentation FEMINISM WTF beleuchten Geschlechterforscher*innen und weitere queer-feministische Expert*innen aktuelle Debatten wie intersektionalen Feminismus, Machtverh\u00e4ltnisse, unbezahlte Carearbeit und Klimaaktivismus aus natur- und sozialwissenschaftlichen Perspektiven.<\/p>\n","protected":false},"author":7120,"featured_media":6637,"comment_status":"open","ping_status":"open","sticky":false,"template":"","format":"standard","meta":{"footnotes":""},"categories":[428608],"tags":[433674,57446,303556],"class_list":["post-7550","post","type-post","status-publish","format-standard","has-post-thumbnail","hentry","category-informiert","tag-genderkompetenz","tag-geschlechterforschung","tag-intersektionalitaet"],"_links":{"self":[{"href":"https:\/\/blogs.fu-berlin.de\/frauenbeauftragte\/wp-json\/wp\/v2\/posts\/7550","targetHints":{"allow":["GET"]}}],"collection":[{"href":"https:\/\/blogs.fu-berlin.de\/frauenbeauftragte\/wp-json\/wp\/v2\/posts"}],"about":[{"href":"https:\/\/blogs.fu-berlin.de\/frauenbeauftragte\/wp-json\/wp\/v2\/types\/post"}],"author":[{"embeddable":true,"href":"https:\/\/blogs.fu-berlin.de\/frauenbeauftragte\/wp-json\/wp\/v2\/users\/7120"}],"replies":[{"embeddable":true,"href":"https:\/\/blogs.fu-berlin.de\/frauenbeauftragte\/wp-json\/wp\/v2\/comments?post=7550"}],"version-history":[{"count":19,"href":"https:\/\/blogs.fu-berlin.de\/frauenbeauftragte\/wp-json\/wp\/v2\/posts\/7550\/revisions"}],"predecessor-version":[{"id":7677,"href":"https:\/\/blogs.fu-berlin.de\/frauenbeauftragte\/wp-json\/wp\/v2\/posts\/7550\/revisions\/7677"}],"wp:featuredmedia":[{"embeddable":true,"href":"https:\/\/blogs.fu-berlin.de\/frauenbeauftragte\/wp-json\/wp\/v2\/media\/6637"}],"wp:attachment":[{"href":"https:\/\/blogs.fu-berlin.de\/frauenbeauftragte\/wp-json\/wp\/v2\/media?parent=7550"}],"wp:term":[{"taxonomy":"category","embeddable":true,"href":"https:\/\/blogs.fu-berlin.de\/frauenbeauftragte\/wp-json\/wp\/v2\/categories?post=7550"},{"taxonomy":"post_tag","embeddable":true,"href":"https:\/\/blogs.fu-berlin.de\/frauenbeauftragte\/wp-json\/wp\/v2\/tags?post=7550"}],"curies":[{"name":"wp","href":"https:\/\/api.w.org\/{rel}","templated":true}]}}