{"id":761,"date":"2021-11-26T13:00:00","date_gmt":"2021-11-26T12:00:00","guid":{"rendered":"https:\/\/blogs.fu-berlin.de\/frauenbeauftragte\/?p=761"},"modified":"2024-08-27T10:03:38","modified_gmt":"2024-08-27T08:03:38","slug":"bildergalerie-so-war-die-demo-am-25-11","status":"publish","type":"post","link":"https:\/\/blogs.fu-berlin.de\/frauenbeauftragte\/2021\/11\/26\/bildergalerie-so-war-die-demo-am-25-11\/","title":{"rendered":"Bildergalerie: So war die Demo am 25.11."},"content":{"rendered":"\n<div class=\"wp-block-media-text alignwide is-stacked-on-mobile\"><figure class=\"wp-block-media-text__media\"><img loading=\"lazy\" decoding=\"async\" width=\"1024\" height=\"684\" src=\"https:\/\/blogs.fu-berlin.de\/frauenbeauftragte\/files\/2024\/08\/G7_quer-1-scaled-e1637929243261-1024x684_quelle.jpg\" alt=\"\" class=\"wp-image-9318 size-full\" srcset=\"https:\/\/blogs.fu-berlin.de\/frauenbeauftragte\/files\/2024\/08\/G7_quer-1-scaled-e1637929243261-1024x684_quelle.jpg 1024w, https:\/\/blogs.fu-berlin.de\/frauenbeauftragte\/files\/2024\/08\/G7_quer-1-scaled-e1637929243261-1024x684_quelle-300x200.jpg 300w, https:\/\/blogs.fu-berlin.de\/frauenbeauftragte\/files\/2024\/08\/G7_quer-1-scaled-e1637929243261-1024x684_quelle-768x513.jpg 768w\" sizes=\"auto, (max-width: 709px) 85vw, (max-width: 909px) 67vw, (max-width: 1362px) 62vw, 840px\" \/><\/figure><div class=\"wp-block-media-text__content\">\n<p>Am 25.11. machten Dutzende Frauen*organisationen, feministische Pr\u00e4ventions- und Betreuungsnetzwerke auf Gewalt gegen Frauen*, M\u00e4dchen und queere Menschen aufmerksam. Bei der Veranstaltung vor dem Roten Rathaus protestierten sie au\u00dferdem gegen die unsichere finanzielle Lage vieler Einrichtungen.  Das Team Zentrale Frauenbeauftragte war mit der Kamera dabei.<\/p>\n\n\n\n<!--more-->\n<\/div><\/div>\n\n\n\n<p class=\"has-medium-font-size\">&#8222;Keine K\u00fcrzung, mehr Unterst\u00fctzung!&#8220;<\/p>\n\n\n\n<p>Die Sprechch\u00f6re der Demonstration sind am Bahnsteig der U-Bahn noch klar zu h\u00f6ren. Weit mehr als 100 Personen protestierten am Donnerstag unter dem Motto &#8222;Gleichstellung und Gewaltschutz in Berlin &#8211; aber sicher!&#8220; gegen Gewalt an Frauen und M\u00e4dchen. Aufgerufen haben dazu das <a rel=\"noreferrer noopener\" href=\"https:\/\/www.berlinerfrauennetzwerk.de\/\" target=\"_blank\">Berliner Frauennetzwerk (bfn)<\/a>, ihnen verbundene Organisationen sowie die <a rel=\"noreferrer noopener\" href=\"https:\/\/www.berlin.de\/lag\/gleichstellungs-frauenbeauftragte\/\" target=\"_blank\">Gleichstellungsbeauftragten des Landes Berlin<\/a>. Die Einrichtungen haben ganz unterschiedliche Schwerpunkten: Sie beraten gefl\u00fcchtete Frauen, Frauen mit Behinderungen, LGBTQ, sie helfen Betroffenen aus gewaltt\u00e4tigen Partnerschaften oder kl\u00e4ren Kinder auf. <\/p>\n\n\n\n<figure class=\"wp-block-gallery has-nested-images columns-2 is-cropped wp-block-gallery-1 is-layout-flex wp-block-gallery-is-layout-flex\">\n<figure class=\"wp-block-image size-full\"><img loading=\"lazy\" decoding=\"async\" width=\"2560\" height=\"1920\" data-id=\"779\" src=\"https:\/\/blogs.fu-berlin.de\/frauenbeauftragte\/files\/2021\/11\/G3_quer-1-scaled.jpg\" alt=\"\" class=\"wp-image-779\" srcset=\"https:\/\/blogs.fu-berlin.de\/frauenbeauftragte\/files\/2021\/11\/G3_quer-1-scaled.jpg 2560w, https:\/\/blogs.fu-berlin.de\/frauenbeauftragte\/files\/2021\/11\/G3_quer-1-300x225.jpg 300w, https:\/\/blogs.fu-berlin.de\/frauenbeauftragte\/files\/2021\/11\/G3_quer-1-1024x768.jpg 1024w, https:\/\/blogs.fu-berlin.de\/frauenbeauftragte\/files\/2021\/11\/G3_quer-1-768x576.jpg 768w, https:\/\/blogs.fu-berlin.de\/frauenbeauftragte\/files\/2021\/11\/G3_quer-1-1536x1152.jpg 1536w, https:\/\/blogs.fu-berlin.de\/frauenbeauftragte\/files\/2021\/11\/G3_quer-1-2048x1536.jpg 2048w, https:\/\/blogs.fu-berlin.de\/frauenbeauftragte\/files\/2021\/11\/G3_quer-1-1200x900.jpg 1200w\" sizes=\"auto, (max-width: 709px) 85vw, (max-width: 909px) 67vw, (max-width: 1362px) 62vw, 840px\" \/><\/figure>\n\n\n\n<figure class=\"wp-block-image size-large\"><img loading=\"lazy\" decoding=\"async\" width=\"1024\" height=\"768\" data-id=\"773\" src=\"https:\/\/blogs.fu-berlin.de\/frauenbeauftragte\/files\/2021\/11\/G8_quer-1-1024x768.jpg\" alt=\"\" class=\"wp-image-773\" srcset=\"https:\/\/blogs.fu-berlin.de\/frauenbeauftragte\/files\/2021\/11\/G8_quer-1-1024x768.jpg 1024w, https:\/\/blogs.fu-berlin.de\/frauenbeauftragte\/files\/2021\/11\/G8_quer-1-300x225.jpg 300w, https:\/\/blogs.fu-berlin.de\/frauenbeauftragte\/files\/2021\/11\/G8_quer-1-768x576.jpg 768w, https:\/\/blogs.fu-berlin.de\/frauenbeauftragte\/files\/2021\/11\/G8_quer-1-1536x1152.jpg 1536w, https:\/\/blogs.fu-berlin.de\/frauenbeauftragte\/files\/2021\/11\/G8_quer-1-2048x1536.jpg 2048w, https:\/\/blogs.fu-berlin.de\/frauenbeauftragte\/files\/2021\/11\/G8_quer-1-1200x900.jpg 1200w\" sizes=\"auto, (max-width: 709px) 85vw, (max-width: 909px) 67vw, (max-width: 1362px) 62vw, 840px\" \/><\/figure>\n<figcaption class=\"blocks-gallery-caption\">Quelle: Susanne Romanowski<\/figcaption><\/figure>\n\n\n\n<p>Viele von ihnen werden durch das Land Berlin gef\u00f6rdert. Das Problem: Oft wissen sie nicht, wie lange noch. Auf der Demo machten die Vertreter*innen der Einrichtungen und ihre Unterst\u00fctzer*innen ihrem \u00c4rger Luft: mit Musik, Redebeitr\u00e4gen, Sprechch\u00f6ren und bunten Plakaten.<\/p>\n\n\n\n<p>Mit dem Haushaltsentwurf f\u00fcr 2022\/23 wurde bekannt, dass der Berliner Senat vorgesehen hatte, die <a rel=\"noreferrer noopener\" href=\"https:\/\/taz.de\/Feministische-Projekte-in-Berlin\/!5806007\/\" target=\"_blank\">Mittel f\u00fcr feministische Projekte massiv zu k\u00fcrzen<\/a>. Darunter waren auch<a href=\"https:\/\/www.fu-berlin.de\/sites\/nein-heisst-nein\/NEU_Anlaufstellen\/index.html\" target=\"_blank\" rel=\"noreferrer noopener\"> Gewaltschutzprojekte, auf die die AG SBDG (gegen Sexualisierte Bel\u00e4stigung, Diskriminierung und Gewalt) der FU<\/a> verweist: die <a rel=\"noreferrer noopener\" href=\"https:\/\/www.big-hotline.de\/node\/53\" target=\"_blank\">BIG-Hotline<\/a>, die Betroffene von Partnerschaftsgewalt ber\u00e4t, das <a rel=\"noreferrer noopener\" href=\"https:\/\/www.frieda-frauenzentrum.de\/\" target=\"_blank\">FRIEDA-Beratungszentrum f\u00fcr Frauen*<\/a> mit besonderer Expertise zu digitaler Gewalt, und <a rel=\"noreferrer noopener\" href=\"https:\/\/lara-berlin.de\/home\" target=\"_blank\">LARA e.V.<\/a>, das au\u00dferdem eine mobile Beratung f\u00fcr gefl\u00fcchtete Frauen anbietet. Nach massiven Protesten wurde die Ank\u00fcndigung zwar zur\u00fcckgenommen und eine \u00dcbergangsl\u00f6sung vereinbart. <\/p>\n\n\n\n<figure class=\"wp-block-gallery has-nested-images columns-default is-cropped wp-block-gallery-2 is-layout-flex wp-block-gallery-is-layout-flex\">\n<figure class=\"wp-block-image size-large\"><img loading=\"lazy\" decoding=\"async\" width=\"768\" height=\"1024\" data-id=\"781\" src=\"https:\/\/blogs.fu-berlin.de\/frauenbeauftragte\/files\/2021\/11\/G5_hoch-768x1024.jpg\" alt=\"\" class=\"wp-image-781\" srcset=\"https:\/\/blogs.fu-berlin.de\/frauenbeauftragte\/files\/2021\/11\/G5_hoch-768x1024.jpg 768w, https:\/\/blogs.fu-berlin.de\/frauenbeauftragte\/files\/2021\/11\/G5_hoch-225x300.jpg 225w, https:\/\/blogs.fu-berlin.de\/frauenbeauftragte\/files\/2021\/11\/G5_hoch-1152x1536.jpg 1152w, https:\/\/blogs.fu-berlin.de\/frauenbeauftragte\/files\/2021\/11\/G5_hoch-1536x2048.jpg 1536w, https:\/\/blogs.fu-berlin.de\/frauenbeauftragte\/files\/2021\/11\/G5_hoch-1200x1600.jpg 1200w, https:\/\/blogs.fu-berlin.de\/frauenbeauftragte\/files\/2021\/11\/G5_hoch-scaled.jpg 1920w\" sizes=\"auto, (max-width: 709px) 85vw, (max-width: 909px) 67vw, (max-width: 984px) 61vw, (max-width: 1362px) 45vw, 600px\" \/><\/figure>\n\n\n\n<figure class=\"wp-block-image size-large\"><img loading=\"lazy\" decoding=\"async\" width=\"768\" height=\"1024\" data-id=\"782\" src=\"https:\/\/blogs.fu-berlin.de\/frauenbeauftragte\/files\/2021\/11\/G6_hoch-768x1024.jpg\" alt=\"\" class=\"wp-image-782\" srcset=\"https:\/\/blogs.fu-berlin.de\/frauenbeauftragte\/files\/2021\/11\/G6_hoch-768x1024.jpg 768w, https:\/\/blogs.fu-berlin.de\/frauenbeauftragte\/files\/2021\/11\/G6_hoch-225x300.jpg 225w, https:\/\/blogs.fu-berlin.de\/frauenbeauftragte\/files\/2021\/11\/G6_hoch-1152x1536.jpg 1152w, https:\/\/blogs.fu-berlin.de\/frauenbeauftragte\/files\/2021\/11\/G6_hoch-1536x2048.jpg 1536w, https:\/\/blogs.fu-berlin.de\/frauenbeauftragte\/files\/2021\/11\/G6_hoch-1200x1600.jpg 1200w, https:\/\/blogs.fu-berlin.de\/frauenbeauftragte\/files\/2021\/11\/G6_hoch-scaled.jpg 1920w\" sizes=\"auto, (max-width: 709px) 85vw, (max-width: 909px) 67vw, (max-width: 984px) 61vw, (max-width: 1362px) 45vw, 600px\" \/><\/figure>\n<figcaption class=\"blocks-gallery-caption\">Quelle: Susanne Romanowski<\/figcaption><\/figure>\n\n\n\n<p>Finanzielle Sicherheit bedeutet dies f\u00fcr die Einrichtungen jedoch noch nicht. Eine langfristige Planung und bedarfsgerechte Betreuung sei so nicht m\u00f6glich, beklagen die Organisationen. Unter dem Namen &#8222;Femprojekte sichern&#8220; b\u00fcndeln die Gruppen ihre Interessen und Forderungen auf <a rel=\"noreferrer noopener\" href=\"https:\/\/www.instagram.com\/FemProjekteSichern\/\" target=\"_blank\">Instagram <\/a>und <a rel=\"noreferrer noopener\" href=\"https:\/\/twitter.com\/femprojekte\" target=\"_blank\">Twitter<\/a>. Zusammengefasst sind sie im <a rel=\"noreferrer noopener\" href=\"https:\/\/www.frieda-frauenzentrum.de\/wp-content\/uploads\/2021\/09\/FemProjekteSichern_OffenerBrief.pdf\" target=\"_blank\">offenen Brief des bfn<\/a> nachzulesen.<\/p>\n\n\n\n<p>W\u00e4hrend die langfristige Finanzierung feministischer Projekte noch unsicher ist, bleibt eines traurige Realit\u00e4t: Gewalt gegen Frauen und M\u00e4dchen ist ein zentrales gesellschaftliches Problem, das sich im Zuge der Pandemie noch versch\u00e4rft haben k\u00f6nnte. Laut <a rel=\"noreferrer noopener\" href=\"https:\/\/www.bka.de\/SharedDocs\/Downloads\/DE\/Publikationen\/JahresberichteUndLagebilder\/Partnerschaftsgewalt\/Partnerschaftsgewalt_2020.html;jsessionid=71BC9F7181F2F34207678CB5E943DBE2.live292?nn=63476\" target=\"_blank\">Bundeskriminalamt (BKA)<\/a> ist die Zahl der F\u00e4lle von Partnerschaftsgewalt im letzten Jahr um 4,9 Prozent gestiegen, auf 146.655. Mehr als 80 Prozent der Betroffenen sind Frauen.<\/p>\n\n\n\n<figure class=\"wp-block-gallery has-nested-images columns-default is-cropped wp-block-gallery-3 is-layout-flex wp-block-gallery-is-layout-flex\">\n<figure class=\"wp-block-image size-large\"><img loading=\"lazy\" decoding=\"async\" width=\"768\" height=\"1024\" data-id=\"785\" src=\"https:\/\/blogs.fu-berlin.de\/frauenbeauftragte\/files\/2021\/11\/G9_hoch-768x1024.jpg\" alt=\"\" class=\"wp-image-785\" srcset=\"https:\/\/blogs.fu-berlin.de\/frauenbeauftragte\/files\/2021\/11\/G9_hoch-768x1024.jpg 768w, https:\/\/blogs.fu-berlin.de\/frauenbeauftragte\/files\/2021\/11\/G9_hoch-225x300.jpg 225w, https:\/\/blogs.fu-berlin.de\/frauenbeauftragte\/files\/2021\/11\/G9_hoch-1152x1536.jpg 1152w, https:\/\/blogs.fu-berlin.de\/frauenbeauftragte\/files\/2021\/11\/G9_hoch-1536x2048.jpg 1536w, https:\/\/blogs.fu-berlin.de\/frauenbeauftragte\/files\/2021\/11\/G9_hoch-1200x1600.jpg 1200w, https:\/\/blogs.fu-berlin.de\/frauenbeauftragte\/files\/2021\/11\/G9_hoch-scaled.jpg 1920w\" sizes=\"auto, (max-width: 709px) 85vw, (max-width: 909px) 67vw, (max-width: 984px) 61vw, (max-width: 1362px) 45vw, 600px\" \/><\/figure>\n\n\n\n<figure class=\"wp-block-image size-large\"><img loading=\"lazy\" decoding=\"async\" width=\"768\" height=\"1024\" data-id=\"780\" src=\"https:\/\/blogs.fu-berlin.de\/frauenbeauftragte\/files\/2021\/11\/G4_hoch-768x1024.jpg\" alt=\"\" class=\"wp-image-780\" srcset=\"https:\/\/blogs.fu-berlin.de\/frauenbeauftragte\/files\/2021\/11\/G4_hoch-768x1024.jpg 768w, https:\/\/blogs.fu-berlin.de\/frauenbeauftragte\/files\/2021\/11\/G4_hoch-225x300.jpg 225w, https:\/\/blogs.fu-berlin.de\/frauenbeauftragte\/files\/2021\/11\/G4_hoch-1152x1536.jpg 1152w, https:\/\/blogs.fu-berlin.de\/frauenbeauftragte\/files\/2021\/11\/G4_hoch-1536x2048.jpg 1536w, https:\/\/blogs.fu-berlin.de\/frauenbeauftragte\/files\/2021\/11\/G4_hoch-1200x1600.jpg 1200w, https:\/\/blogs.fu-berlin.de\/frauenbeauftragte\/files\/2021\/11\/G4_hoch-scaled.jpg 1920w\" sizes=\"auto, (max-width: 709px) 85vw, (max-width: 909px) 67vw, (max-width: 984px) 61vw, (max-width: 1362px) 45vw, 600px\" \/><\/figure>\n\n\n\n<figure class=\"wp-block-image size-large\"><img loading=\"lazy\" decoding=\"async\" width=\"1024\" height=\"768\" data-id=\"770\" src=\"https:\/\/blogs.fu-berlin.de\/frauenbeauftragte\/files\/2021\/11\/G13_quer-1024x768.jpg\" alt=\"\" class=\"wp-image-770\" srcset=\"https:\/\/blogs.fu-berlin.de\/frauenbeauftragte\/files\/2021\/11\/G13_quer-1024x768.jpg 1024w, https:\/\/blogs.fu-berlin.de\/frauenbeauftragte\/files\/2021\/11\/G13_quer-300x225.jpg 300w, https:\/\/blogs.fu-berlin.de\/frauenbeauftragte\/files\/2021\/11\/G13_quer-768x576.jpg 768w, https:\/\/blogs.fu-berlin.de\/frauenbeauftragte\/files\/2021\/11\/G13_quer-1536x1152.jpg 1536w, https:\/\/blogs.fu-berlin.de\/frauenbeauftragte\/files\/2021\/11\/G13_quer-2048x1536.jpg 2048w, https:\/\/blogs.fu-berlin.de\/frauenbeauftragte\/files\/2021\/11\/G13_quer-1200x900.jpg 1200w\" sizes=\"auto, (max-width: 709px) 85vw, (max-width: 909px) 67vw, (max-width: 1362px) 62vw, 840px\" \/><\/figure>\n<figcaption class=\"blocks-gallery-caption\">Quelle: Susanne Romanowski<\/figcaption><\/figure>\n\n\n\n<p>Allerdings gibt diese Statistik nur die gemeldeten F\u00e4lle an. \u00dcber die Gewalttaten, die nicht angezeigt werden, gibt sie keine Auskunft. Wie gro\u00df dieses sogenannte Dunkelfeld ist, wei\u00df niemand. Dass es die Zahl der gemeldeten F\u00e4lle deutlich \u00fcbersteigt, gilt allerdings als Konsens. Die Angst, gegen einen gewaltt\u00e4tigen Partner vorzugehen und das Beziehungsende anzustreben, ist immer noch gro\u00df. Leider aus gutem Grund: Die Trennungsphase gilt als besonderes gef\u00e4hrlich, wie die Juristin Ursula Schneider in einem <a rel=\"noreferrer noopener\" href=\"https:\/\/www.nomos-elibrary.de\/10.5771\/1866-377X-2015-1-20\/der-haustyrann-und-die-reform-der-toetungsdelikte-jahrgang-18-2015-heft-1?page=0\" target=\"_blank\">Beitrag zu T\u00f6tungsdelikten aus geschlechtsspezifischer Sicht <\/a>dargelegt hat. <\/p>\n\n\n\n<p>Gewaltschutzprojekte beraten und betreuen nicht nur niedrigschwellig Betroffene, damit diese sich so sicher wie m\u00f6glich aus gewaltt\u00e4tigen Beziehungen befreien k\u00f6nnen. Sie leisten au\u00dferdem Pr\u00e4ventionsarbeit und kl\u00e4ren dar\u00fcber auf, wie Gewalt \u00fcberhaupt erkannt werden kann. Eine sichere, bedarfsgerechte Finanzierung dieser Initiativen ist essenziell, um diese wichtige Arbeit fortzusetzen und Gewalt gegen Frauen und M\u00e4dchen effektiv zu bek\u00e4mpfen.<\/p>\n","protected":false},"excerpt":{"rendered":"<p>Am 25.11. machten Dutzende Frauen*organisationen, feministische Pr\u00e4ventions- und Betreuungsnetzwerke auf Gewalt gegen Frauen*, M\u00e4dchen und queere Menschen aufmerksam. Bei der Veranstaltung vor dem Roten Rathaus protestierten sie au\u00dferdem gegen die unsichere finanzielle Lage vieler Einrichtungen. Das Team Zentrale Frauenbeauftragte war mit der Kamera dabei.<\/p>\n","protected":false},"author":3953,"featured_media":9318,"comment_status":"open","ping_status":"open","sticky":false,"template":"","format":"standard","meta":{"footnotes":""},"categories":[603],"tags":[433140,433454,433967],"class_list":["post-761","post","type-post","status-publish","format-standard","has-post-thumbnail","hentry","category-vorgestellt","tag-sbdg","tag-gleichstellungspolitik","tag-nomeansno"],"_links":{"self":[{"href":"https:\/\/blogs.fu-berlin.de\/frauenbeauftragte\/wp-json\/wp\/v2\/posts\/761","targetHints":{"allow":["GET"]}}],"collection":[{"href":"https:\/\/blogs.fu-berlin.de\/frauenbeauftragte\/wp-json\/wp\/v2\/posts"}],"about":[{"href":"https:\/\/blogs.fu-berlin.de\/frauenbeauftragte\/wp-json\/wp\/v2\/types\/post"}],"author":[{"embeddable":true,"href":"https:\/\/blogs.fu-berlin.de\/frauenbeauftragte\/wp-json\/wp\/v2\/users\/3953"}],"replies":[{"embeddable":true,"href":"https:\/\/blogs.fu-berlin.de\/frauenbeauftragte\/wp-json\/wp\/v2\/comments?post=761"}],"version-history":[{"count":36,"href":"https:\/\/blogs.fu-berlin.de\/frauenbeauftragte\/wp-json\/wp\/v2\/posts\/761\/revisions"}],"predecessor-version":[{"id":9319,"href":"https:\/\/blogs.fu-berlin.de\/frauenbeauftragte\/wp-json\/wp\/v2\/posts\/761\/revisions\/9319"}],"wp:featuredmedia":[{"embeddable":true,"href":"https:\/\/blogs.fu-berlin.de\/frauenbeauftragte\/wp-json\/wp\/v2\/media\/9318"}],"wp:attachment":[{"href":"https:\/\/blogs.fu-berlin.de\/frauenbeauftragte\/wp-json\/wp\/v2\/media?parent=761"}],"wp:term":[{"taxonomy":"category","embeddable":true,"href":"https:\/\/blogs.fu-berlin.de\/frauenbeauftragte\/wp-json\/wp\/v2\/categories?post=761"},{"taxonomy":"post_tag","embeddable":true,"href":"https:\/\/blogs.fu-berlin.de\/frauenbeauftragte\/wp-json\/wp\/v2\/tags?post=761"}],"curies":[{"name":"wp","href":"https:\/\/api.w.org\/{rel}","templated":true}]}}