{"id":7678,"date":"2024-01-17T15:58:48","date_gmt":"2024-01-17T14:58:48","guid":{"rendered":"https:\/\/blogs.fu-berlin.de\/frauenbeauftragte\/?p=7678"},"modified":"2024-01-19T12:30:02","modified_gmt":"2024-01-19T11:30:02","slug":"wir-freuen-uns-auf-ihre-bewerbung-2","status":"publish","type":"post","link":"https:\/\/blogs.fu-berlin.de\/frauenbeauftragte\/2024\/01\/17\/wir-freuen-uns-auf-ihre-bewerbung-2\/","title":{"rendered":"Wir freuen uns auf Ihre Bewerbung!"},"content":{"rendered":"\n<div class=\"wp-block-media-text alignwide is-stacked-on-mobile\"><figure class=\"wp-block-media-text__media\"><img loading=\"lazy\" decoding=\"async\" width=\"877\" height=\"433\" src=\"https:\/\/blogs.fu-berlin.de\/frauenbeauftragte\/files\/2022\/05\/Frauenbeauftragte_Logo_RGB.jpg\" alt=\"\" class=\"wp-image-2353 size-full\" srcset=\"https:\/\/blogs.fu-berlin.de\/frauenbeauftragte\/files\/2022\/05\/Frauenbeauftragte_Logo_RGB.jpg 877w, https:\/\/blogs.fu-berlin.de\/frauenbeauftragte\/files\/2022\/05\/Frauenbeauftragte_Logo_RGB-300x148.jpg 300w, https:\/\/blogs.fu-berlin.de\/frauenbeauftragte\/files\/2022\/05\/Frauenbeauftragte_Logo_RGB-768x379.jpg 768w\" sizes=\"auto, (max-width: 709px) 85vw, (max-width: 909px) 67vw, (max-width: 1362px) 62vw, 840px\" \/><\/figure><div class=\"wp-block-media-text__content\">\n<p><strong>Mitarbeiter*in gesucht | Bewerbungsfrist: 29.01.2024 \u2013<\/strong> Sie interessieren sich f\u00fcr Gleichstellung und Geschlechtergerechtigkeit und w\u00fcrden gerne in diesem Bereich arbeiten? Dann bewerben Sie sich beim <a rel=\"noreferrer noopener\" href=\"https:\/\/www.fu-berlin.de\/sites\/frauenbeauftragte\/\" target=\"_blank\">Team Zentrale Frauenbeauftragte<\/a>. Gesucht wird Unterst\u00fctzung  f\u00fcr das Weiterbildungsprogramm FUTURA und f\u00fcr die Gesch\u00e4ftsstelle der AG Gegen Sexualisierte Bel\u00e4stigung, Diskriminierung und Gewalt. <\/p>\n\n\n\n<!--more-->\n<\/div><\/div>\n\n\n\n<p>Das Team Zentrale Frauenbeauftragte sucht eine*n Mitarbeiter*in f\u00fcr eine unbefristete E 3-Stelle, die das Team bei der Organisation des Weiterbildungsprogramms <a rel=\"noreferrer noopener\" href=\"https:\/\/www.fu-berlin.de\/sites\/frauenbeauftragte\/angebote\/FUTURA\/index.html\" target=\"_blank\">FUTURA<\/a> und den Aufgaben der Gesch\u00e4ftsstelle der<a rel=\"noreferrer noopener\" href=\"https:\/\/www.fu-berlin.de\/sites\/nein-heisst-nein\/kontakt\/index.html\" target=\"_blank\"> AG Gegen Sexualisierte Bel\u00e4stigung, Diskriminierung und Gewalt<\/a> (SBDG) unterst\u00fctzt. Die T\u00e4tigkeit bietet die M\u00f6glichkeit, einen Einblick in verschiedene Bereiche der hochschulischen Gleichstellungsarbeit zu gewinnen.<\/p>\n\n\n\n<p>Erw\u00fcnscht sind:<\/p>\n\n\n\n<ul class=\"wp-block-list\"><li>Interesse an gleichstellungspolitischen Fragestellungen<\/li><li>Interesse an der Koordination von Beratungen zum Thema Sexualisierte Bel\u00e4stigung, Diskriminierung und Gewalt (SBDG)<\/li><li>soziale Kompetenz im Umgang mit Gender- und Diversity-Themen<\/li><li>Organisationsgeschick<\/li><li>gute PC-Kenntnisse<\/li><li>sehr gute Deutsch- und Englischkenntnisse<\/li><li>Kommunikations- und Teamkompetenz<\/li><\/ul>\n\n\n\n<p>Eine detaillierte Aufgabenbeschreibung finden Sie in der <a rel=\"noreferrer noopener\" href=\"https:\/\/www.fu-berlin.de\/universitaet\/beruf-karriere\/jobs\/nichtwiss\/98_sonstige-bereiche\/SO-Beschaeft_Team_F_2024.html\" data-type=\"URL\" data-id=\"https:\/\/www.fu-berlin.de\/universitaet\/beruf-karriere\/jobs\/nichtwiss\/98_sonstige-bereiche\/SO-Beschaeft_Team_F_2024.html\" target=\"_blank\">Stellenausschreibung Besch\u00e4ft_Team_F_2024<\/a>. <br>Die Bewerbung von Studierenden ist ausdr\u00fccklich erw\u00fcnscht. Die Bewerbungsfrist endet am <strong>29.01.2024.<\/strong><\/p>\n\n\n\n<p><strong>Bewerbungen<\/strong> unter Angabe der Kennung an: <a rel=\"noreferrer noopener\" href=\"mailto:bewerbung@frauenbeauftragte.fu-berlin.de\" target=\"_blank\">bewerbung@frauenbeauftragte.fu-berlin.de<\/a><\/p>\n\n\n\n<p>Fragen beantwortet<strong> Dr. Corinna Tomberger<\/strong><\/p>\n\n\n\n<ul class=\"wp-block-list\"><li><strong>E-Mail:<\/strong> <a rel=\"noreferrer noopener\" href=\"mailto:frauenbeauftragte@fu-berlin.de\" target=\"_blank\">frauenbeauftragte@fu-berlin.de<\/a><\/li><li> <strong>Telefon: <\/strong>+49 30 838 54259<\/li><\/ul>\n\n\n\n<hr class=\"wp-block-separator has-alpha-channel-opacity\" \/>\n","protected":false},"excerpt":{"rendered":"<p>Mitarbeiter*in gesucht | Bewerbungsfrist: 29.01.2024 \u2013 Sie interessieren sich f\u00fcr Gleichstellung und Geschlechtergerechtigkeit und w\u00fcrden gerne in diesem Bereich arbeiten? Dann bewerben Sie sich beim Team Zentrale Frauenbeauftragte. Gesucht wird Unterst\u00fctzung f\u00fcr das Weiterbildungsprogramm FUTURA und f\u00fcr die Gesch\u00e4ftsstelle der AG Gegen Sexualisierte Bel\u00e4stigung, Diskriminierung und Gewalt.<\/p>\n","protected":false},"author":7923,"featured_media":2353,"comment_status":"open","ping_status":"open","sticky":false,"template":"","format":"standard","meta":{"footnotes":""},"categories":[428608],"tags":[437402],"class_list":["post-7678","post","type-post","status-publish","format-standard","has-post-thumbnail","hentry","category-informiert","tag-frauenbeauftragte"],"_links":{"self":[{"href":"https:\/\/blogs.fu-berlin.de\/frauenbeauftragte\/wp-json\/wp\/v2\/posts\/7678","targetHints":{"allow":["GET"]}}],"collection":[{"href":"https:\/\/blogs.fu-berlin.de\/frauenbeauftragte\/wp-json\/wp\/v2\/posts"}],"about":[{"href":"https:\/\/blogs.fu-berlin.de\/frauenbeauftragte\/wp-json\/wp\/v2\/types\/post"}],"author":[{"embeddable":true,"href":"https:\/\/blogs.fu-berlin.de\/frauenbeauftragte\/wp-json\/wp\/v2\/users\/7923"}],"replies":[{"embeddable":true,"href":"https:\/\/blogs.fu-berlin.de\/frauenbeauftragte\/wp-json\/wp\/v2\/comments?post=7678"}],"version-history":[{"count":35,"href":"https:\/\/blogs.fu-berlin.de\/frauenbeauftragte\/wp-json\/wp\/v2\/posts\/7678\/revisions"}],"predecessor-version":[{"id":7810,"href":"https:\/\/blogs.fu-berlin.de\/frauenbeauftragte\/wp-json\/wp\/v2\/posts\/7678\/revisions\/7810"}],"wp:featuredmedia":[{"embeddable":true,"href":"https:\/\/blogs.fu-berlin.de\/frauenbeauftragte\/wp-json\/wp\/v2\/media\/2353"}],"wp:attachment":[{"href":"https:\/\/blogs.fu-berlin.de\/frauenbeauftragte\/wp-json\/wp\/v2\/media?parent=7678"}],"wp:term":[{"taxonomy":"category","embeddable":true,"href":"https:\/\/blogs.fu-berlin.de\/frauenbeauftragte\/wp-json\/wp\/v2\/categories?post=7678"},{"taxonomy":"post_tag","embeddable":true,"href":"https:\/\/blogs.fu-berlin.de\/frauenbeauftragte\/wp-json\/wp\/v2\/tags?post=7678"}],"curies":[{"name":"wp","href":"https:\/\/api.w.org\/{rel}","templated":true}]}}