{"id":7727,"date":"2024-01-12T00:00:00","date_gmt":"2024-01-11T23:00:00","guid":{"rendered":"https:\/\/blogs.fu-berlin.de\/frauenbeauftragte\/?p=7727"},"modified":"2025-11-13T11:39:16","modified_gmt":"2025-11-13T10:39:16","slug":"margherita-von-brentano-preis-2023-geht-an","status":"publish","type":"post","link":"https:\/\/blogs.fu-berlin.de\/frauenbeauftragte\/2024\/01\/12\/margherita-von-brentano-preis-2023-geht-an\/","title":{"rendered":"Margherita-von-Brentano-Preis  2023 geht an\u2026"},"content":{"rendered":"\n<div class=\"wp-block-media-text alignwide is-stacked-on-mobile\"><figure class=\"wp-block-media-text__media\"><img loading=\"lazy\" decoding=\"async\" width=\"1024\" height=\"683\" src=\"https:\/\/blogs.fu-berlin.de\/frauenbeauftragte\/files\/2024\/01\/Koreuber-Mechthild_Quelle-1024x683.jpg\" alt=\"\" class=\"wp-image-7745 size-full\" srcset=\"https:\/\/blogs.fu-berlin.de\/frauenbeauftragte\/files\/2024\/01\/Koreuber-Mechthild_Quelle-1024x683.jpg 1024w, https:\/\/blogs.fu-berlin.de\/frauenbeauftragte\/files\/2024\/01\/Koreuber-Mechthild_Quelle-300x200.jpg 300w, https:\/\/blogs.fu-berlin.de\/frauenbeauftragte\/files\/2024\/01\/Koreuber-Mechthild_Quelle-768x512.jpg 768w, https:\/\/blogs.fu-berlin.de\/frauenbeauftragte\/files\/2024\/01\/Koreuber-Mechthild_Quelle-1536x1024.jpg 1536w, https:\/\/blogs.fu-berlin.de\/frauenbeauftragte\/files\/2024\/01\/Koreuber-Mechthild_Quelle-1200x800.jpg 1200w, https:\/\/blogs.fu-berlin.de\/frauenbeauftragte\/files\/2024\/01\/Koreuber-Mechthild_Quelle.jpg 1860w\" sizes=\"auto, (max-width: 709px) 85vw, (max-width: 909px) 67vw, (max-width: 1362px) 62vw, 840px\" \/><\/figure><div class=\"wp-block-media-text__content\">\n<p><strong>Preisverleihung 23.01.2024 <strong>|<\/strong><\/strong> <strong>17:00-19:00 Uhr \u2013<\/strong> Dr. Mechthild Koreuber, langj\u00e4hrige zentrale Frauenbeauftragte der Freien Universit\u00e4t, erh\u00e4lt den Margherita-von-Brentano-Preis. Gew\u00fcrdigt wird damit ihr Engagement f\u00fcr mehr Geschlechtergerechtigkeit an der FU und weit dar\u00fcber hinaus. Die w\u00e4hrend ihrer Amtszeit (1999-2023) aufgebauten Gleichstellungstrukturen pr\u00e4gen die Universit\u00e4t bis heute.  Mit ihnen hat die Freie Universit\u00e4t bundesweit Standards gesetzt.<\/p>\n\n\n\n<!--more-->\n<\/div><\/div>\n\n\n\n<p>Mit dem <a rel=\"noreferrer noopener\" href=\"https:\/\/www.mvbz.fu-berlin.de\/ueber-uns\/ueber-margherita-von-brentano\/margherita-von-brentano-preis\/index.html\" target=\"_blank\">Margherita-von-Brentano-Preis<\/a> w\u00fcrdigt das Pr\u00e4sidium der Freien Universit\u00e4t alle zwei Jahre Pers\u00f6nlichkeiten oder Projekte f\u00fcr herausragende Leistungen in der Geschlechterforschung oder Gleichstellung. Die mit 15.000 Euro dotierte&nbsp;Auszeichnung z\u00e4hlt zu den h\u00f6chstdotierten Frauenf\u00f6rderpreisen in Deutschland.<\/p>\n\n\n\n<p class=\"has-medium-font-size\">Preistr\u00e4gerin und Programm <\/p>\n\n\n\n<p>Im Rahmen einer Festveranstaltung am 23. Januar 2024 im Henry-Ford-Bau erh\u00e4lt Dr. Mechthild Koreuber den Margherita-von-Brentano-Preis 2023. <\/p>\n\n\n\n<p>Die Mathematikhistorikerin war von April 1999 bis Mitte April 2023 zentrale Frauenbeauftragte der Freien Universit\u00e4t Berlin. Sie erh\u00e4lt die Auszeichnung unter anderem f\u00fcr ihre Initiative zur F\u00f6rderung der Geschlechterforschung in den MINT-F\u00e4chern und den Aufbau nachhaltiger Strukturen zum Schutz vor sexualisierter Diskriminierung, Bel\u00e4stigung und Gewalt an der Hochschule. W\u00e4hrend ihrer Amtszeit konnte der Frauenanteil bei Professuren an der Freien Universit\u00e4t deutlich gesteigert werden.<\/p>\n\n\n\n<hr class=\"wp-block-separator has-alpha-channel-opacity\" \/>\n\n\n\n<p class=\"has-medium-font-size\">Programm<\/p>\n\n\n\n<figure class=\"wp-block-table\"><table><tbody><tr><td><strong>Begr\u00fc\u00dfung<\/strong><\/td><td>Prof. Dr. G\u00fcnter M. Ziegler<br>Pr\u00e4sident der Freien Universit\u00e4t Berlin<\/td><\/tr><tr><td><strong>Gru\u00dfwort<\/strong><\/td><td>Dr. Ina Czyborra<br>Senatorin f\u00fcr Wissenschaft, Gesundheit und Pflege<\/td><\/tr><tr><td><strong>Laudationes<\/strong><\/td><td>Prof. Dr. h.c. Jutta Allmendinger, Ph.D.<br>Pr\u00e4sidentin des Wissenschaftszentrums Berlin f\u00fcr Sozialforschung<br><br>Andrea G\u00fcttner<br>Kanzlerin der Freien Universit\u00e4t Berlin (mdWdAb)<br><br>Prof. Dr. Ralf Kornhuber<br>Institut f\u00fcr Mathematik, Freie Universit\u00e4t Berlin<\/td><\/tr><tr><td><strong>Kurzfilm<\/strong><\/td><td>\u201eGespr\u00e4che mit Emmy Noether\u201c, portraittheater wien e.V.<\/td><\/tr><tr><td><strong>Preisverleihung<\/strong><\/td><td>Prof. Dr. Verena Blechinger-Talcott<br>Erste Vizepr\u00e4sidentin der Freien Universit\u00e4t Berlin<\/td><\/tr><tr><td><strong>Dankesworte<\/strong><\/td><td>Dr. Mechthild Koreuber<\/td><\/tr><tr><td><strong>Musikalische Umrahmung<\/strong><\/td><td>Prof. Maria Baptist<br>Hochschule f\u00fcr Musik Hanns Eisler Berlin<\/td><\/tr><tr><td><strong>Moderation<\/strong><\/td><td>Prof. Dr. Marianne Braig<br>Lateinamerika-Institut der Freien Universit\u00e4t Berlin<\/td><\/tr><tr><td><strong>Im Anschluss<\/strong><\/td><td>Empfang<\/td><\/tr><\/tbody><\/table><\/figure>\n\n\n\n<p class=\"has-medium-font-size\">Die Namensgeberin des Preises<\/p>\n\n\n\n<p>Margherita von Brentano promovierte 1948 bei Martin Heidegger und wurde 1971 Professorin am Institut f\u00fcr Philosophie der Freien Universit\u00e4t Berlin. 1970 wurde sie als erste Frau in das Amt der Vizepr\u00e4sidentin der Hochschule gew\u00e4hlt. Bereits zu Beginn der 1960er Jahre engagierte sie sich daf\u00fcr, die berufliche Diskriminierung von Frauen an Universit\u00e4ten und Forschungseinrichtungen zu \u00fcberwinden. In ihrem Gedenken wurde 1995 zum ersten Mal der <a rel=\"noreferrer noopener\" href=\"https:\/\/www.fu-berlin.de\/sites\/margherita-von-brentano\/\" target=\"_blank\">Margherita-von-Brentano-Preis<\/a> verliehen und seitdem viele <a rel=\"noreferrer noopener\" href=\"https:\/\/www.fu-berlin.de\/sites\/margherita-von-brentano\/preistraegerinnen\/index.html\" target=\"_blank\">Einzelpersonen und Projekte<\/a> f\u00fcr ihren herausragenden Einsatz f\u00fcr Frauenf\u00f6rderung und Gleichstellung ausgezeichnet. <\/p>\n\n\n\n<p class=\"has-medium-font-size\">Zeit &amp; Ort<\/p>\n\n\n\n<ul class=\"wp-block-list\"><li>Dienstag, 23.01.2024, 17:00 &#8211; 19:00 Uhr<\/li><li>Henry-Ford-Bau, H\u00f6rsaal A, Garystr. 35, 14195 Berlin<\/li><li>Um <a rel=\"noreferrer noopener\" href=\"https:\/\/ssl2.cms.fu-berlin.de\/mvbz\/ueber-uns\/ueber-margherita-von-brentano\/margherita-von-brentano-preis\/anmeldung_mvb-preisverleihung\/PM_anmeldung_mvb-preisverleihung_2023\/index.html\" target=\"_blank\">Anmeldung<\/a> wird gebeten bis zum 15. Januar 2024.<\/li><\/ul>\n\n\n\n<p class=\"has-medium-font-size\">Weitere Informationen<\/p>\n\n\n\n<p>Das Bewerbungsverfahren und die Preisverleihung werden seit 2017 vom&nbsp;<a rel=\"noreferrer noopener\" href=\"https:\/\/www.mvbz.fu-berlin.de\/\" target=\"_blank\">Margherita-von-Brentano-Zentrum<\/a>&nbsp;organisiert.<\/p>\n\n\n\n<p>Kontakt:&nbsp;<a rel=\"noreferrer noopener\" href=\"mailto:mvbz@fu-berlin.de\" target=\"_blank\">mvbz@fu-berlin.de<\/a> <\/p>\n\n\n\n<hr class=\"wp-block-separator has-alpha-channel-opacity\" \/>\n","protected":false},"excerpt":{"rendered":"<p>Preisverleihung 23.01.2024 | 17:00-19:00 Uhr \u2013 Dr. Mechthild Koreuber, langj\u00e4hrige zentrale Frauenbeauftragte der Freien Universit\u00e4t, erh\u00e4lt den Margherita-von-Brentano-Preis. Gew\u00fcrdigt wird damit ihr Engagement f\u00fcr mehr Geschlechtergerechtigkeit an der FU und weit dar\u00fcber hinaus. Die w\u00e4hrend ihrer Amtszeit (1999-2023) aufgebauten Gleichstellungstrukturen pr\u00e4gen die Universit\u00e4t bis heute. Mit ihnen hat die Freie Universit\u00e4t bundesweit Standards gesetzt.<\/p>\n","protected":false},"author":6410,"featured_media":7745,"comment_status":"open","ping_status":"open","sticky":false,"template":"","format":"standard","meta":{"footnotes":""},"categories":[428608],"tags":[301208,433454,57446,437402],"class_list":["post-7727","post","type-post","status-publish","format-standard","has-post-thumbnail","hentry","category-informiert","tag-frauenfoerderung","tag-gleichstellungspolitik","tag-geschlechterforschung","tag-frauenbeauftragte"],"_links":{"self":[{"href":"https:\/\/blogs.fu-berlin.de\/frauenbeauftragte\/wp-json\/wp\/v2\/posts\/7727","targetHints":{"allow":["GET"]}}],"collection":[{"href":"https:\/\/blogs.fu-berlin.de\/frauenbeauftragte\/wp-json\/wp\/v2\/posts"}],"about":[{"href":"https:\/\/blogs.fu-berlin.de\/frauenbeauftragte\/wp-json\/wp\/v2\/types\/post"}],"author":[{"embeddable":true,"href":"https:\/\/blogs.fu-berlin.de\/frauenbeauftragte\/wp-json\/wp\/v2\/users\/6410"}],"replies":[{"embeddable":true,"href":"https:\/\/blogs.fu-berlin.de\/frauenbeauftragte\/wp-json\/wp\/v2\/comments?post=7727"}],"version-history":[{"count":28,"href":"https:\/\/blogs.fu-berlin.de\/frauenbeauftragte\/wp-json\/wp\/v2\/posts\/7727\/revisions"}],"predecessor-version":[{"id":7769,"href":"https:\/\/blogs.fu-berlin.de\/frauenbeauftragte\/wp-json\/wp\/v2\/posts\/7727\/revisions\/7769"}],"wp:featuredmedia":[{"embeddable":true,"href":"https:\/\/blogs.fu-berlin.de\/frauenbeauftragte\/wp-json\/wp\/v2\/media\/7745"}],"wp:attachment":[{"href":"https:\/\/blogs.fu-berlin.de\/frauenbeauftragte\/wp-json\/wp\/v2\/media?parent=7727"}],"wp:term":[{"taxonomy":"category","embeddable":true,"href":"https:\/\/blogs.fu-berlin.de\/frauenbeauftragte\/wp-json\/wp\/v2\/categories?post=7727"},{"taxonomy":"post_tag","embeddable":true,"href":"https:\/\/blogs.fu-berlin.de\/frauenbeauftragte\/wp-json\/wp\/v2\/tags?post=7727"}],"curies":[{"name":"wp","href":"https:\/\/api.w.org\/{rel}","templated":true}]}}