{"id":7813,"date":"2024-01-24T13:45:25","date_gmt":"2024-01-24T12:45:25","guid":{"rendered":"https:\/\/blogs.fu-berlin.de\/frauenbeauftragte\/?p=7813"},"modified":"2024-08-27T10:38:07","modified_gmt":"2024-08-27T08:38:07","slug":"im-einsatz-fur-die-gleichstellung","status":"publish","type":"post","link":"https:\/\/blogs.fu-berlin.de\/frauenbeauftragte\/2024\/01\/24\/im-einsatz-fur-die-gleichstellung\/","title":{"rendered":"Im Einsatz f\u00fcr die Gleichstellung"},"content":{"rendered":"\n<div class=\"wp-block-media-text alignwide is-stacked-on-mobile\"><figure class=\"wp-block-media-text__media\"><img loading=\"lazy\" decoding=\"async\" width=\"1024\" height=\"683\" src=\"https:\/\/blogs.fu-berlin.de\/frauenbeauftragte\/files\/2024\/08\/S5205663-1024x683_quelle.jpg\" alt=\"\" class=\"wp-image-9345 size-full\" srcset=\"https:\/\/blogs.fu-berlin.de\/frauenbeauftragte\/files\/2024\/08\/S5205663-1024x683_quelle.jpg 1024w, https:\/\/blogs.fu-berlin.de\/frauenbeauftragte\/files\/2024\/08\/S5205663-1024x683_quelle-300x200.jpg 300w, https:\/\/blogs.fu-berlin.de\/frauenbeauftragte\/files\/2024\/08\/S5205663-1024x683_quelle-768x512.jpg 768w\" sizes=\"auto, (max-width: 709px) 85vw, (max-width: 909px) 67vw, (max-width: 1362px) 62vw, 840px\" \/><\/figure><div class=\"wp-block-media-text__content\">\n<p>Am 30. Januar 2024 findet in \u00f6ffentlicher Sitzung die <a href=\"https:\/\/www.fu-berlin.de\/sites\/frauenbeauftragte\/termine\/2024\/20240130_wahl-stellvertreterinnen-frauenbeauftragte.html\">Wahl<\/a> von bis zu zwei Stellvertreterinnen der zentralen Frauen- und Gleichstellungsbeauftragten der Freien Universit\u00e4t statt. Vorab sprach <a rel=\"noreferrer noopener\" href=\"https:\/\/www.fu-berlin.de\/campusleben\/vorgestellt\/2024\/240109-frauen-gleichstellungsbeauftragte\/index.html\" target=\"_blank\">campus.leben<\/a> mit Corinna Tomberger, zentrale Frauen- und Gleichstellungsbeauftragte, und ihrer Stellvertreterin Katharina Schmidt \u00fcber das Amt, seine vielf\u00e4ltigen Aufgaben und Gestaltungsm\u00f6glichkeiten. <\/p>\n\n\n\n<!--more-->\n<\/div><\/div>\n\n\n\n<p>Die Frauen- und Gleichstellungsbeauftragten und deren Stellvertreterinnen haben den gesetzlichen Auftrag, \u201eauf die Herstellung der verfassungsrechtlich gebotenen Chancengleichheit von Frauen in der Hochschule und auf die Beseitigung bestehender Nachteile f\u00fcr weibliche Mitglieder der Hochschule\u201c hinzuwirken, erl\u00e4utert Dr. Corinna Tomberger. Sie \u00fcbt das Amt der zentralen Frauen- und Gleichstellungsbeauftragten seit April 2023 hauptberuflich aus, zuvor war sie ein Jahr Stellvertreterin ihrer Vorg\u00e4ngerin. Verst\u00e4rkung hat sie mit Katharina Schmidt, die seit Juli 2022 nebenberufliche Stellvertreterin ist.<\/p>\n\n\n\n<figure class=\"wp-block-image size-large is-resized\"><img loading=\"lazy\" decoding=\"async\" src=\"https:\/\/blogs.fu-berlin.de\/frauenbeauftragte\/files\/2024\/01\/S5205544-1024x683.jpg\" alt=\"\" class=\"wp-image-7823\" width=\"1024\" height=\"683\" srcset=\"https:\/\/blogs.fu-berlin.de\/frauenbeauftragte\/files\/2024\/01\/S5205544-1024x683.jpg 1024w, https:\/\/blogs.fu-berlin.de\/frauenbeauftragte\/files\/2024\/01\/S5205544-300x200.jpg 300w, https:\/\/blogs.fu-berlin.de\/frauenbeauftragte\/files\/2024\/01\/S5205544-768x512.jpg 768w, https:\/\/blogs.fu-berlin.de\/frauenbeauftragte\/files\/2024\/01\/S5205544-1536x1024.jpg 1536w, https:\/\/blogs.fu-berlin.de\/frauenbeauftragte\/files\/2024\/01\/S5205544-2048x1365.jpg 2048w, https:\/\/blogs.fu-berlin.de\/frauenbeauftragte\/files\/2024\/01\/S5205544-1200x800.jpg 1200w\" sizes=\"auto, (max-width: 709px) 85vw, (max-width: 909px) 67vw, (max-width: 1362px) 62vw, 840px\" \/><figcaption>Die promovierte Kunst- und Medienwissenschaftlerin Corinna Tomberger ist seit 2023 zentrale Frauen- und Gleichstellungsbeauftragte der Freien Universit\u00e4t.<br>Bildquelle: Michael Fahrig<br><\/figcaption><\/figure>\n\n\n\n<p class=\"has-medium-font-size\">Viel Gestaltungsspielraum<\/p>\n\n\n\n<p>Die Bandbreite der Handlungsfelder ist gro\u00df. Dazu geh\u00f6ren beispielsweise Strategien zur Erh\u00f6hung der Frauenanteile auf allen Karrierestufen, insbesondere in F\u00fchrungspositionen. Weitere Themen sind etwa Geschlechtergerechtigkeit in MINT (Mathematik, Informatik, Naturwissenschaften und Technik), die Vereinbarkeit von Studium bzw. Beruf und Care-Aufgaben oder die Aufwertung der T\u00e4tigkeit in den Hochschulsekretariaten.&nbsp;<\/p>\n\n\n\n<p>Da die Stellvertreterinnen ebenso wie die Frauen- und Gleichstellungsbeauftragten in der Aus\u00fcbung ihres Amtes nicht weisungsgebunden sind, k\u00f6nnen sie eigene Schwerpunkte setzen. Katharina Schmidt hat zum Beispiel geschlechtergerechte Berufungsverfahren im Fokus. \u201eCare-Verantwortung muss in Berufungsverfahren st\u00e4rker ber\u00fccksichtigt werden. Hat eine Bewerberin wegen Care-Verantwortung in einem Zeitraum weniger publiziert, muss das bei der Bewertung ihrer akademischen Leistung im Blick behalten werden\u201c, fordert sie.&nbsp;<\/p>\n\n\n\n<figure class=\"wp-block-image size-large is-resized\"><img loading=\"lazy\" decoding=\"async\" src=\"https:\/\/blogs.fu-berlin.de\/frauenbeauftragte\/files\/2024\/01\/S5205631-1024x683.jpg\" alt=\"\" class=\"wp-image-7822\" width=\"1024\" height=\"683\" srcset=\"https:\/\/blogs.fu-berlin.de\/frauenbeauftragte\/files\/2024\/01\/S5205631-1024x683.jpg 1024w, https:\/\/blogs.fu-berlin.de\/frauenbeauftragte\/files\/2024\/01\/S5205631-300x200.jpg 300w, https:\/\/blogs.fu-berlin.de\/frauenbeauftragte\/files\/2024\/01\/S5205631-768x512.jpg 768w, https:\/\/blogs.fu-berlin.de\/frauenbeauftragte\/files\/2024\/01\/S5205631-1536x1024.jpg 1536w, https:\/\/blogs.fu-berlin.de\/frauenbeauftragte\/files\/2024\/01\/S5205631-2048x1365.jpg 2048w, https:\/\/blogs.fu-berlin.de\/frauenbeauftragte\/files\/2024\/01\/S5205631-1200x800.jpg 1200w\" sizes=\"auto, (max-width: 709px) 85vw, (max-width: 909px) 67vw, (max-width: 1362px) 62vw, 840px\" \/><figcaption>Katharina Schmidt ist seit 2022 Stellvertreterin der zentralen Frauen- und Gleichstellungsbeauftragten \u2013 mit eigenen Schwerpunkten.<br>Bildquelle: Michael Fahrig<\/figcaption><\/figure>\n\n\n\n<p>Als besonders bereichernd hebt Corinna Tomberger den Informations- und Erfahrungsaustausch mit Gleichstellungsakteur*innen auf allen Ebenen hervor: universit\u00e4tsweit, auf Landes- wie auch auf Bundesebene. Dazu z\u00e4hlt das Plenum der Frauen- und Gleichstellungsbeauftragten der Freien Universit\u00e4t, in dem sich alle Amtsinhaberinnen, zentral wie dezentral, monatlich \u00fcber ihre Arbeit austauschen: Sie beraten einander kollegial und diskutieren hochschulpolitische Fragen. Bei Bedarf laden sie Expertinnen und Experten ein oder initiieren Arbeitsgruppen. Nat\u00fcrlich k\u00f6nnen auch Einzelf\u00e4lle besprochen oder Erfahrungen mit Pilotprojekten eingebracht werden. Ein Fachbereich initiierte zum Beispiel das Projekt&nbsp;<a href=\"https:\/\/www.bcp.fu-berlin.de\/fachbereich\/frauen\/news\/Period-for-free.html\" target=\"_blank\" rel=\"noreferrer noopener\">Period for free<\/a>. Dieses Angebot wird nun auf die zentrale Ebene ausgeweitet.<\/p>\n\n\n\n<p class=\"has-medium-font-size\">Mehr Personen f\u00fcr Gleichstellung<\/p>\n\n\n\n<p>Das&nbsp;<a href=\"https:\/\/www.fu-berlin.de\/sites\/frauenbeauftragte\/ueber-uns\/team\/index.html\" target=\"_blank\" rel=\"noreferrer noopener\">Team Zentrale Frauenbeauftragte<\/a>&nbsp;besteht zurzeit neben der zentralen Frauen- und Gleichstellungsbeauftragten und einer Stellvertreterin aus mehreren Referentinnen, einem Team f\u00fcr B\u00fcrokoordination und Veranstaltungsmanagement sowie Projektmitarbeiter*innen. Von 2024 an kann es bis zu drei Stellvertreterinnen der zentralen Frauen- und Gleichstellungsbeauftragten geben. \u201eGrund ist die Anpassung an das novellierte Berliner Hochschulgesetz\u201c, erl\u00e4utert Corinna Tomberger. Dem Arbeitsfeld Geschlechtergerechtigkeit werden mehr Ressourcen zugesprochen. \u201eEinige Frauen, die in den vergangenen Jahrzehnten als Frauenbeauftragte auf zentraler und dezentraler Ebene t\u00e4tig waren, sind im weiteren Verlauf ihres Berufslebens in leitende Positionen an der Freien Universit\u00e4t aufgestiegen\u201c, sagt sie. Das \u00fcberrasche sie nicht, biete das Amt doch die M\u00f6glichkeit, die eigenen Kompetenzen zu erweitern, Wissen \u00fcber Hochschulstrukturen zu erwerben und Erfahrungen in strategischem Handeln an der Hochschule zu gewinnen.&nbsp;<\/p>\n\n\n\n<p>\u201eMan steigt in die Hochschulpolitik ein, das ist reizvoll\u201c, sagt Katharina Schmidt. Sie selbst habe gelernt: \u201eWie funktionieren Gremien? Wie sensibilisiert man Menschen f\u00fcr gleichstellungspolitische Themen? Wie geht man nicht nur auf Kontra, sondern findet Verb\u00fcndete, um Themen voranzubringen?\u201c Dazu z\u00e4hle unter anderem, gleichstellungspolitische Perspektiven in Strukturprozesse einzubringen, etwa in die Neufassung der Satzung zur Sicherung der guten wissenschaftlichen Praxis. In diesem Prozess habe sie die Aufmerksamkeit f\u00fcr Machtmissbrauch und das Ausnutzen von Abh\u00e4ngigkeitsverh\u00e4ltnissen als Formen wissenschaftlichen Fehlverhaltens sch\u00e4rfen k\u00f6nnen. Das gebe das gute Gef\u00fchl, die Freie Universit\u00e4t auf Jahre gleichstellungspolitisch mitzugestalten. Um dieser Aufgabe gerecht zu werden, freuen sich Corinna Tomberger und Katharina Schmidt auf Verst\u00e4rkung.&nbsp;<\/p>\n\n\n\n<p><strong>Annette Leyssner<\/strong><\/p>\n\n\n\n<hr class=\"wp-block-separator has-alpha-channel-opacity\" \/>\n\n\n\n<p>Der <a rel=\"noreferrer noopener\" href=\"http:\/\/www.fu-berlin.de\/campusleben\/vorgestellt\/2024\/240109-frauen-gleichstellungsbeauftragte\/index.html\" target=\"_blank\">Originaltext <\/a>ist am 09.01.2024 auf campus.leben erschienen. In loser Folge stellt das Online-Magazin der Freien Universit\u00e4t Amt, Aufgaben und Amtstr\u00e4gerinnen \u2013 auch auf dezentraler Ebene \u2013 vor.<\/p>\n\n\n\n<hr class=\"wp-block-separator has-alpha-channel-opacity\" \/>\n","protected":false},"excerpt":{"rendered":"<p>Am 30. Januar 2024 findet in \u00f6ffentlicher Sitzung die Wahl von bis zu zwei Stellvertreterinnen der zentralen Frauen- und Gleichstellungsbeauftragten der Freien Universit\u00e4t statt. Vorab sprach campus.leben mit Corinna Tomberger, zentrale Frauen- und Gleichstellungsbeauftragte, und ihrer Stellvertreterin Katharina Schmidt \u00fcber das Amt, seine vielf\u00e4ltigen Aufgaben und Gestaltungsm\u00f6glichkeiten.<\/p>\n","protected":false},"author":6410,"featured_media":9345,"comment_status":"open","ping_status":"open","sticky":false,"template":"","format":"standard","meta":{"footnotes":""},"categories":[428608,603],"tags":[301208,433454,437402],"class_list":["post-7813","post","type-post","status-publish","format-standard","has-post-thumbnail","hentry","category-informiert","category-vorgestellt","tag-frauenfoerderung","tag-gleichstellungspolitik","tag-frauenbeauftragte"],"_links":{"self":[{"href":"https:\/\/blogs.fu-berlin.de\/frauenbeauftragte\/wp-json\/wp\/v2\/posts\/7813","targetHints":{"allow":["GET"]}}],"collection":[{"href":"https:\/\/blogs.fu-berlin.de\/frauenbeauftragte\/wp-json\/wp\/v2\/posts"}],"about":[{"href":"https:\/\/blogs.fu-berlin.de\/frauenbeauftragte\/wp-json\/wp\/v2\/types\/post"}],"author":[{"embeddable":true,"href":"https:\/\/blogs.fu-berlin.de\/frauenbeauftragte\/wp-json\/wp\/v2\/users\/6410"}],"replies":[{"embeddable":true,"href":"https:\/\/blogs.fu-berlin.de\/frauenbeauftragte\/wp-json\/wp\/v2\/comments?post=7813"}],"version-history":[{"count":18,"href":"https:\/\/blogs.fu-berlin.de\/frauenbeauftragte\/wp-json\/wp\/v2\/posts\/7813\/revisions"}],"predecessor-version":[{"id":9347,"href":"https:\/\/blogs.fu-berlin.de\/frauenbeauftragte\/wp-json\/wp\/v2\/posts\/7813\/revisions\/9347"}],"wp:featuredmedia":[{"embeddable":true,"href":"https:\/\/blogs.fu-berlin.de\/frauenbeauftragte\/wp-json\/wp\/v2\/media\/9345"}],"wp:attachment":[{"href":"https:\/\/blogs.fu-berlin.de\/frauenbeauftragte\/wp-json\/wp\/v2\/media?parent=7813"}],"wp:term":[{"taxonomy":"category","embeddable":true,"href":"https:\/\/blogs.fu-berlin.de\/frauenbeauftragte\/wp-json\/wp\/v2\/categories?post=7813"},{"taxonomy":"post_tag","embeddable":true,"href":"https:\/\/blogs.fu-berlin.de\/frauenbeauftragte\/wp-json\/wp\/v2\/tags?post=7813"}],"curies":[{"name":"wp","href":"https:\/\/api.w.org\/{rel}","templated":true}]}}