{"id":8047,"date":"2024-02-21T13:48:36","date_gmt":"2024-02-21T12:48:36","guid":{"rendered":"https:\/\/blogs.fu-berlin.de\/frauenbeauftragte\/?p=8047"},"modified":"2024-02-22T17:06:59","modified_gmt":"2024-02-22T16:06:59","slug":"futura-weiterbildung-startet-im-april","status":"publish","type":"post","link":"https:\/\/blogs.fu-berlin.de\/frauenbeauftragte\/2024\/02\/21\/futura-weiterbildung-startet-im-april\/","title":{"rendered":"FUTURA-Weiterbildung startet im April"},"content":{"rendered":"\n<div class=\"wp-block-media-text alignwide is-stacked-on-mobile\"><figure class=\"wp-block-media-text__media\"><img loading=\"lazy\" decoding=\"async\" width=\"1000\" height=\"707\" src=\"https:\/\/blogs.fu-berlin.de\/frauenbeauftragte\/files\/2022\/05\/FUTURA_Puzzle_1000.png\" alt=\"\" class=\"wp-image-2308 size-full\" srcset=\"https:\/\/blogs.fu-berlin.de\/frauenbeauftragte\/files\/2022\/05\/FUTURA_Puzzle_1000.png 1000w, https:\/\/blogs.fu-berlin.de\/frauenbeauftragte\/files\/2022\/05\/FUTURA_Puzzle_1000-300x212.png 300w, https:\/\/blogs.fu-berlin.de\/frauenbeauftragte\/files\/2022\/05\/FUTURA_Puzzle_1000-768x543.png 768w\" sizes=\"auto, (max-width: 709px) 85vw, (max-width: 909px) 67vw, (max-width: 1362px) 62vw, 840px\" \/><\/figure><div class=\"wp-block-media-text__content\">\n<p>Qualifikation f\u00fcr genderkompetentes Handeln im Beruf bietet ab April 2024 erneut das zweij\u00e4hrige Zertifikationsprogramm <a rel=\"noreferrer noopener\" href=\"https:\/\/www.fu-berlin.de\/sites\/frauenbeauftragte\/angebote\/FUTURA\/index.html\" target=\"_blank\">FUTURA<\/a> der Freien Universit\u00e4t. Das Qualifikations- und Professionalisierungsprogramm richtet sich an Gleichstellungsakteur*innen an Hochschulen und im Wissenschaftsbereich, insbesondere an dezentrale und zentrale Frauen- und Gleichstellungsbeauftragte.<\/p>\n\n\n\n<!--more-->\n<\/div><\/div>\n\n\n\n<p>Von April 2024 bis Februar 2026 bietet das Team Zentrale Frauenbeauftragte in Zusammenarbeit mit dem <a href=\"https:\/\/www.fu-berlin.de\/sites\/weiterbildung\/index.html\" target=\"_blank\" rel=\"noreferrer noopener\">Weiterbildungszentrum<\/a> der Freien Universit\u00e4t einen neuen Durchgang des Weiterbildungsprogramms FUTURA an. Anmeldungen sind ab sofort m\u00f6glich.<\/p>\n\n\n\n<p>Die Teilnehmer*innen dieser Weiterbildung eignen sich Wissen, Kompetenzen und methodisches Werkzeug f\u00fcr die vielschichtige, herausfordernde Gleichstellungsarbeit an Hochschulen und Wissenschaftseinrichtungen an. Das Programm erstreckt sich \u00fcber vier Module, die unter anderem Grundlagen der Gleichstellungsarbeit vermitteln, Beratungsmethoden bei sexualisierter Diskriminierung und Gewalt aufzeigen oder Personal- und Rechtsfragen aufgreifen. <\/p>\n\n\n\n<p class=\"has-medium-font-size\">Modul oder Gesamtprogramm <strong>\u2013<\/strong> Online oder in Pr\u00e4senz<\/p>\n\n\n\n<p>Das Programm ist in vier Module mit mehreren Weiterbildungsveranstaltungen aufgeteilt: Die Weiterbildungsveranstaltungen von Modul I greifen im Sommersemester 2024 die Grundlagen von Gleichstellungsarbeit auf; in Modul II geht es im Wintersemester 2024\/2025 um das Thema Recht und Personal. Im Modul III wird im Sommersemester 2025 das Thema Beratung und Konfliktl\u00f6sung behandelt; Thema im Modul IV im Wintersemester 2025\/2026 ist Steuerung und Gestaltung. Jedes Modul erstreckt sich mit zwei bis drei Weiterbildungsveranstaltungen, die zumeist jeweils einen oder zwei Tage dauern, \u00fcber ein Semester. Die Teilnehmer*innen k\u00f6nnen w\u00e4hlen, ob sie am Pr\u00e4senzformat oder am Onlineformat des Programms teilnehmen m\u00f6chten. Es besteht zudem die M\u00f6glichkeit, am gesamten Programm teilzunehmen, wahlweise einzelne Module oder einzelne Veranstaltungen zu buchen.<\/p>\n\n\n\n<p>Neu in Modul I: Wir bieten erstmals zwei digitale Selbstlernr\u00e4ume an! Diese neuen Veranstaltungsformate besch\u00e4ftigen sich intensiv mit den Themen \u201eStarthilfe im Amt\u201c und \u201eGendersensibilisierung\u201c und bereichern somit unser Programm. Alle Weiterbildungsveranstaltungen werden durch weiterf\u00fchrende Informationen und Materialien auf einer Lernplattform erg\u00e4nzt. Absolvent*innen des gesamten Programms erhalten das Abschlusszertifikat \u201eFUTURA &#8211; genderkompetentes Handeln im Beruf\u201c.<\/p>\n\n\n\n<blockquote class=\"wp-block-quote is-layout-flow wp-block-quote-is-layout-flow\"><p>&#8222;<em>FUTURA hat mir einerseits die M\u00f6glichkeit zu einem weiteren Netzwerk er\u00f6ffnet. Andererseits konnte ich mich durch die inhaltlichen Fragestellungen und die weitreichenden Diskussionen sehr gut mit der Funktion der Gleichstellungsbeauftragten auseinandersetzen und f\u00fcr mich besser meine Schwerpunkte definieren und mich besser in meiner Funktion einfinden.<\/em>&#8222;<\/p><cite><em>Nadine Herold, Gleichstellungsbeauftragte der Hochschule f\u00fcr nachhaltige Entwicklung Eberswalde, FUTURA-Absolventin des Durchgangs 2022-2024<\/em><\/cite><\/blockquote>\n\n\n\n<p>Urspr\u00fcnglich wurde das Weiterbildungsprogramm 2010 zur Professionalisierung der neu gew\u00e4hlten <a rel=\"noreferrer noopener\" href=\"https:\/\/www.fu-berlin.de\/sites\/frauenbeauftragte\/ueber-uns\/df\/index.html\" data-type=\"URL\" data-id=\"https:\/\/www.fu-berlin.de\/sites\/frauenbeauftragte\/ueber-uns\/df\/index.html\" target=\"_blank\">dezentralen Frauen- und Gleichstellungsbeauftragten der Freien Universit\u00e4t<\/a> entwickelt. Mittlerweile durchlaufen es Gleichstellungsakteur*innen von Hochschulen und Wissenschaftseinrichtungen aus dem gesamten Bundesgebiet.<\/p>\n\n\n\n<ul class=\"wp-block-list\"><li><a rel=\"noreferrer noopener\" href=\"https:\/\/veranstaltung.weiterbildung.fu-berlin.de\/Programmbereich\/p-cmx604a19a6b8eb3\/mp-Futura\/cmx604a19a6b8eb3.html\" target=\"_blank\"><strong>Anmeldung<\/strong><\/a> zur Weiterbildung FUTURA &#8211; Qualifikation f\u00fcr genderkompetentes Handeln im Beruf 2024-2026 <\/li><li><a rel=\"noreferrer noopener\" href=\"https:\/\/www.fu-berlin.de\/sites\/frauenbeauftragte\/angebote\/FUTURA\/Finale_FUTURA-Informationsbroschuere-2024-2026.pdf\" target=\"_blank\">Informationsbrosch\u00fcre<\/a><\/li><\/ul>\n\n\n\n<hr class=\"wp-block-separator has-alpha-channel-opacity\" \/>\n\n\n\n<p>M\u00f6chten Sie vorab mehr \u00fcber das Programm erfahren? Dann nehmen Sie an einer der beiden Online-Informationsveranstaltungen teil:<\/p>\n\n\n\n<ul class=\"wp-block-list\"><li><a rel=\"noreferrer noopener\" href=\"https:\/\/www.fu-berlin.de\/sites\/frauenbeauftragte\/termine\/2024\/20240306_Futura_Infoveranstaltung_2.html\" target=\"_blank\">Mittwoch, 6. M\u00e4rz 2024 |&nbsp;10:00-11:00 Uhr<\/a><\/li><li> <a rel=\"noreferrer noopener\" href=\"https:\/\/www.fu-berlin.de\/sites\/frauenbeauftragte\/termine\/2024\/20240321_Futura_Infoveranstaltung_3.html\" target=\"_blank\">Donnerstag, 21. M\u00e4rz 2024 |&nbsp;15:00-16:00 Uhr<\/a><\/li><li>online, via Webex<\/li><\/ul>\n\n\n\n<hr class=\"wp-block-separator has-css-opacity\" \/>\n","protected":false},"excerpt":{"rendered":"<p>Qualifikation f\u00fcr genderkompetentes Handeln im Beruf bietet ab April 2024 erneut das zweij\u00e4hrige Zertifikationsprogramm FUTURA der Freien Universit\u00e4t. Das Qualifikations- und Professionalisierungsprogramm richtet sich an Gleichstellungsakteur*innen an Hochschulen und im Wissenschaftsbereich, insbesondere an dezentrale und zentrale Frauen- und Gleichstellungsbeauftragte.<\/p>\n","protected":false},"author":7923,"featured_media":8054,"comment_status":"open","ping_status":"open","sticky":false,"template":"","format":"standard","meta":{"footnotes":""},"categories":[428608,603],"tags":[301208,433454,433674,57446,437402,306],"class_list":["post-8047","post","type-post","status-publish","format-standard","has-post-thumbnail","hentry","category-informiert","category-vorgestellt","tag-frauenfoerderung","tag-gleichstellungspolitik","tag-genderkompetenz","tag-geschlechterforschung","tag-frauenbeauftragte","tag-weiterbildung"],"_links":{"self":[{"href":"https:\/\/blogs.fu-berlin.de\/frauenbeauftragte\/wp-json\/wp\/v2\/posts\/8047","targetHints":{"allow":["GET"]}}],"collection":[{"href":"https:\/\/blogs.fu-berlin.de\/frauenbeauftragte\/wp-json\/wp\/v2\/posts"}],"about":[{"href":"https:\/\/blogs.fu-berlin.de\/frauenbeauftragte\/wp-json\/wp\/v2\/types\/post"}],"author":[{"embeddable":true,"href":"https:\/\/blogs.fu-berlin.de\/frauenbeauftragte\/wp-json\/wp\/v2\/users\/7923"}],"replies":[{"embeddable":true,"href":"https:\/\/blogs.fu-berlin.de\/frauenbeauftragte\/wp-json\/wp\/v2\/comments?post=8047"}],"version-history":[{"count":25,"href":"https:\/\/blogs.fu-berlin.de\/frauenbeauftragte\/wp-json\/wp\/v2\/posts\/8047\/revisions"}],"predecessor-version":[{"id":8134,"href":"https:\/\/blogs.fu-berlin.de\/frauenbeauftragte\/wp-json\/wp\/v2\/posts\/8047\/revisions\/8134"}],"wp:featuredmedia":[{"embeddable":true,"href":"https:\/\/blogs.fu-berlin.de\/frauenbeauftragte\/wp-json\/wp\/v2\/media\/8054"}],"wp:attachment":[{"href":"https:\/\/blogs.fu-berlin.de\/frauenbeauftragte\/wp-json\/wp\/v2\/media?parent=8047"}],"wp:term":[{"taxonomy":"category","embeddable":true,"href":"https:\/\/blogs.fu-berlin.de\/frauenbeauftragte\/wp-json\/wp\/v2\/categories?post=8047"},{"taxonomy":"post_tag","embeddable":true,"href":"https:\/\/blogs.fu-berlin.de\/frauenbeauftragte\/wp-json\/wp\/v2\/tags?post=8047"}],"curies":[{"name":"wp","href":"https:\/\/api.w.org\/{rel}","templated":true}]}}