{"id":8148,"date":"2024-03-05T11:35:40","date_gmt":"2024-03-05T10:35:40","guid":{"rendered":"https:\/\/blogs.fu-berlin.de\/frauenbeauftragte\/?p=8148"},"modified":"2026-02-13T07:55:16","modified_gmt":"2026-02-13T06:55:16","slug":"veranstaltungen-zum-internationalen-frauentag","status":"publish","type":"post","link":"https:\/\/blogs.fu-berlin.de\/frauenbeauftragte\/2024\/03\/05\/veranstaltungen-zum-internationalen-frauentag\/","title":{"rendered":"Veranstaltungen zum Internationalen Frauentag"},"content":{"rendered":"\n<div class=\"wp-block-media-text alignwide is-stacked-on-mobile\"><figure class=\"wp-block-media-text__media\"><img loading=\"lazy\" decoding=\"async\" width=\"1024\" height=\"683\" src=\"https:\/\/blogs.fu-berlin.de\/frauenbeauftragte\/files\/2024\/02\/frauenkampftag-berlin-2020-c-Raquel-Garcia-unsplash-1024x683.jpg\" alt=\"\" class=\"wp-image-8177 size-full\" srcset=\"https:\/\/blogs.fu-berlin.de\/frauenbeauftragte\/files\/2024\/02\/frauenkampftag-berlin-2020-c-Raquel-Garcia-unsplash-1024x683.jpg 1024w, https:\/\/blogs.fu-berlin.de\/frauenbeauftragte\/files\/2024\/02\/frauenkampftag-berlin-2020-c-Raquel-Garcia-unsplash-300x200.jpg 300w, https:\/\/blogs.fu-berlin.de\/frauenbeauftragte\/files\/2024\/02\/frauenkampftag-berlin-2020-c-Raquel-Garcia-unsplash-768x512.jpg 768w, https:\/\/blogs.fu-berlin.de\/frauenbeauftragte\/files\/2024\/02\/frauenkampftag-berlin-2020-c-Raquel-Garcia-unsplash-1536x1024.jpg 1536w, https:\/\/blogs.fu-berlin.de\/frauenbeauftragte\/files\/2024\/02\/frauenkampftag-berlin-2020-c-Raquel-Garcia-unsplash-2048x1365.jpg 2048w, https:\/\/blogs.fu-berlin.de\/frauenbeauftragte\/files\/2024\/02\/frauenkampftag-berlin-2020-c-Raquel-Garcia-unsplash-1200x800.jpg 1200w\" sizes=\"auto, (max-width: 709px) 85vw, (max-width: 909px) 67vw, (max-width: 1362px) 62vw, 840px\" \/><\/figure><div class=\"wp-block-media-text__content\">\n<p><strong>8. M\u00e4rz 2024 in Berlin &#8211; <\/strong>Weltweit begehen Menschen den Internationalen Frauentag mit Demonstrationen, Streiks und Gedenkveranstaltungen. Politische Backlashes und multiple Krisen bedrohen die Geschlechtergerechtigkeit und -vielfalt. Insbesondere die Freiheit und Sicherheit von Frauen, Lesben, Inter-, nichtbin\u00e4ren-, Trans- und A-gender-Personen ist noch lange nicht erreicht. Eine Auswahl an politischen, kulturellen und k\u00e4mpferischen Berliner Aktionen, werden im Folgenden vorgestellt. <\/p>\n\n\n\n<!--more-->\n<\/div><\/div>\n\n\n\n<p>Seit f\u00fcnf Jahren ist der Internationale Frauentag in Berlin ein gesetzlicher Feiertag, Mecklenburg-Vorpommern zog 2023 als zweites deutsches Bundesland nach. Urspr\u00fcnglich ins Leben gerufen wurde der Tag 1910 von der deutschen Frauenrechtlerin und sozialistischen Politikerin Clara Zetkin. Ihre Forderung lautete schlicht  keine Sonderrechte, sondern Menschenrechte f\u00fcr Frauen. Eine Forderung, die nach wie vor aktuell ist &#8211; und dies umso mehr f\u00fcr das vielf\u00e4ltige Spektrum von FLINTA (Frauen, Lesben, Inter-, nichtbin\u00e4ren-, Trans- und A-gender-Personen). <\/p>\n\n\n\n<p>F\u00fcr alle, die den Internationalen Frauenkampftag politisch begleiten m\u00f6chten, gibt es ein gro\u00dfes Angebot an Demonstrationen, Streiks und politischen Debatten, Kunst- und Gedenkveranstaltungen und eine FLINTA-Fahrraddemo.<\/p>\n\n\n\n<hr class=\"wp-block-separator has-alpha-channel-opacity\" \/>\n\n\n\n<p class=\"has-medium-font-size\">Angebot an Hochschulen<\/p>\n\n\n<div class=\"wp-block-image\">\n<figure class=\"alignright size-large is-resized\"><img loading=\"lazy\" decoding=\"async\" src=\"https:\/\/blogs.fu-berlin.de\/frauenbeauftragte\/files\/2024\/02\/flyer_antifeminismus_podiumsdiskussion_060324_page-0001-724x1024.jpg\" alt=\"\" class=\"wp-image-8163\" width=\"362\" height=\"512\" srcset=\"https:\/\/blogs.fu-berlin.de\/frauenbeauftragte\/files\/2024\/02\/flyer_antifeminismus_podiumsdiskussion_060324_page-0001-724x1024.jpg 724w, https:\/\/blogs.fu-berlin.de\/frauenbeauftragte\/files\/2024\/02\/flyer_antifeminismus_podiumsdiskussion_060324_page-0001-212x300.jpg 212w, https:\/\/blogs.fu-berlin.de\/frauenbeauftragte\/files\/2024\/02\/flyer_antifeminismus_podiumsdiskussion_060324_page-0001-768x1087.jpg 768w, https:\/\/blogs.fu-berlin.de\/frauenbeauftragte\/files\/2024\/02\/flyer_antifeminismus_podiumsdiskussion_060324_page-0001-1086x1536.jpg 1086w, https:\/\/blogs.fu-berlin.de\/frauenbeauftragte\/files\/2024\/02\/flyer_antifeminismus_podiumsdiskussion_060324_page-0001-1447x2048.jpg 1447w, https:\/\/blogs.fu-berlin.de\/frauenbeauftragte\/files\/2024\/02\/flyer_antifeminismus_podiumsdiskussion_060324_page-0001-1200x1698.jpg 1200w, https:\/\/blogs.fu-berlin.de\/frauenbeauftragte\/files\/2024\/02\/flyer_antifeminismus_podiumsdiskussion_060324_page-0001-scaled.jpg 1809w\" sizes=\"auto, (max-width: 362px) 85vw, 362px\" \/><\/figure><\/div>\n\n\n<p>Die Katholischen Hochschule f\u00fcr Sozialwesen Berlin (KHSB) l\u00e4dt Interessierte zur Podiumsdiskussion <a rel=\"noreferrer noopener\" href=\"https:\/\/www.khsb-berlin.de\/en\/node\/917237\" target=\"_blank\">Antifeminismus von rechts \u2013 warum gef\u00e4hrdet das Frauenbild rechter Ideologien unsere Gesellschaft?<\/a> ein. <\/p>\n\n\n\n<p>Die AfD und andere rechtsextreme Gruppierungen propagieren eine antifeministische und queerfeindliche Agenda und wollen den errungenen Status quo wieder r\u00fcckg\u00e4ngig machen. Die von Correctiv aufgedeckten, rechtsradikalen Ausgrenzungspl\u00e4ne der <a rel=\"noreferrer noopener\" href=\"https:\/\/correctiv.org\/aktuelles\/neue-rechte\/2024\/01\/10\/geheimplan-remigration-vertreibung-afd-rechtsextreme-november-treffen\/\" target=\"_blank\">Geheimplan gegen Deutschland<\/a>-Recherche setzt die KHSB in Dialog mit dem oft vernachl\u00e4ssigten, rechten Antifeminismus von neuen Rechten. Diskutiert werden Fragen zur Gefahr des rechten Frauenbildes und was diesem entgegengesetzt werden kann von <a rel=\"noreferrer noopener\" href=\"https:\/\/www.dissens.de\/ueber-uns\/team\/laura-sasse\" target=\"_blank\">Laura Sasse<\/a>, wissenschaftliche Mitarbeiterin, <a rel=\"noreferrer noopener\" href=\"https:\/\/janahaskamp.de\/\" target=\"_blank\">Jana Haskamp<\/a>, Bildungsreferentin und Sexualp\u00e4dagogin, und <a rel=\"noreferrer noopener\" href=\"https:\/\/www.uni-marburg.de\/de\/genderzukunft\/forschung\/reverse\" target=\"_blank\">Christopher Fritzsche<\/a>, Politikwissenschaftler. Moderiert wird die Veranstaltung von <a rel=\"noreferrer noopener\" href=\"https:\/\/www.khsb-berlin.de\/en\/Frauenbeauftragte\" target=\"_blank\">Johanna Warth<\/a>, Frauen- und Gleichstellungsbeauftragte der KHSB. Um Anmeldung per E-Mail an frauenbeauftragte@khsb-berlin.de wird gebeten. <\/p>\n\n\n\n<p><strong>Ort &amp; Zeit: Mittwoch, 6. M\u00e4rz | 14 &#8211; 16 Uhr | Aula KHSB | K\u00f6penicker Allee 39-57, 10318 Berlin<\/strong> <strong>| <a rel=\"noreferrer noopener\" href=\"https:\/\/www.khsb-berlin.de\/de\/system\/files\/flyer_antifeminismus_podiumsdiskussion_060324.pdf\" target=\"_blank\">Informationen<\/a><\/strong> <\/p>\n\n\n\n<hr class=\"wp-block-separator has-alpha-channel-opacity\" \/>\n\n\n\n<p class=\"has-medium-font-size\">Demonstrationen<\/p>\n\n\n<div class=\"wp-block-image\">\n<figure class=\"alignleft size-full is-resized\"><img loading=\"lazy\" decoding=\"async\" src=\"https:\/\/blogs.fu-berlin.de\/frauenbeauftragte\/files\/2024\/02\/Screenshot-2024-02-03-152127.png\" alt=\"\" class=\"wp-image-8155\" width=\"413\" height=\"596\" srcset=\"https:\/\/blogs.fu-berlin.de\/frauenbeauftragte\/files\/2024\/02\/Screenshot-2024-02-03-152127.png 550w, https:\/\/blogs.fu-berlin.de\/frauenbeauftragte\/files\/2024\/02\/Screenshot-2024-02-03-152127-208x300.png 208w\" sizes=\"auto, (max-width: 413px) 85vw, 413px\" \/><\/figure><\/div>\n\n\n<p>Die Gewerkschaften <a rel=\"noreferrer noopener\" href=\"https:\/\/frauen.verdi.de\/aktionstage\/frauentag\/++co++ceb3d7fc-9cae-11ed-a180-001a4a160100\" target=\"_blank\">ver.di<\/a> und <a rel=\"noreferrer noopener\" href=\"\/Users\/merleb27\/AppData\/Local\/Microsoft\/Windows\/INetCache\/Content.Outlook\/NOXRUSQQ\/Flyer-International-Women-Day-final-2+GEW.pdf\" target=\"_blank\">GEW<\/a>, das <a rel=\"noreferrer noopener\" href=\"https:\/\/www.sexuelle-selbstbestimmung.de\/18284\/internationaler-frauenkampftag-8-maerz-2023\/\" target=\"_blank\">B\u00fcndnis f\u00fcr sexuelle Selbstbestimmung<\/a>, die <a rel=\"noreferrer noopener\" href=\"https:\/\/www.berlin-stadtderfrauen.de\/\" target=\"_blank\">\u00dcberparteiliche Fraueninitiative Berlin<\/a> und viele andere Gruppen rufen gemeinsam zum <a rel=\"noreferrer noopener\" href=\"https:\/\/www.sexuelle-selbstbestimmung.de\/18929\/internationaler-frauenkampftag-8-maerz-2024\/\" target=\"_blank\">Frauenkampftag 2024<\/a> auf. Die Veranstalter*innen kritisieren patriarchale Strukturen und fordern Schutz vor Gewalt, bessere Arbeitsbedingungen und Tarifbindung, auch die bestehende Lohnl\u00fccke zwischen den Geschlechtern wird fokussiert. Die Abschaffung des Paragrafen 218 bleibt best\u00e4ndige Forderung ebenso wie die nach Gleichberechtigung und einer selbstbestimmten Lebensweise f\u00fcr alle. <\/p>\n\n\n\n<p>Mit dem Internationalen Frauentag f\u00e4llt der Equal Pay Day am 6. M\u00e4rz fast zusammen. Dieser Tag &#8211; kein Feiertag &#8211; markiert j\u00e4hrlich die Lohnl\u00fccke zwischen den Geschlechtern. Bis zum Datum des Equal Pay Day arbeiten Frauen  verglichen mit den Geh\u00e4ltern von M\u00e4nnern umsonst. Laut aktuellen Zahlen des <a rel=\"noreferrer noopener\" href=\"https:\/\/www.destatis.de\/DE\/Presse\/Pressemitteilungen\/2024\/01\/PD24_027_621.html\" target=\"_blank\">Statistischen Bundesamtes<\/a> liegt die unbereinigte Lohnl\u00fccke in Deutschland im vierten Jahr in Folge unver\u00e4ndert bei 18&nbsp;%.<\/p>\n\n\n\n<p><strong>Ort &amp; Zeit: Freitag, 8. M\u00e4rz 2024 | ab 11:30 &#8211; 15 Uhr| Treffpunkt: Oranienplatz | <a rel=\"noreferrer noopener\" href=\"https:\/\/www.verdi.de\/ueber-uns\/idee-tradition\/++co++de96a01c-a338-11e1-5eaf-0019b9e321e1\" target=\"_blank\">Informationen <\/a><\/strong><\/p>\n\n\n\n<p>Am 8. M\u00e4rz findet seit 2019 j\u00e4hrlich die <strong>queerfeministische Frauen*Fahrrad Demo<\/strong> <a rel=\"noreferrer noopener\" href=\"https:\/\/www.strasse-zurueckerobern.de\/geschichten\/purple-ride\/\" target=\"_blank\">Purple Ride<\/a> unter dem Motto <em>Ab auf&#8217;s Rad gegen das Patriarchiat<\/em> statt. Die Fahrrad-Demonstration ist ausschlie\u00dflich f\u00fcr FLINTA ge\u00f6ffnet. Die Teilnehmenden tragen lila Kleidungsst\u00fccke und Banner und nehmen sichtbar Raum in der Stadt und im Stra\u00dfenverkehr ein. Die Forderungen lauten: echte Chancengleichheit unabh\u00e4ngig von Geschlecht und Geschlechtsidentit\u00e4t. Der erste Schritt dazu ist mehr Sichtbarkeit von FLINTA im \u00f6ffentlichen Raum. Die Route beginnt am Mariannenplatz und endet am Leopoldplatz.<\/p>\n\n\n\n<p><strong>Ort &amp; Zeit: Freitag, 8. M\u00e4rz 2024 | 12-15 Uhr | Mariannenplatz (Feuerwehrbrunnen) | <a rel=\"noreferrer noopener\" href=\"https:\/\/www.berlin.de\/kultur-und-tickets\/tipps\/frauentag\/5641896-8574225-veranstaltungen-am-frauentag.html\" target=\"_blank\">I<\/a><a rel=\"noreferrer noopener\" href=\"https:\/\/www.berlin.de\/kultur-und-tickets\/tipps\/frauentag\/5641896-8574225-veranstaltungen-am-frauentag.html\" target=\"_blank\">n<\/a><a rel=\"noreferrer noopener\" href=\"https:\/\/www.berlin.de\/kultur-und-tickets\/tipps\/frauentag\/5641896-8574225-veranstaltungen-am-frauentag.html\" target=\"_blank\">f<\/a><a rel=\"noreferrer noopener\" href=\"https:\/\/www.berlin.de\/kultur-und-tickets\/tipps\/frauentag\/5641896-8574225-veranstaltungen-am-frauentag.html\" target=\"_blank\">o<\/a><a rel=\"noreferrer noopener\" href=\"https:\/\/www.berlin.de\/kultur-und-tickets\/tipps\/frauentag\/5641896-8574225-veranstaltungen-am-frauentag.html\" target=\"_blank\">r<\/a><a rel=\"noreferrer noopener\" href=\"https:\/\/www.berlin.de\/kultur-und-tickets\/tipps\/frauentag\/5641896-8574225-veranstaltungen-am-frauentag.html\" target=\"_blank\">m<\/a><a rel=\"noreferrer noopener\" href=\"https:\/\/www.berlin.de\/kultur-und-tickets\/tipps\/frauentag\/5641896-8574225-veranstaltungen-am-frauentag.html\" target=\"_blank\">a<\/a><a rel=\"noreferrer noopener\" href=\"https:\/\/www.berlin.de\/kultur-und-tickets\/tipps\/frauentag\/5641896-8574225-veranstaltungen-am-frauentag.html\" target=\"_blank\">t<\/a><a rel=\"noreferrer noopener\" href=\"https:\/\/www.berlin.de\/kultur-und-tickets\/tipps\/frauentag\/5641896-8574225-veranstaltungen-am-frauentag.html\" target=\"_blank\">i<\/a><a rel=\"noreferrer noopener\" href=\"https:\/\/www.berlin.de\/kultur-und-tickets\/tipps\/frauentag\/5641896-8574225-veranstaltungen-am-frauentag.html\" target=\"_blank\">o<\/a><a rel=\"noreferrer noopener\" href=\"https:\/\/www.berlin.de\/kultur-und-tickets\/tipps\/frauentag\/5641896-8574225-veranstaltungen-am-frauentag.html\" target=\"_blank\">n<\/a><a rel=\"noreferrer noopener\" href=\"https:\/\/www.berlin.de\/kultur-und-tickets\/tipps\/frauentag\/5641896-8574225-veranstaltungen-am-frauentag.html\" target=\"_blank\">e<\/a><a rel=\"noreferrer noopener\" href=\"https:\/\/www.berlin.de\/kultur-und-tickets\/tipps\/frauentag\/5641896-8574225-veranstaltungen-am-frauentag.html\" target=\"_blank\">n<\/a><\/strong><\/p>\n\n\n\n<hr class=\"wp-block-separator has-alpha-channel-opacity\" \/>\n\n\n\n<p class=\"has-medium-font-size\">Feministische F\u00fchrungen im DHM<\/p>\n\n\n\n<p>Das Deutsche Historische Museum (DHM) bietet am 8. M\u00e4rz mehrere feministische F\u00fchrungen durch die Ausstellung <em>Roads not taken. Es h\u00e4tte auch anders kommen k\u00f6nnen<\/em> unter dem Motto <a rel=\"noreferrer noopener\" href=\"https:\/\/www.dhm.de\/veranstaltung\/spot-an-feministische-perspektiven-auf-die-ausstellung-roads-not-taken\/#2024-03-03T12:00:00+01:00\" target=\"_blank\">Spot an! Feministische Perspektiven<\/a> an. Die Namen und Fakten, die im kollektiven Ged\u00e4chtnis oder durch die Schule gelehrt werden, sind oftmals die von M\u00e4nnern. Weibliche Perspektiven sichtbar zu machen und die Spurensuche nach TIN-Personen (Trans-, Inter-, Nicht-bin\u00e4r) ist eine wichtige (aber vernachl\u00e4ssigte) Arbeit der Geschichtswissenschaft. Diese F\u00fchrung \u00e4ndert das, liefert spannende Erkenntnisse und er\u00f6ffnet neue Fragestellungen zu vermeintlich bekanntem Wissen der deutschen Geschichte. Die F\u00fchrungen werden in Deutsch und Englisch angeboten.<\/p>\n\n\n\n<p><strong>Ort &amp; Zeit: 8. M\u00e4rz | ab 12 Uhr | Deutsches Historisches Museum | Pei-Bau | <a rel=\"noreferrer noopener\" href=\"https:\/\/www.dhm.de\/programm\/veranstaltungskalender\/\" target=\"_blank\">Programm<\/a> <\/strong><\/p>\n\n\n\n<p>Am 8. M\u00e4rz bietet das DHM zus\u00e4tzliche kostenfreie F\u00fchrungen unter anderem f\u00fcr die Ausstellung <a rel=\"noreferrer noopener\" href=\"https:\/\/www.dhm.de\/veranstaltung\/dissidentinnen-kunst-und-feminismus-in-der-ddr\/#2024-03-08T13:00:00+01:00\" target=\"_blank\">Dissidentinnen: Kunst und Feminismus in der DDR<\/a> an. Die F\u00fchrung gew\u00e4hrt Einblick in die k\u00fcnstlerischen und politischen Leistungen von Gabriele St\u00f6tzer, Christa Wolf, B\u00e4rbel Bohley und Sarah Kirsch. Anhand der Biographien dieser vier Frauen, die als K\u00fcnstlerinnen Teil der unabh\u00e4ngigen Frauenbewegung der DDR waren und nur in gesch\u00fctzten R\u00e4umen arbeiten konnten, wird das Verh\u00e4ltnis von Kunst und Politik in der DDR thematisiert.<\/p>\n\n\n\n<p><strong>Ort &amp; Zeit: Freitag, 8. M\u00e4rz 2024 | 13 &amp; 15 Uhr | Deutsches Historisches Museum | Pei-Bau | <a rel=\"noreferrer noopener\" href=\"https:\/\/www.dhm.de\/programm\/veranstaltungskalender\/\" target=\"_blank\">Programm<\/a> <\/strong><\/p>\n\n\n\n<hr class=\"wp-block-separator has-alpha-channel-opacity\" \/>\n\n\n\n<p class=\"has-medium-font-size\">Politische Veranstaltungen<\/p>\n\n\n\n<p>Das Bundesministerium f\u00fcr Bildung und Forschung l\u00e4dt in Kooperation mit Wissenschaft im Dialog zu einer Debatte \u00fcber <a rel=\"noreferrer noopener\" href=\"https:\/\/www.bmbf.de\/bmbf\/shareddocs\/kurzmeldungen\/de\/2024\/03\/240308_frauentag.html\" target=\"_blank\">Freiheit und Geschlechtergerechtigkeit in der Wissenschaft<\/a> ein. Im deutschen Wissenschaftssystem ist die Gleichstellung der Geschlechter auch heute noch nicht erreicht. Was k\u00f6nnen wir tun, um Geschlechterparit\u00e4t im Wissenschaftssystem weiter zu st\u00e4rken? Inwiefern beeinflusst eine diverse Forschungsumgebung die Qualit\u00e4t der Forschung? Und warum ist Gleichstellung eine Bedingung f\u00fcr Freiheit? Dies diskutieren die Vorsitzende des Deutschen Ethikrats <strong>Prof. Dr. Alena Buyx<\/strong>, die Tiefseeforscherin und Direktorin des Alfred-Wegener-Instituts <strong>Prof. Dr. Antje Boetius<\/strong> sowie die Pr\u00e4sidentin der Gesellschaft f\u00fcr Informatik, <strong>Christine Regitz<\/strong>. Er\u00f6ffnet wird die Veranstaltung von Bundesforschungsministerin Bettina Stark-Watzinger.<\/p>\n\n\n\n<p><strong>Ort &amp; Zeit: Freitag, 8. M\u00e4rz 2024 | 10 Uhr | <a rel=\"noreferrer noopener\" href=\"https:\/\/www.bmbf.de\/bmbf\/shareddocs\/kurzmeldungen\/de\/2024\/03\/240308_frauentag.html\" target=\"_blank\">Livestream<\/a><\/strong><\/p>\n\n\n\n<p>Die Nordischen Botschaften in Berlin (D\u00e4nemark, Finnland, Island, Norwegen &amp; Schweden) laden zu einem Netzwerkfr\u00fchst\u00fcck und Seminar mit dem Titel <a rel=\"noreferrer noopener\" href=\"https:\/\/www.eventbrite.de\/e\/seminar-und-netzwerkfruhstuck-zum-internationalen-frauentag-tickets-838592772557?aff=oddtdtcreator\" target=\"_blank\">Freie Fahrt f\u00fcr Frauen \u2013 das Ehegattensplitting als Bremsklotz f\u00fcr Gleichberechtigung<\/a> ein. Expert*innen aus Deutschland und Nordeuropa diskutieren, welchen Effekt die Abschaffung des Ehegattensplittings im Vorreiterland Schweden im Jahr 1971 lang- und kurzfristig hatte, und wie die gesellschaftlichen Voraussetzungen f\u00fcr ihre Umsetzung aussahen.<\/p>\n\n\n\n<p>Auf dem Podium wird unter anderem Professorin Jutta Allmendinger, Wissenschaftszentrum Berlin f\u00fcr Sozialforschung, sprechen, die auch bei der Veranstaltung <a rel=\"noreferrer noopener\" href=\"https:\/\/blogs.fu-berlin.de\/frauenbeauftragte\/2023\/03\/16\/rueckblick-kinder-corona-karriereknick\/\" target=\"_blank\">Kinder, Corona, Karriereknick<\/a> des Teams Zentrale Frauenbeauftragte \u00fcber die pandemiebedingten Mehrfachbelastungen von Personen mit Care-Aufgaben einen spannenden Vortrag hielt. <\/p>\n\n\n\n<p><strong>Ort &amp; Zeit: Donnerstag, 7. M\u00e4rz | 8:30 Uhr | <strong>Felleshus der Nordischen Botschaften<\/strong><\/strong> <strong>| <a rel=\"noreferrer noopener\" href=\"https:\/\/www.youtube.com\/watch?v=Hh9e2fKF_VY\" target=\"_blank\">Livestream<\/a> | <a rel=\"noreferrer noopener\" href=\"https:\/\/www.eventbrite.de\/e\/seminar-und-netzwerkfruhstuck-zum-internationalen-frauentag-tickets-838592772557?aff=oddtdtcreator\" target=\"_blank\">Pr\u00e4senzanmeldung<\/a><\/strong><\/p>\n\n\n\n<hr class=\"wp-block-separator has-alpha-channel-opacity\" \/>\n\n\n\n<p class=\"has-medium-font-size\">Kulturveranstaltungen <\/p>\n\n\n\n<p>Das <a rel=\"noreferrer noopener\" href=\"https:\/\/www.berlin.de\/museum\/3108981-2926344-zeissgrossplanetarium.html\" target=\"_blank\">Zeiss-Gro\u00dfplanetarium<\/a> bietet eine besondere Veranstaltung mit dem Titel <strong>Hidden Stars: Wie Frauen die Sterne entdeckten<\/strong> an. Teil des Abends ist die Vorstellung einer Gruppe von Wissenschaftlerinnen, die am Ende des 19. Jahrhunderts viel dazu beigetragen hat, unser Wissen \u00fcber Sterne zu erweitern. Au\u00dferdem werden unter dem Sternenhimmel des Planetariums Ausschnitte aus Dava Sobels \u00bbDas Glas-Universum\u00ab gelesen. <\/p>\n\n\n\n<p><strong>Ort &amp; Zeit: Freitag, 8. M\u00e4rz | 19:45 Uhr | <a rel=\"noreferrer noopener\" href=\"https:\/\/www.planetarium.berlin\/veranstaltungen\/hidden-stars-wie-frauen-die-sterne-entdeckten\" target=\"_blank\">Informationen<\/a> | <\/strong>Zeiss-Gro\u00dfplanetarium | Prenzlauer Allee 80 | 10405 Berlin | Eintritt: 9,50\u20ac<\/p>\n\n\n\n<p>Beim <strong>Female Art Festival <\/strong>auf dem Teufelsberg stellen mehr als 30 K\u00fcnstlerinnen ihre Werke zur Schau. Bei der mehrt\u00e4gigen Veranstaltung werden Streetart, Kreativit\u00e4t, Musik und Entertainment geboten mit Live Painting und Kunsthandwerksmarkt.<\/p>\n\n\n\n<p><strong>Ort &amp; Zeit: Freitag, 8. M\u00e4rz &#8211; Sonntag, 10. M\u00e4rz | 8-18 Uhr | <a rel=\"noreferrer noopener\" href=\"https:\/\/www.urbanpresents.net\/events\/power-of-female-art-festival\/\" target=\"_blank\">Informationen <\/a>| <\/strong>Teufelsberg| Teufelsseechaussee 10 | Grunewald | Tickets: 15,00\u20ac<\/p>\n\n\n\n<p>Zum Internationalen Frauentag 2024 spielt das <strong>Berliner Ensemble f\u00fcr Klassische T\u00fcrkische Musik e.V.<\/strong> im Festsaal im Schloss Britz Werke t\u00fcrkischer Komponistinnen des 17., 18., und 19. Jahrhunderts. Unter anderem Werke von Kemani Kevser Han\u0131m, Leyl\u00e2 Saz und Neveser K\u00f6kde\u015f.<\/p>\n\n\n\n<p><strong>Ort &amp; Zeit: Freitag, 8. M\u00e4rz | 19 Uhr | <a rel=\"noreferrer noopener\" href=\"https:\/\/schloss-gutshof-britz.de\/schloss-britz\/veranstaltungen\/kalender\/berliner-ensemble-fuer-klassische-tuerkische-musik-konzert-zum-weltfrauentag-2024#\/\" target=\"_blank\">Informationen<\/a> | <\/strong>Schloss Britz |Alt-Britz 73 | Berliner Ensemble f\u00fcr klassische t\u00fcrkische Musik | Tickets 19,00\u20ac<\/p>\n\n\n\n<hr class=\"wp-block-separator has-alpha-channel-opacity\" \/>\n\n\n\n<p class=\"has-medium-font-size\">Gedenken<\/p>\n\n\n\n<p><a rel=\"noreferrer noopener\" href=\"https:\/\/www.berlin.de\/kultur-und-tickets\/tipps\/5641896-1678259-veranstaltungen-am-frauentag.html#hfrauenrechte\" target=\"_blank\">Rosen f\u00fcr Clara!<\/a> Unter diesem Motto ruft das FrauenNetz Marzahn-Hellersdorf zu einer Demonstration und Gedenkveranstaltung f\u00fcr die Frauenrechtlerin Clara Zetkin auf. Bereits seit 20 Jahren gedenkt das FrauenNetz am Internationalen Frauentag Clara Zetkin und legt Blumen an ihrem Denkmal nieder. Begleitet von Gru\u00dfworten des Bezirksb\u00fcrgermeisters und Redebeitr\u00e4gen von Aktivist*innen, steht neben dem Gedenken auch der politische Aspekt im Vordergrund. Das Netzwerk stellt Forderungen f\u00fcr ein gewaltfreies Leben f\u00fcr Frauen und ihre Kinder, gegen Frauenarmut und f\u00fcr eine Aufwertung der Sorgearbeit und mahnt die Sicherstellung von und die Solidarit\u00e4t mit den Frauen aus aller Welt an.<\/p>\n\n\n\n<p><strong>Ort &amp; Zeit: Donnerstag, 7. M\u00e4rz 2024 | 13 Uhr | Clara-Zetkin-Denkmal | <a rel=\"noreferrer noopener\" href=\"https:\/\/www.berlin.de\/ba-marzahn-hellersdorf\/aktuelles\/pressemitteilungen\/2024\/pressemitteilung.1417327.php\" target=\"_blank\">Programm<\/a> <\/strong><\/p>\n","protected":false},"excerpt":{"rendered":"<p>8. M\u00e4rz 2024 in Berlin &#8211; Weltweit begehen Menschen den Internationalen Frauentag mit Demonstrationen, Streiks und Gedenkveranstaltungen. Politische Backlashes und multiple Krisen bedrohen die Geschlechtergerechtigkeit und -vielfalt. Insbesondere die Freiheit und Sicherheit von Frauen, Lesben, Inter-, nichtbin\u00e4ren-, Trans- und A-gender-Personen ist noch lange nicht erreicht. Eine Auswahl an politischen, kulturellen und k\u00e4mpferischen Berliner Aktionen, werden &hellip; <a href=\"https:\/\/blogs.fu-berlin.de\/frauenbeauftragte\/2024\/03\/05\/veranstaltungen-zum-internationalen-frauentag\/\" class=\"more-link\"><span class=\"screen-reader-text\">\u201eVeranstaltungen zum Internationalen Frauentag\u201c<\/span> weiterlesen<\/a><\/p>\n","protected":false},"author":7120,"featured_media":8177,"comment_status":"open","ping_status":"open","sticky":false,"template":"","format":"standard","meta":{"footnotes":""},"categories":[428608],"tags":[215230,433454,314101,233545,437419,4107],"class_list":["post-8148","post","type-post","status-publish","format-standard","has-post-thumbnail","hentry","category-informiert","tag-gewalt","tag-gleichstellungspolitik","tag-gender-pay-gap","tag-studierende","tag-beschaeftigte","tag-feminismus"],"_links":{"self":[{"href":"https:\/\/blogs.fu-berlin.de\/frauenbeauftragte\/wp-json\/wp\/v2\/posts\/8148","targetHints":{"allow":["GET"]}}],"collection":[{"href":"https:\/\/blogs.fu-berlin.de\/frauenbeauftragte\/wp-json\/wp\/v2\/posts"}],"about":[{"href":"https:\/\/blogs.fu-berlin.de\/frauenbeauftragte\/wp-json\/wp\/v2\/types\/post"}],"author":[{"embeddable":true,"href":"https:\/\/blogs.fu-berlin.de\/frauenbeauftragte\/wp-json\/wp\/v2\/users\/7120"}],"replies":[{"embeddable":true,"href":"https:\/\/blogs.fu-berlin.de\/frauenbeauftragte\/wp-json\/wp\/v2\/comments?post=8148"}],"version-history":[{"count":34,"href":"https:\/\/blogs.fu-berlin.de\/frauenbeauftragte\/wp-json\/wp\/v2\/posts\/8148\/revisions"}],"predecessor-version":[{"id":11890,"href":"https:\/\/blogs.fu-berlin.de\/frauenbeauftragte\/wp-json\/wp\/v2\/posts\/8148\/revisions\/11890"}],"wp:featuredmedia":[{"embeddable":true,"href":"https:\/\/blogs.fu-berlin.de\/frauenbeauftragte\/wp-json\/wp\/v2\/media\/8177"}],"wp:attachment":[{"href":"https:\/\/blogs.fu-berlin.de\/frauenbeauftragte\/wp-json\/wp\/v2\/media?parent=8148"}],"wp:term":[{"taxonomy":"category","embeddable":true,"href":"https:\/\/blogs.fu-berlin.de\/frauenbeauftragte\/wp-json\/wp\/v2\/categories?post=8148"},{"taxonomy":"post_tag","embeddable":true,"href":"https:\/\/blogs.fu-berlin.de\/frauenbeauftragte\/wp-json\/wp\/v2\/tags?post=8148"}],"curies":[{"name":"wp","href":"https:\/\/api.w.org\/{rel}","templated":true}]}}