{"id":8167,"date":"2024-03-09T00:01:00","date_gmt":"2024-03-08T23:01:00","guid":{"rendered":"https:\/\/blogs.fu-berlin.de\/frauenbeauftragte\/?p=8167"},"modified":"2024-03-14T11:00:54","modified_gmt":"2024-03-14T10:00:54","slug":"ausgezeichnet-und-gefeiert-mechthild-koreuber","status":"publish","type":"post","link":"https:\/\/blogs.fu-berlin.de\/frauenbeauftragte\/2024\/03\/09\/ausgezeichnet-und-gefeiert-mechthild-koreuber\/","title":{"rendered":"Ausgezeichnet und gefeiert: Mechthild Koreuber"},"content":{"rendered":"\n<div class=\"wp-block-media-text alignwide is-stacked-on-mobile\"><figure class=\"wp-block-media-text__media\"><img loading=\"lazy\" decoding=\"async\" width=\"1000\" height=\"666\" src=\"https:\/\/blogs.fu-berlin.de\/frauenbeauftragte\/files\/2024\/03\/11_vp1_koreuber_quelle.jpg\" alt=\"\" class=\"wp-image-8268 size-full\" srcset=\"https:\/\/blogs.fu-berlin.de\/frauenbeauftragte\/files\/2024\/03\/11_vp1_koreuber_quelle.jpg 1000w, https:\/\/blogs.fu-berlin.de\/frauenbeauftragte\/files\/2024\/03\/11_vp1_koreuber_quelle-300x200.jpg 300w, https:\/\/blogs.fu-berlin.de\/frauenbeauftragte\/files\/2024\/03\/11_vp1_koreuber_quelle-768x511.jpg 768w\" sizes=\"auto, (max-width: 709px) 85vw, (max-width: 909px) 67vw, (max-width: 1362px) 62vw, 840px\" \/><\/figure><div class=\"wp-block-media-text__content\">\n<p>Der Margherita-von-Brentano-Preis 2023 ging an Dr. Mechthild Koreuber, zentrale Frauenbeauftragte der Freien Universit\u00e4t von 1999 bis 2023. Mit dieser Auszeichnung w\u00fcrdigte das Pr\u00e4sidium Koreubers langj\u00e4hriges und unerm\u00fcdliches Engagement f\u00fcr mehr Geschlechtergerechtigkeit an der Hochschule. Impressionen in Wort und Bild stellen wir Ihnen in der Nachlese zur feierlichen Preisverleihung vor.<\/p>\n\n\n\n<!--more-->\n<\/div><\/div>\n\n\n\n<p>\u201eEnergisch, aufgew\u00fchlt und doch \u2013 oder gerade deswegen \u2013 auch so erfrischend\u201c, so beschrieb Marianne Braig, Professorin am Lateinamerika-Institut und Moderatorin des Abends, die Preistr\u00e4gerin Dr. Mechthild Koreuber im Rahmen der Festveranstaltung zur Margherita-von-Brentano-Preisverleihung am 23. Januar 2024 im Henry-Ford-Bau.<\/p>\n\n\n<div class=\"wp-block-image\">\n<figure class=\"alignright size-full is-resized\"><img loading=\"lazy\" decoding=\"async\" src=\"https:\/\/blogs.fu-berlin.de\/frauenbeauftragte\/files\/2024\/02\/08_koreuber.jpg\" alt=\"\" class=\"wp-image-8175\" width=\"500\" height=\"333\" srcset=\"https:\/\/blogs.fu-berlin.de\/frauenbeauftragte\/files\/2024\/02\/08_koreuber.jpg 1000w, https:\/\/blogs.fu-berlin.de\/frauenbeauftragte\/files\/2024\/02\/08_koreuber-300x200.jpg 300w, https:\/\/blogs.fu-berlin.de\/frauenbeauftragte\/files\/2024\/02\/08_koreuber-768x511.jpg 768w\" sizes=\"auto, (max-width: 500px) 85vw, 500px\" \/><figcaption>Dr. Mechthild Koreuber<\/figcaption><\/figure><\/div>\n\n\n<p>Die Mathematikhistorikerin Mechthild Koreuber war von April 1999 bis Mitte April 2023 zentrale Frauenbeauftragte der Freien Universit\u00e4t Berlin. Sie erh\u00e4lt die Auszeichnung f\u00fcr ihr langj\u00e4hriges Engagement f\u00fcr Gleichstellung und Frauenf\u00f6rderung an der FU. Die w\u00e4hrend ihrer Amtszeit aufgebauten Gleichstellungstrukturen pr\u00e4gen nicht nur die Freie Universit\u00e4t bis heute, sie haben dar\u00fcber hinaus auch bundesweit Standards gesetzt. Koreuber richtete eine Initiative zur F\u00f6rderung der Geschlechterforschung in den MINT-F\u00e4chern ein und baute nachhaltige Strukturen zum Schutz vor sexualisierter Diskriminierung, Bel\u00e4stigung und Gewalt an der Hochschule auf. W\u00e4hrend ihrer Amtszeit konnte der Frauenanteil bei Professuren an der Freien Universit\u00e4t deutlich gesteigert werden.<\/p>\n\n\n\n<p class=\"has-medium-font-size\">Von Fachkollege zu Fachkollegin<\/p>\n\n\n<div class=\"wp-block-image\">\n<figure class=\"alignleft size-full is-resized\"><img loading=\"lazy\" decoding=\"async\" src=\"https:\/\/blogs.fu-berlin.de\/frauenbeauftragte\/files\/2024\/02\/02_ziegler.jpg\" alt=\"\" class=\"wp-image-8182\" width=\"500\" height=\"333\" srcset=\"https:\/\/blogs.fu-berlin.de\/frauenbeauftragte\/files\/2024\/02\/02_ziegler.jpg 1000w, https:\/\/blogs.fu-berlin.de\/frauenbeauftragte\/files\/2024\/02\/02_ziegler-300x200.jpg 300w, https:\/\/blogs.fu-berlin.de\/frauenbeauftragte\/files\/2024\/02\/02_ziegler-768x511.jpg 768w\" sizes=\"auto, (max-width: 500px) 85vw, 500px\" \/><figcaption>Prof. Dr. G\u00fcnter M. Ziegler<\/figcaption><\/figure><\/div>\n\n\n<p>Der Pr\u00e4sident der Freien Universit\u00e4t Berlin, Professor Dr. G\u00fcnter M. Ziegler, begr\u00fc\u00dfte die Preistr\u00e4gerin und die Festgesellschaft mit sichtlicher Freude beim Blick ins Auditorium. Er sei \u201elange nicht mehr unter so vielen Powerfrauen\u201c gewesen. Ziegler sprach als Mathematiker sozusagen als Fachkollege zur scheidenden Frauenbeauftragten und Mathematikerin. Er dankte ihr f\u00fcr ihr tatkr\u00e4ftiges Engagement. Hierf\u00fcr zitierte er den r\u00f6mischen Redner und Philosophen Marcus Tullius Cicero: \u201eKeine Schuld ist dringender, als die, Dank zu sagen.\u201c<\/p>\n\n\n\n<p class=\"has-medium-font-size\">Erfolgreiche Gesetzes\u00e4nderungen<\/p>\n\n\n<div class=\"wp-block-image\">\n<figure class=\"alignright size-full is-resized\"><img loading=\"lazy\" decoding=\"async\" src=\"https:\/\/blogs.fu-berlin.de\/frauenbeauftragte\/files\/2024\/02\/image.png\" alt=\"\" class=\"wp-image-8196\" width=\"500\" height=\"333\" srcset=\"https:\/\/blogs.fu-berlin.de\/frauenbeauftragte\/files\/2024\/02\/image.png 1000w, https:\/\/blogs.fu-berlin.de\/frauenbeauftragte\/files\/2024\/02\/image-300x200.png 300w, https:\/\/blogs.fu-berlin.de\/frauenbeauftragte\/files\/2024\/02\/image-768x511.png 768w\" sizes=\"auto, (max-width: 500px) 85vw, 500px\" \/><figcaption>Dr. Ina Czyborra<\/figcaption><\/figure><\/div>\n\n\n<p>Das Gru\u00dfwort sprach Dr. Ina Czyborra, Senatorin f\u00fcr Wissenschaft, Gesundheit und Pflege. Sie w\u00fcrdigte Koreubers Einsatz auch auf politischer Ebene. So sei es ihr zu verdanken, dass der Passus \u201ezentrale Frauenbeauftragte m\u00fcssen vertreten werden\u201c in das Berliner Hochschulgesetz aufgenommen wurde. Dass die Pr\u00e4senz von Frauen in allen universit\u00e4ren Bereichen eine wichtige Signalwirkung hat, zeigt sich auch an Czyborras eigener Geschichte. \u00dcber ihr Studium der pr\u00e4historischen Arch\u00e4ologie und Geschichte sagte sie: \u201eIch war in einer Welt ohne Frauen.\u201c Nur durch einen Kulturwandel und die Implementierung von Ma\u00dfnahmen k\u00f6nne strukturellen Ungleichheiten an Hochschulen entgegengewirkt werden. Diesen Wandel voranzubringen sei, wie so viele Aufgaben der Frauenbeauftragten, keine vergn\u00fcgungssteuerpflichtige Arbeit. \u201eWir sind wirklich nicht am Ziel\u201c, so das Fazit der Senatorin.<\/p>\n\n\n\n<p class=\"has-medium-font-size\">\u201eMein gro\u00dfer Knicks vor deiner Arbeit\u201c<\/p>\n\n\n\n<p>Geduldig und mit langem Atem habe Mechthild Koreuber an der FU stereotypes Denken \u2013 auch bei sich selbst \u2013 erkannt, aufgebrochen und sei dagegen angegangen. Mit Respekt und Bewunderung blickte die Laudatorin Professorin Dr. Jutta Allmendinger, Pr\u00e4sidentin des Wissenschaftszentrums Berlin f\u00fcr Sozialforschung, auf Koreubers Leistungen der vergangenen Jahrzehnte.<\/p>\n\n\n<div class=\"wp-block-image\">\n<figure class=\"alignleft size-full is-resized\"><img loading=\"lazy\" decoding=\"async\" src=\"https:\/\/blogs.fu-berlin.de\/frauenbeauftragte\/files\/2024\/02\/04_allmendinger-1.jpg\" alt=\"\" class=\"wp-image-8197\" width=\"500\" height=\"333\" srcset=\"https:\/\/blogs.fu-berlin.de\/frauenbeauftragte\/files\/2024\/02\/04_allmendinger-1.jpg 1000w, https:\/\/blogs.fu-berlin.de\/frauenbeauftragte\/files\/2024\/02\/04_allmendinger-1-300x200.jpg 300w, https:\/\/blogs.fu-berlin.de\/frauenbeauftragte\/files\/2024\/02\/04_allmendinger-1-768x511.jpg 768w\" sizes=\"auto, (max-width: 500px) 85vw, 500px\" \/><figcaption>Prof. Dr. Jutta Allmendinger<\/figcaption><\/figure><\/div>\n\n\n<p>\u201eAn der Uni und in der Wissenschaft sei es zwar eine Selbstverst\u00e4ndlichkeit zu sagen, dass man Stellen mit Frauen besetzen wolle, aber keine Selbstverst\u00e4ndlichkeit, sie tats\u00e4chlich mit Frauen zu besetzen.\u201c Dagegen hat Koreuber als Frauenbeauftragte unter anderem gek\u00e4mpft. Nun sei es an der Zeit f\u00fcr ihre Nachfolgerinnen, \u201edas gro\u00dfe Erbe anzutreten und weiter das dicke Brett zu bohren\u201c. Trotz aller Erfolge der letzten Jahre sei die die To-do-Liste in der Wissenschaft gegen Diskriminierung nach wie vor lang: Wissenschaftszeitvertragsgesetz, Tenure Track, Gender Pay Gap und der Dauerbrenner, die Frage nach der Vereinbarkeit stehen darauf. \u201eNiemand\u201c, sagte Allmendinger, \u201esollte auf Kinder verzichten, um eine ordentliche Karriere machen zu k\u00f6nnen.\u201c<\/p>\n\n\n\n<p class=\"has-medium-font-size\">\u201eDie mit dem Teeladen\u201c<\/p>\n\n\n<div class=\"wp-block-image\">\n<figure class=\"alignright size-full is-resized\"><img loading=\"lazy\" decoding=\"async\" src=\"https:\/\/blogs.fu-berlin.de\/frauenbeauftragte\/files\/2024\/02\/05_guettner.jpg\" alt=\"\" class=\"wp-image-8189\" width=\"500\" height=\"333\" srcset=\"https:\/\/blogs.fu-berlin.de\/frauenbeauftragte\/files\/2024\/02\/05_guettner.jpg 1000w, https:\/\/blogs.fu-berlin.de\/frauenbeauftragte\/files\/2024\/02\/05_guettner-300x200.jpg 300w, https:\/\/blogs.fu-berlin.de\/frauenbeauftragte\/files\/2024\/02\/05_guettner-768x511.jpg 768w\" sizes=\"auto, (max-width: 500px) 85vw, 500px\" \/><figcaption>Andrea G\u00fcttner<\/figcaption><\/figure><\/div>\n\n\n<p> Andrea G\u00fcttner, Kanzlerin der Freien Universit\u00e4t Berlin (mdWdAb) und langj\u00e4hrige Wegbegleiterin von Mechthild Koreuber, erinnerte sich in ihrer Laudatio an ihre erste Begegnung. Als studentisches Mitglied im Frauenrat nahm G\u00fcttner vor \u00fcber 25 Jahren an den Vorstellungsgespr\u00e4chen f\u00fcr das Amt der zentralen Frauenbeauftragten teil, \u201eund damit hatte ich die Ehre, die zentrale Frauenbeauftragte mit auszuw\u00e4hlen. Zudem arbeitete ich im B\u00fcro der zentralen Frauenbeauftragten als studentische Hilfskraft \u2013 ich durfte mir also sogar meine Chefin aussuchen\u201c. Gew\u00e4hlt wurde letztendlich \u201edie mit dem Teeladen\u201c, so wurde Mechthild Koreuber nach Sichtung der Bewerbungsunterlagen &#8222;etwas schnodderig&#8220; genannt. Am 1. April 1999 trat sie das Amt an.  W\u00e4hrend ihrer Amtszeit habe Koreuber viele Rollen eingenommen, von der \u201eExpertin, Beraterin, Krisenmanagerin\u201c zur \u201eIdeengeberin, Vertrauten und Streitpartnerin\u201c, so G\u00fcttner. \u201eDu hast dein Engagement, deine Kraft, deine Pers\u00f6nlichkeit [&#8230;] in diese Aufgabe gegeben, auch mit all dem Negativen, die in einer solchen Funktion auf einen zukommen: Druck, Kritik, teilweise Unfairness und pers\u00f6nliches Angehen.\u201c Dies alles habe Koreuber gemeistert und \u201edaf\u00fcr sage ich an dieser Stelle als Kanzlerin der FU Berlin, aber auch als ehemalige Studentin [&#8230;] und Frau danke \u2013 danke, dass du diesen Weg gegangen bist\u201c.<\/p>\n\n\n\n<p class=\"has-medium-font-size\">\u201eDanke im Namen der Berliner Mathematik\u201c<\/p>\n\n\n<div class=\"wp-block-image\">\n<figure class=\"alignleft size-full is-resized\"><img loading=\"lazy\" decoding=\"async\" src=\"https:\/\/blogs.fu-berlin.de\/frauenbeauftragte\/files\/2024\/02\/image-1.png\" alt=\"\" class=\"wp-image-8198\" width=\"500\" height=\"333\" srcset=\"https:\/\/blogs.fu-berlin.de\/frauenbeauftragte\/files\/2024\/02\/image-1.png 1000w, https:\/\/blogs.fu-berlin.de\/frauenbeauftragte\/files\/2024\/02\/image-1-300x200.png 300w, https:\/\/blogs.fu-berlin.de\/frauenbeauftragte\/files\/2024\/02\/image-1-768x511.png 768w\" sizes=\"auto, (max-width: 500px) 85vw, 500px\" \/><figcaption>Prof. Dr. Ralf Kornhuber<\/figcaption><\/figure><\/div>\n\n\n<p>Auch Dr. Ralf Kornhuber, Professor am Institut f\u00fcr Mathematik, blickte dankbar auf die Zusammenarbeit mit Koreuber zur\u00fcck: &#8222;Sie war ein Gewinn f\u00fcr die FU, teilweise mit lautstarken Konflikten, mit der Einforderung nach Mitsprache hat sie einen sanften Kulturwandel eingef\u00fchrt.\u201c Insbesondere die Implementierung von Gender Studies in der Mathematik sei eine Errungenschaft gewesen. In seiner Laudatio bezog sich Kornhuber \u2013 wie andere Redner*innen vor und nach ihm \u2013 vor allem auf die W\u00fcrdigung von Koreubers Leistungen bez\u00fcglich Frauenf\u00f6rderung und Geschlechterforschung im MINT-Bereich. Gerne erinnerte Kornhuber an das gemeinsam realisierte <a rel=\"noreferrer noopener\" href=\"https:\/\/www.portraittheater.net\/wp-content\/uploads\/2023\/05\/Medieninformation_EmmyNoether_portraittheater.pdf\" target=\"_blank\">Theaterst\u00fcck zu Emmy Noether<\/a>, das Koreuber auf die FU B\u00fchne holte, und an ihr einzigartiges Engagement und ihre wissenschaftliche Beratung zur Noether-Konferenz.<\/p>\n\n\n\n<p class=\"has-medium-font-size\">Interdisziplin\u00e4r und international<\/p>\n\n\n<div class=\"wp-block-image\">\n<figure class=\"alignright size-full is-resized\"><img loading=\"lazy\" decoding=\"async\" src=\"https:\/\/blogs.fu-berlin.de\/frauenbeauftragte\/files\/2024\/02\/image-2.png\" alt=\"\" class=\"wp-image-8201\" width=\"500\" height=\"333\" srcset=\"https:\/\/blogs.fu-berlin.de\/frauenbeauftragte\/files\/2024\/02\/image-2.png 1000w, https:\/\/blogs.fu-berlin.de\/frauenbeauftragte\/files\/2024\/02\/image-2-300x200.png 300w, https:\/\/blogs.fu-berlin.de\/frauenbeauftragte\/files\/2024\/02\/image-2-768x511.png 768w\" sizes=\"auto, (max-width: 500px) 85vw, 500px\" \/><figcaption>Prof. Dr. Verena Blechinger-Talcott<\/figcaption><\/figure><\/div>\n\n\n<p>Die Erste Vizepr\u00e4sidentin der FU, Professorin Dr. Verena Blechinger-Talcott, hatte die Ehre, Mechthild Koreuber den mit 15.000 Euro dotierten Margherita-von-Brentano-Preis zu \u00fcberreichen. Mit diesem Preis w\u00fcrdigt das Pr\u00e4sidium der Freien Universit\u00e4t alle zwei Jahre Pers\u00f6nlichkeiten oder Projekte f\u00fcr herausragende Leistungen in der Geschlechterforschung oder Gleichstellung. Die Auszeichnung z\u00e4hlt zu den h\u00f6chstdotierten Frauenf\u00f6rderpreisen in Deutschland. Blechinger-Talcott mit dem Schwerpunkt Gleichstellung im Pr\u00e4sidium betonte Koreubers Engagement in der internationalen Vernetzung mit Universit\u00e4ten in Ghana und Kenia und ihren interdisziplin\u00e4ren Ansatz in ihrer Arbeit.<\/p>\n\n\n\n<p>An dieses Projekt, <em>EQUIP &#8211; Chancengleichheit im Hochschulwesen: Partnerschaft f\u00fcr institutionellen Wandel mit der University of Cape Coast (Ghana)<\/em>, kn\u00fcpft der Vorschlag von Mechthild Koreuber an, das Preisgeld f\u00fcr eine Nachfolgekonferenz zu verwenden. Eine weitere Idee ist eine Internationale Fachkonferenz zu Geschlechterforschung in der Mathematik und den angrenzenden Disziplinen Physik und Informatik zum International Women in Maths Day am 12. Mai. Auch k\u00f6nnte das Preisgeld f\u00fcr ein Forschungsprojekt zu Emmy Noether und ihren Sch\u00fclerinnen sowie weiteren Mathematikerinnen in der ersten H\u00e4lfte des 20. Jahrhunderts verwendet werden.<\/p>\n\n\n\n<p class=\"has-medium-font-size\">Mit Humor und Geradlinigkeit<\/p>\n\n\n<div class=\"wp-block-image\">\n<figure class=\"alignleft size-full is-resized\"><img loading=\"lazy\" decoding=\"async\" src=\"https:\/\/blogs.fu-berlin.de\/frauenbeauftragte\/files\/2024\/02\/12_gruppenbild.jpg\" alt=\"\" class=\"wp-image-8191\" width=\"500\" height=\"333\" srcset=\"https:\/\/blogs.fu-berlin.de\/frauenbeauftragte\/files\/2024\/02\/12_gruppenbild.jpg 1000w, https:\/\/blogs.fu-berlin.de\/frauenbeauftragte\/files\/2024\/02\/12_gruppenbild-300x200.jpg 300w, https:\/\/blogs.fu-berlin.de\/frauenbeauftragte\/files\/2024\/02\/12_gruppenbild-768x511.jpg 768w\" sizes=\"auto, (max-width: 500px) 85vw, 500px\" \/><\/figure><\/div>\n\n\n<p>Gerne zitierte Mechthild Koreuber <a rel=\"noreferrer noopener\" href=\"https:\/\/blogs.fu-berlin.de\/frauenbeauftragte\/files\/2024\/03\/Jutta-Limbach-ein-Nachruf-WRB_2016_02.pdf\" target=\"_blank\">Jutta Limbach<\/a> (erste Frauenbeauftragte eines juristischen Fachbereichs in Deutschland), um die Herausforderungen und M\u00f6glichkeiten des Amtes zu beschreiben: \u201eDie Erwartungen an die Frauenbeauftragte sind hoch, ihre Machtmittel dagegen bescheiden. Ihr wird schlicht der Verfassungsauftrag des Grundgesetzes auf die schmalen Schultern geladen.\u201c Aber trotz aller Last blickte Koreuber zufrieden und stolz auf ihre Amtszeit zur\u00fcck. Sozusagen als Erfolgsformel daf\u00fcr nannte sie in einem <a rel=\"noreferrer noopener\" href=\"https:\/\/www.fu-berlin.de\/campusleben\/vorgestellt\/2023\/230423-frauenbeauftragte\/index.html\" target=\"_blank\">Interview mit campus.leben<\/a> Geradlinigkeit und Verl\u00e4sslichkeit des eigenen politischen Handelns, Zugewandtheit gegen\u00fcber den unterschiedlichen Kulturen in einer Universit\u00e4t &#8211; und Humor. Die Auszeichnung mit dem Margherita-von-Brentano-Preis sei f\u00fcr sie \u201eeine wunderbare W\u00fcrdigung meines Wirkens\u201c.<\/p>\n\n\n\n<p>W\u00e4hrend ihrer Amtszeit als Frauenbeauftragte war Koreuber nicht selten heftigem Gegenwind ausgesetzt. Bei allem was sie tat, ihr Wirken, ihr Auftreten, wurde nicht von allen gesch\u00e4tzt, von manchen gar gef\u00fcrchtet. \u201eStreitf\u00e4hig, konfliktf\u00e4hig, nie nachtragend\u201c sei sie gewesen, ihre Loyalit\u00e4t zur Freien Universit\u00e4t unverbr\u00fcchlich, sagte Marianne Braig und beendete ihre Moderation mit den Worten \u201eDu hast uns und <em>deine<\/em> Universit\u00e4t ver\u00e4ndert.\u201c<\/p>\n\n\n\n<p class=\"has-medium-font-size\">Die Namensgeberin des Preises<\/p>\n\n\n<div class=\"wp-block-image\">\n<figure class=\"alignright size-full is-resized\"><img loading=\"lazy\" decoding=\"async\" src=\"https:\/\/blogs.fu-berlin.de\/frauenbeauftragte\/files\/2024\/02\/09_baptist.jpg\" alt=\"\" class=\"wp-image-8190\" width=\"500\" height=\"333\" srcset=\"https:\/\/blogs.fu-berlin.de\/frauenbeauftragte\/files\/2024\/02\/09_baptist.jpg 1000w, https:\/\/blogs.fu-berlin.de\/frauenbeauftragte\/files\/2024\/02\/09_baptist-300x200.jpg 300w, https:\/\/blogs.fu-berlin.de\/frauenbeauftragte\/files\/2024\/02\/09_baptist-768x511.jpg 768w\" sizes=\"auto, (max-width: 500px) 85vw, 500px\" \/><figcaption>Musikalisch umrahmt wurde der Abend von Prof. Maria Baptist,<br>Hochschule f\u00fcr Musik Hanns Eisler Berlin<\/figcaption><\/figure><\/div>\n\n\n<p>Margherita von Brentano promovierte 1948 bei Martin Heidegger und wurde 1971 Professorin am Institut f\u00fcr Philosophie der Freien Universit\u00e4t Berlin. 1970 wurde sie als erste Frau in das Amt der Vizepr\u00e4sidentin der Hochschule gew\u00e4hlt. Bereits zu Beginn der 1960er Jahre engagierte sie sich daf\u00fcr, die berufliche Diskriminierung von Frauen an Universit\u00e4ten und Forschungseinrichtungen zu \u00fcberwinden. In ihrem Gedenken wurde 1995 zum ersten Mal der <a rel=\"noreferrer noopener\" href=\"https:\/\/www.fu-berlin.de\/sites\/margherita-von-brentano\/\" target=\"_blank\">Margherita-von-Brentano-Preis<\/a> verliehen und seitdem viele <a rel=\"noreferrer noopener\" href=\"https:\/\/www.fu-berlin.de\/sites\/margherita-von-brentano\/preistraegerinnen\/index.html\" target=\"_blank\">Einzelpersonen und Projekte<\/a> f\u00fcr ihren herausragenden Einsatz f\u00fcr Frauenf\u00f6rderung und Gleichstellung ausgezeichnet. <\/p>\n\n\n\n<p>Alle Fotos auf dieser Seite: Christian Demarco <\/p>\n\n\n\n<hr class=\"wp-block-separator has-alpha-channel-opacity\" \/>\n","protected":false},"excerpt":{"rendered":"<p>Der Margherita-von-Brentano-Preis 2023 ging an Dr. Mechthild Koreuber, zentrale Frauenbeauftragte der Freien Universit\u00e4t von 1999 bis 2023. Mit dieser Auszeichnung w\u00fcrdigte das Pr\u00e4sidium Koreubers langj\u00e4hriges und unerm\u00fcdliches Engagement f\u00fcr mehr Geschlechtergerechtigkeit an der Hochschule. Impressionen in Wort und Bild stellen wir Ihnen in der Nachlese zur feierlichen Preisverleihung vor.<\/p>\n","protected":false},"author":6410,"featured_media":8268,"comment_status":"open","ping_status":"open","sticky":false,"template":"","format":"standard","meta":{"footnotes":""},"categories":[428608,603],"tags":[301208,433454,437402],"class_list":["post-8167","post","type-post","status-publish","format-standard","has-post-thumbnail","hentry","category-informiert","category-vorgestellt","tag-frauenfoerderung","tag-gleichstellungspolitik","tag-frauenbeauftragte"],"_links":{"self":[{"href":"https:\/\/blogs.fu-berlin.de\/frauenbeauftragte\/wp-json\/wp\/v2\/posts\/8167","targetHints":{"allow":["GET"]}}],"collection":[{"href":"https:\/\/blogs.fu-berlin.de\/frauenbeauftragte\/wp-json\/wp\/v2\/posts"}],"about":[{"href":"https:\/\/blogs.fu-berlin.de\/frauenbeauftragte\/wp-json\/wp\/v2\/types\/post"}],"author":[{"embeddable":true,"href":"https:\/\/blogs.fu-berlin.de\/frauenbeauftragte\/wp-json\/wp\/v2\/users\/6410"}],"replies":[{"embeddable":true,"href":"https:\/\/blogs.fu-berlin.de\/frauenbeauftragte\/wp-json\/wp\/v2\/comments?post=8167"}],"version-history":[{"count":36,"href":"https:\/\/blogs.fu-berlin.de\/frauenbeauftragte\/wp-json\/wp\/v2\/posts\/8167\/revisions"}],"predecessor-version":[{"id":8316,"href":"https:\/\/blogs.fu-berlin.de\/frauenbeauftragte\/wp-json\/wp\/v2\/posts\/8167\/revisions\/8316"}],"wp:featuredmedia":[{"embeddable":true,"href":"https:\/\/blogs.fu-berlin.de\/frauenbeauftragte\/wp-json\/wp\/v2\/media\/8268"}],"wp:attachment":[{"href":"https:\/\/blogs.fu-berlin.de\/frauenbeauftragte\/wp-json\/wp\/v2\/media?parent=8167"}],"wp:term":[{"taxonomy":"category","embeddable":true,"href":"https:\/\/blogs.fu-berlin.de\/frauenbeauftragte\/wp-json\/wp\/v2\/categories?post=8167"},{"taxonomy":"post_tag","embeddable":true,"href":"https:\/\/blogs.fu-berlin.de\/frauenbeauftragte\/wp-json\/wp\/v2\/tags?post=8167"}],"curies":[{"name":"wp","href":"https:\/\/api.w.org\/{rel}","templated":true}]}}