{"id":8238,"date":"2024-03-13T15:00:00","date_gmt":"2024-03-13T14:00:00","guid":{"rendered":"https:\/\/blogs.fu-berlin.de\/frauenbeauftragte\/?p=8238"},"modified":"2024-03-21T15:50:58","modified_gmt":"2024-03-21T14:50:58","slug":"frauen-und-gleichstellungsrat-konstituiert","status":"publish","type":"post","link":"https:\/\/blogs.fu-berlin.de\/frauenbeauftragte\/2024\/03\/13\/frauen-und-gleichstellungsrat-konstituiert\/","title":{"rendered":"Frauen- und Gleichstellungsrat konstituiert"},"content":{"rendered":"\n<div class=\"wp-block-media-text alignwide is-stacked-on-mobile\"><figure class=\"wp-block-media-text__media\"><img loading=\"lazy\" decoding=\"async\" width=\"1000\" height=\"666\" src=\"https:\/\/blogs.fu-berlin.de\/frauenbeauftragte\/files\/2023\/11\/frauenrat.png\" alt=\"\" class=\"wp-image-7369 size-full\" srcset=\"https:\/\/blogs.fu-berlin.de\/frauenbeauftragte\/files\/2023\/11\/frauenrat.png 1000w, https:\/\/blogs.fu-berlin.de\/frauenbeauftragte\/files\/2023\/11\/frauenrat-300x200.png 300w, https:\/\/blogs.fu-berlin.de\/frauenbeauftragte\/files\/2023\/11\/frauenrat-768x511.png 768w\" sizes=\"auto, (max-width: 709px) 85vw, (max-width: 909px) 67vw, (max-width: 1362px) 62vw, 840px\" \/><\/figure><div class=\"wp-block-media-text__content\">\n<p>Der <a rel=\"noreferrer noopener\" href=\"https:\/\/www.fu-berlin.de\/sites\/frauenbeauftragte\/gleichstellung\/gleichstellungsstrukturen\/frauenrat_mitglieder.html\" target=\"_blank\">Frauen- und Gleichstellungsrat<\/a> der Freien Universit\u00e4t Berlin wurde im Januar neu gew\u00e4hlt. Zu den Aufgaben des status\u00fcbergreifenden Gremiums geh\u00f6ren die inhaltlich-strategische Beratung der zentralen Frauen- und Gleichstellungsbeauftragten und die Wahl ihrer Stellvertreterinnen. \u00dcber aktuelle gleichstellungspolitische Themen der Hochschule und die Ziele der neuen Stellvertreterinnen berichtete <a rel=\"noreferrer noopener\" href=\"https:\/\/www.fu-berlin.de\/campusleben\/vorgestellt\/2024\/240229-Wahl-Stellvertreterinnen-Frauen-Gleichstellungsbeauftragten\/index.html\" target=\"_blank\">campus.leben<\/a>.<\/p>\n\n\n\n<!--more-->\n<\/div><\/div>\n\n\n\n<p>\u201eManche von uns h\u00e4tten sich die goldene Ehrennadel verdient\u201c, sagte Gremiumsmitglied Stephanie Sch\u00fctze \u00fcber andere Mitglieder des zentralen Frauen- und Gleichstellungsrates, die sich zum Teil seit bereits mehr als 20 Jahren f\u00fcr Geschlechtergerechtigkeit einsetzen. Am 30. Januar war die konstituierende Sitzung des Gremiums, welches am 16. Januar neu gew\u00e4hlt wurde. W\u00e4hrend langj\u00e4hriges Engagement gew\u00fcrdigt wurde, sei es ausdr\u00fccklich erw\u00fcnscht, mehr Studentinnen und Doktorandinnen ins Boot zu holen, \u201edamit studentische Perspektiven verst\u00e4rkt eingebracht werden.\u201c<\/p>\n\n\n\n<p>Hauptaufgabe des zentralen Frauen- und Gleichstellungsrates ist es, das <a rel=\"noreferrer noopener\" href=\"https:\/\/www.fu-berlin.de\/sites\/frauenbeauftragte\/ueber-uns\/team\/index.html\" target=\"_blank\">Team Zentrale Frauenbeauftragte<\/a> in seiner Arbeit zu beraten und zu unterst\u00fctzen. Mit der Wahl von zwei Stellvertreterinnen der hauptberuflichen Frauen- und Gleichstellungsbeauftragten Corinna Tomberger \u00fcbte das Gremium eine weitere seiner Funktionen aus. K\u00fcnftig kann es regelhaft drei statt wie bisher maximal zwei nebenberufliche Stellvertreterinnen geben. Katharina Schmidt hat diese Position bereits seit Juli 2022 inne. <\/p>\n\n\n\n<p>Neu gew\u00e4hlt f\u00fcr eine Amtszeit von drei Jahren wurden Nora Valerie Tuchelt, Studentin der Rechtswissenschaft, und Katrin Gengenbach, Gesch\u00e4ftsf\u00fchrung der Graduate School of East Asian Studies (GEAS), jeweils ohne Gegenstimmen. Offiziell werden beide am 1. April in ihr Amt bestellt. Ebenfalls best\u00e4tigten die Gremiumsmitglieder die Sprecherin des Rates Doris Kolesch im Amt und w\u00e4hlten Marina Allal zu ihrer Stellvertreterin.<\/p>\n\n\n\n<p class=\"has-medium-font-size\">Engagement f\u00fcr Gleichstellung<\/p>\n\n\n\n<p>Kurz stellte Corinna Tomberger die Planung des Teams Zentrale Frauenbeauftragte f\u00fcr 2024 vor. Es stehen strategische Aufgaben an wie das Ausarbeiten einer Beratungs- und Beschwerdestruktur und die Entwicklung eines neuen zentralen Frauenf\u00f6rderprogrammes. F\u00fcr den Exzellenzverbund&nbsp;<em>Berlin University Alliance&nbsp;<\/em>ist die zentrale Frauen- und Gleichstellungsbeauftragte an der Integration des Querschnittsthemas Diversity, Equity, Inclusion [Diverrsit\u00e4t, Gleichheit und Inklusion] in dem Fortsetzungsantrag beteiligt. Veranstaltungen wie die&nbsp;<a rel=\"noreferrer noopener\" href=\"https:\/\/www.fu-berlin.de\/sites\/frauenbeauftragte\/angebote\/FUTURA\/index.html\" target=\"_blank\">FUTURA-Weiterbildung f\u00fcr genderkompetentes Handeln im Beruf<\/a>&nbsp;oder der&nbsp;<a rel=\"noreferrer noopener\" href=\"https:\/\/www.fu-berlin.de\/sites\/nein-heisst-nein\/Anti-Gewalt-Aktionstage\/index.html\" target=\"_blank\">Internationale Tag zur Beseitigung von Gewalt gegen Frauen<\/a>&nbsp;am 25. November sind auch dieses Jahr wieder auf dem Plan. <\/p>\n\n\n\n<p>Die Mitglieder des zentralen Frauen- und Gleichstellungsrates haben auch Freiraum, ihre Themen und Anliegen in das Gremium einzubringen, wie beispielsweise intersektionale Perspektiven auf Gleichstellung, die den Blick auf die Verschr\u00e4nkung unterschiedlicher Diskriminierungskategorien richten. Der Rat spricht au\u00dferdem eine Empfehlung zur Vergabe des&nbsp;<a rel=\"noreferrer noopener\" href=\"https:\/\/www.mvbz.fu-berlin.de\/ueber-uns\/ueber-margherita-von-brentano\/margherita-von-brentano-preis\/index.html\" target=\"_blank\">Margherita-von-Brentano-Preises<\/a>&nbsp;aus. Mit dem Preisgeld in H\u00f6he von 15.000 Euro werden besondere Leistungen in der Geschlechterforschung oder Gleichstellung gew\u00fcrdigt.<\/p>\n\n\n\n<p class=\"has-medium-font-size\">Studentische Perspektiven st\u00e4rken<\/p>\n\n\n\n<p>Gew\u00e4hlt wird der zentrale Frauen- und Gleichstellungsrat alle zwei Jahre. Wahlberechtigt sind alle weiblichen Hochschulangeh\u00f6rigen. Das Gremium besteht aus drei Professorinnen, drei akademischen Mitarbeiterinnen, drei Studentinnen und drei Mitarbeiterinnen f\u00fcr Technik, Service und Verwaltung. <\/p>\n\n\n\n<p>Aus der Gruppe der Studentinnen und Doktorandinnen gibt es aktuell keine Stellvertreterinnen. \u201eEs ist mir ein Anliegen, die Gestaltungsm\u00f6glichkeiten, die das Amt der Frauen- und Gleichstellungsbeauftragten und ihrer Stellvertreterin bietet, gerade in dieser Gruppe bekannter zu machen\u201c, sagte die neugew\u00e4hlte Stellvertreterin der zentralen Frauen- und Gleichstellungsbeauftragten Nora Valerie Tuchelt. <\/p>\n\n\n\n<p>Instagram, WhatsApp und andere Social Media seien die bevorzugten Kan\u00e4le, \u00fcber die Studierende und Promovierende kommunizierten, sagte sie. \u201eDaher ist es wichtig, dass die Gleichstellungsakteur*innen dort pr\u00e4senter sind.\u201c Auch seien sexistische und andere diskriminierende \u00c4u\u00dferungen in studentischen Messenger-Gruppen ein wiederkehrendes Problem, das die Moderator*innen der Gruppen oft \u00fcberfordere. Tuchelts Anliegen, daf\u00fcr Richtlinien auf den Weg zu bringen, begr\u00fc\u00dften alle Mitglieder des Gremiums einhellig.<\/p>\n\n\n\n<p>Wie auch die zweite neugew\u00e4hlte Stellvertreterin Katrin Gengenbach freut sich Nora Valerie Tuchelt auf die vielseitigen Handlungsfelder, die das Amt der Stellvertreterin er\u00f6ffnet, und die Beratung und Unterst\u00fctzung durch den zentralen Frauen- und Gleichstellungsrat. Auch pers\u00f6nlich bereichernd sei die Arbeit in dem Gremium, sagte die zentrale Frauen- und Gleichstellungsbeauftragte Corinna Tomberger: \u201eEs gibt Gelegenheit zum regelm\u00e4\u00dfigen Austausch mit Gleichstellungsakteur*innen aus vielen Bereichen.\u201c<\/p>\n\n\n\n<p><strong>Annette Leyssner<\/strong><\/p>\n\n\n\n<hr class=\"wp-block-separator has-alpha-channel-opacity\" \/>\n\n\n\n<p>Der Originaltext ist unter dem Titel<em>&nbsp;<a rel=\"noreferrer noopener\" href=\"https:\/\/www.fu-berlin.de\/campusleben\/vorgestellt\/2024\/240229-Wahl-Stellvertreterinnen-Frauen-Gleichstellungsbeauftragten\/index.html\" data-type=\"URL\" data-id=\"https:\/\/www.fu-berlin.de\/campusleben\/vorgestellt\/2024\/240229-Wahl-Stellvertreterinnen-Frauen-Gleichstellungsbeauftragten\/index.html\" target=\"_blank\">Zentraler Frauen- und Gleichstellungsrat w\u00e4hlt Stellvertreterinnen der Frauen- und Gleichstellungsbeauftragten<\/a><\/em> am 29.02.2024 auf campus.leben erschienen. In loser Folge stellt das Online-Magazin der Freien Universit\u00e4t Amt, Aufgaben und Amtstr\u00e4gerinnen vor. Weitere Beitr\u00e4ge in der Serie:<em> <a rel=\"noreferrer noopener\" href=\"https:\/\/blogs.fu-berlin.de\/frauenbeauftragte\/2024\/01\/29\/gleichstellung-beginnt-bei-ausschreibungen\/\" data-type=\"URL\" data-id=\"https:\/\/blogs.fu-berlin.de\/frauenbeauftragte\/2024\/01\/29\/gleichstellung-beginnt-bei-ausschreibungen\/\" target=\"_blank\">\u201eGleichstellung beginnt bei Ausschreibungen&#8220;<\/a><\/em> und <a rel=\"noreferrer noopener\" href=\"https:\/\/www.fu-berlin.de\/campusleben\/vorgestellt\/2024\/240109-frauen-gleichstellungsbeauftragte\/index.html\" target=\"_blank\"><em>\u201eIm Einsatz f\u00fcr die Gleichstellung\u201c<\/em><\/a><em>.<\/em><\/p>\n","protected":false},"excerpt":{"rendered":"<p>Der Frauen- und Gleichstellungsrat der Freien Universit\u00e4t Berlin wurde im Januar neu gew\u00e4hlt. Zu den Aufgaben des status\u00fcbergreifenden Gremiums geh\u00f6ren die inhaltlich-strategische Beratung der zentralen Frauen- und Gleichstellungsbeauftragten und die Wahl ihrer Stellvertreterinnen. \u00dcber aktuelle gleichstellungspolitische Themen der Hochschule und die Ziele der neuen Stellvertreterinnen berichtete campus.leben.<\/p>\n","protected":false},"author":7120,"featured_media":8291,"comment_status":"open","ping_status":"open","sticky":false,"template":"","format":"standard","meta":{"footnotes":""},"categories":[428608,603],"tags":[301208,433454,437402],"class_list":["post-8238","post","type-post","status-publish","format-standard","has-post-thumbnail","hentry","category-informiert","category-vorgestellt","tag-frauenfoerderung","tag-gleichstellungspolitik","tag-frauenbeauftragte"],"_links":{"self":[{"href":"https:\/\/blogs.fu-berlin.de\/frauenbeauftragte\/wp-json\/wp\/v2\/posts\/8238","targetHints":{"allow":["GET"]}}],"collection":[{"href":"https:\/\/blogs.fu-berlin.de\/frauenbeauftragte\/wp-json\/wp\/v2\/posts"}],"about":[{"href":"https:\/\/blogs.fu-berlin.de\/frauenbeauftragte\/wp-json\/wp\/v2\/types\/post"}],"author":[{"embeddable":true,"href":"https:\/\/blogs.fu-berlin.de\/frauenbeauftragte\/wp-json\/wp\/v2\/users\/7120"}],"replies":[{"embeddable":true,"href":"https:\/\/blogs.fu-berlin.de\/frauenbeauftragte\/wp-json\/wp\/v2\/comments?post=8238"}],"version-history":[{"count":19,"href":"https:\/\/blogs.fu-berlin.de\/frauenbeauftragte\/wp-json\/wp\/v2\/posts\/8238\/revisions"}],"predecessor-version":[{"id":8347,"href":"https:\/\/blogs.fu-berlin.de\/frauenbeauftragte\/wp-json\/wp\/v2\/posts\/8238\/revisions\/8347"}],"wp:featuredmedia":[{"embeddable":true,"href":"https:\/\/blogs.fu-berlin.de\/frauenbeauftragte\/wp-json\/wp\/v2\/media\/8291"}],"wp:attachment":[{"href":"https:\/\/blogs.fu-berlin.de\/frauenbeauftragte\/wp-json\/wp\/v2\/media?parent=8238"}],"wp:term":[{"taxonomy":"category","embeddable":true,"href":"https:\/\/blogs.fu-berlin.de\/frauenbeauftragte\/wp-json\/wp\/v2\/categories?post=8238"},{"taxonomy":"post_tag","embeddable":true,"href":"https:\/\/blogs.fu-berlin.de\/frauenbeauftragte\/wp-json\/wp\/v2\/tags?post=8238"}],"curies":[{"name":"wp","href":"https:\/\/api.w.org\/{rel}","templated":true}]}}