{"id":8355,"date":"2024-03-29T12:00:00","date_gmt":"2024-03-29T11:00:00","guid":{"rendered":"https:\/\/blogs.fu-berlin.de\/frauenbeauftragte\/?p=8355"},"modified":"2024-04-11T17:08:57","modified_gmt":"2024-04-11T15:08:57","slug":"futura-weiterbildung-neuer-durchgang-startet","status":"publish","type":"post","link":"https:\/\/blogs.fu-berlin.de\/frauenbeauftragte\/2024\/03\/29\/futura-weiterbildung-neuer-durchgang-startet\/","title":{"rendered":"FUTURA-Weiterbildung: Neuer Durchgang startet"},"content":{"rendered":"\n<div class=\"wp-block-media-text alignwide is-stacked-on-mobile\"><figure class=\"wp-block-media-text__media\"><img loading=\"lazy\" decoding=\"async\" width=\"1000\" height=\"707\" src=\"https:\/\/blogs.fu-berlin.de\/frauenbeauftragte\/files\/2022\/05\/FUTURA_Puzzle_1000.png\" alt=\"\" class=\"wp-image-2308 size-full\" srcset=\"https:\/\/blogs.fu-berlin.de\/frauenbeauftragte\/files\/2022\/05\/FUTURA_Puzzle_1000.png 1000w, https:\/\/blogs.fu-berlin.de\/frauenbeauftragte\/files\/2022\/05\/FUTURA_Puzzle_1000-300x212.png 300w, https:\/\/blogs.fu-berlin.de\/frauenbeauftragte\/files\/2022\/05\/FUTURA_Puzzle_1000-768x543.png 768w\" sizes=\"auto, (max-width: 709px) 85vw, (max-width: 909px) 67vw, (max-width: 1362px) 62vw, 840px\" \/><\/figure><div class=\"wp-block-media-text__content\">\n<p><a rel=\"noreferrer noopener\" href=\"https:\/\/veranstaltung.weiterbildung.fu-berlin.de\/Veranstaltung\/cmx65ba1817f293e.html\" target=\"_blank\">Auftaktveranstaltung<\/a>:\u00a0<strong>11. April 2024 | 9:00-11.00 Uhr<\/strong> <strong>\u2013<\/strong> Der neue Durchgang der zweij\u00e4hrigen\u00a0Weiterbildung FUTURA f\u00fcr\u00a0genderkompetentes Handeln im Beruf\u00a0l\u00e4uft von April 2024 bis Februar 2026 und richtet sich an Frauen- und Gleichstellungsbeauftragte sowie andere Akteur*innen, die f\u00fcr Gleichstellung Verantwortung tragen.\u00a0Anmeldungen\u00a0f\u00fcr das Gesamtprogramm und einzelne Veranstaltungen sind noch m\u00f6glich.<\/p>\n\n\n\n<!--more-->\n<\/div><\/div>\n\n\n\n<p>Von April 2024 bis Februar 2026 bietet das Team Zentrale Frauenbeauftragte in Zusammenarbeit mit dem <a rel=\"noreferrer noopener\" href=\"https:\/\/www.fu-berlin.de\/sites\/weiterbildung\/index.html\" target=\"_blank\">Weiterbildungszentrum<\/a> der Freien Universit\u00e4t einen neuen Durchgang des Qualifikations- und Professionalisierungsprogramms f\u00fcr genderkompetentes Handeln im Beruf  an. <a href=\"https:\/\/www.fu-berlin.de\/sites\/frauenbeauftragte\/angebote\/FUTURA\/index.html\" target=\"_blank\" rel=\"noreferrer noopener\">FUTURA<\/a> richtet sich an Frauen- und Gleichstellungsbeauftragte sowie andere Akteur*innen aus Wissenschaftseinrichtungen, die f\u00fcr Gleichstellung Verantwortung tragen.<\/p>\n\n\n\n<p>Die Teilnehmer*innen dieser Weiterbildung eignen sich Wissen, Kompetenzen und methodisches Werkzeug f\u00fcr die vielschichtige, herausfordernde Gleichstellungsarbeit an Hochschulen und Wissenschaftseinrichtungen an. Das Programm erstreckt sich \u00fcber vier Module, die unter anderem Grundlagen der Gleichstellungsarbeit vermitteln, Beratungsmethoden bei sexualisierter Diskriminierung und Gewalt aufzeigen oder Personal- und Rechtsfragen aufgreifen. Es ist in vier Module mit mehreren Weiterbildungsveranstaltungen aufgeteilt. Die Teilnehmer*innen k\u00f6nnen w\u00e4hlen, ob sie am Pr\u00e4senzformat oder am Onlineformat des Programms teilnehmen m\u00f6chten. Es besteht zudem die M\u00f6glichkeit, am gesamten Programm teilzunehmen oder einzelne Module und Veranstaltungen zu buchen.<\/p>\n\n\n\n<hr class=\"wp-block-separator has-alpha-channel-opacity\" \/>\n\n\n\n<p><a rel=\"noreferrer noopener\" href=\"https:\/\/veranstaltung.weiterbildung.fu-berlin.de\/Programmbereich\/p-cmx604a19a6b8eb3\/mp-Futura\/cmx604a19a6b8eb3.html\" target=\"_blank\">Anmeldung<\/a> zur Weiterbildung FUTURA \u2013 Qualifikation f\u00fcr genderkompetentes Handeln im Beruf 2024-2026 <\/p>\n\n\n\n<hr class=\"wp-block-separator has-alpha-channel-opacity\" \/>\n\n\n\n<p><a rel=\"noreferrer noopener\" href=\"https:\/\/www.fu-berlin.de\/sites\/frauenbeauftragte\/angebote\/FUTURA\/Finale_FUTURA-Informationsbroschuere-2024-2026.pdf\" target=\"_blank\">Informationsbrosch\u00fcre<\/a>  und <a rel=\"noreferrer noopener\" href=\"https:\/\/blogs.fu-berlin.de\/frauenbeauftragte\/2024\/02\/21\/futura-weiterbildung-startet-im-april\/\" target=\"_blank\">Blogbeitrag<\/a><\/p>\n","protected":false},"excerpt":{"rendered":"<p>Auftaktveranstaltung:\u00a011. April 2024 | 9:00-11.00 Uhr \u2013 Der neue Durchgang der zweij\u00e4hrigen\u00a0Weiterbildung FUTURA f\u00fcr\u00a0genderkompetentes Handeln im Beruf\u00a0l\u00e4uft von April 2024 bis Februar 2026 und richtet sich an Frauen- und Gleichstellungsbeauftragte sowie andere Akteur*innen, die f\u00fcr Gleichstellung Verantwortung tragen.\u00a0Anmeldungen\u00a0f\u00fcr das Gesamtprogramm und einzelne Veranstaltungen sind noch m\u00f6glich.<\/p>\n","protected":false},"author":6410,"featured_media":8054,"comment_status":"open","ping_status":"open","sticky":false,"template":"","format":"standard","meta":{"footnotes":""},"categories":[428608],"tags":[433454,433674,437402,306],"class_list":["post-8355","post","type-post","status-publish","format-standard","has-post-thumbnail","hentry","category-informiert","tag-gleichstellungspolitik","tag-genderkompetenz","tag-frauenbeauftragte","tag-weiterbildung"],"_links":{"self":[{"href":"https:\/\/blogs.fu-berlin.de\/frauenbeauftragte\/wp-json\/wp\/v2\/posts\/8355","targetHints":{"allow":["GET"]}}],"collection":[{"href":"https:\/\/blogs.fu-berlin.de\/frauenbeauftragte\/wp-json\/wp\/v2\/posts"}],"about":[{"href":"https:\/\/blogs.fu-berlin.de\/frauenbeauftragte\/wp-json\/wp\/v2\/types\/post"}],"author":[{"embeddable":true,"href":"https:\/\/blogs.fu-berlin.de\/frauenbeauftragte\/wp-json\/wp\/v2\/users\/6410"}],"replies":[{"embeddable":true,"href":"https:\/\/blogs.fu-berlin.de\/frauenbeauftragte\/wp-json\/wp\/v2\/comments?post=8355"}],"version-history":[{"count":12,"href":"https:\/\/blogs.fu-berlin.de\/frauenbeauftragte\/wp-json\/wp\/v2\/posts\/8355\/revisions"}],"predecessor-version":[{"id":8440,"href":"https:\/\/blogs.fu-berlin.de\/frauenbeauftragte\/wp-json\/wp\/v2\/posts\/8355\/revisions\/8440"}],"wp:featuredmedia":[{"embeddable":true,"href":"https:\/\/blogs.fu-berlin.de\/frauenbeauftragte\/wp-json\/wp\/v2\/media\/8054"}],"wp:attachment":[{"href":"https:\/\/blogs.fu-berlin.de\/frauenbeauftragte\/wp-json\/wp\/v2\/media?parent=8355"}],"wp:term":[{"taxonomy":"category","embeddable":true,"href":"https:\/\/blogs.fu-berlin.de\/frauenbeauftragte\/wp-json\/wp\/v2\/categories?post=8355"},{"taxonomy":"post_tag","embeddable":true,"href":"https:\/\/blogs.fu-berlin.de\/frauenbeauftragte\/wp-json\/wp\/v2\/tags?post=8355"}],"curies":[{"name":"wp","href":"https:\/\/api.w.org\/{rel}","templated":true}]}}