{"id":859,"date":"2021-12-10T15:30:00","date_gmt":"2021-12-10T14:30:00","guid":{"rendered":"https:\/\/blogs.fu-berlin.de\/frauenbeauftragte\/?p=859"},"modified":"2023-07-17T10:09:53","modified_gmt":"2023-07-17T08:09:53","slug":"4genderstudies-online-events","status":"publish","type":"post","link":"https:\/\/blogs.fu-berlin.de\/frauenbeauftragte\/2021\/12\/10\/4genderstudies-online-events\/","title":{"rendered":"#4GenderStudies: Online-Events"},"content":{"rendered":"\n<div class=\"wp-block-media-text alignwide is-stacked-on-mobile\"><figure class=\"wp-block-media-text__media\"><img loading=\"lazy\" decoding=\"async\" width=\"1024\" height=\"683\" src=\"https:\/\/blogs.fu-berlin.de\/frauenbeauftragte\/files\/2021\/12\/4GenderStudies-1024x683.png\" alt=\"\" class=\"wp-image-883 size-full\" srcset=\"https:\/\/blogs.fu-berlin.de\/frauenbeauftragte\/files\/2021\/12\/4GenderStudies-1024x683.png 1024w, https:\/\/blogs.fu-berlin.de\/frauenbeauftragte\/files\/2021\/12\/4GenderStudies-300x200.png 300w, https:\/\/blogs.fu-berlin.de\/frauenbeauftragte\/files\/2021\/12\/4GenderStudies-768x512.png 768w, https:\/\/blogs.fu-berlin.de\/frauenbeauftragte\/files\/2021\/12\/4GenderStudies-1536x1024.png 1536w, https:\/\/blogs.fu-berlin.de\/frauenbeauftragte\/files\/2021\/12\/4GenderStudies-1200x800.png 1200w, https:\/\/blogs.fu-berlin.de\/frauenbeauftragte\/files\/2021\/12\/4GenderStudies.png 1920w\" sizes=\"auto, (max-width: 709px) 85vw, (max-width: 909px) 67vw, (max-width: 1362px) 62vw, 840px\" \/><\/figure><div class=\"wp-block-media-text__content\">\n<p><strong>Online-Event &#8222;Zur Relevanz feministischer Aufkl\u00e4rung&#8220;: 14.12.2021 | 18:15 Uhr, &amp; &#8222;Transnational Feminist Dialogues&#8220;: 16.12.2021 | 16 Uhr <\/strong><br>N\u00e4chste Woche findet der Aktionstag #4GenderStudies statt. Einstimmen kann man sich darauf an der FU mit gleich zwei Veranstaltungen: Neben einem Vortrag gibt es auch ein Panel zur Situationen von Frauen und Geschlechterforschung in Afghanistan.<\/p>\n\n\n\n<!--more-->\n<\/div><\/div>\n\n\n\n<p>Geschlechterstudien werden oft bel\u00e4chelt und stehen unter Rechtfertigungsdruck. Oft werden sie sogar Ziel antifeministischer Hasskampagnen. Erst letztes Jahr widmete das Team Zentrale Frauenbeauftragte dem Thema einen <a rel=\"noreferrer noopener\" href=\"https:\/\/www.fu-berlin.de\/sites\/frauenbeauftragte\/media\/WRB_022020_Webversion.pdf\" target=\"_blank\">Schwerpunkt<\/a>. Der j\u00e4hrliche Wissenschafts- und Aktionstag #4GenderStudies am 18. Dezember setzt dagegen auf die gro\u00dfe Vielfalt und Bedeutung der Disziplin. Ein ausf\u00fchrlicher \u00dcberblick \u00fcber die digitalen #4GenderStudies-Veranstaltungen an Hochschulen in Berlin und andernorts findet sich im <a rel=\"noreferrer noopener\" href=\"https:\/\/afg-berliner-hochschulen.de\/gender-kalender\" target=\"_blank\">Gender Kalender<\/a> der Arbeitsgemeinschaft der Frauen- und Geschlechterforschungseinrichtungen Berliner Hochschulen (afg). An der FU gibt es, ebenfalls online, n\u00e4chste Woche zwei Termine f\u00fcr alle, die sich f\u00fcr Geschlechterforschung interessieren.<\/p>\n\n\n\n<ul class=\"wp-block-list\"><li>In der Ringvorlesung <a rel=\"noreferrer noopener\" href=\"https:\/\/www.fu-berlin.de\/sites\/dhc\/programme\/Sonstige_Veranstaltungen\/RV-Relevanz\/index.html\" target=\"_blank\">Relevanz? Relevanz! Geisteswissenschaftliche Perspektiven<\/a>, einem Kooperationsprojekt zwischen dem Dahlem Humanities Center und der Initiative Geisteswissenschaften der Universit\u00e4t Z\u00fcrich, geht es am Dienstag um feministische Aufkl\u00e4rung. Den Vortrag halten PD Dr. Gideon Stiening vom Sonderforschungsbereich 1385 \u201eRecht und Literatur\u201c von der Westf\u00e4lischen Wilhelms-Universit\u00e4t M\u00fcnster und Prof. Dr. Isabel Karremann vom Englischen Seminar der Universit\u00e4t Z\u00fcrich. Mit diesem <a rel=\"noreferrer noopener\" href=\"https:\/\/tube.switch.ch\/switchcast\/uzh.ch\/events\/f8f5f8d7-dfce-4488-b3a7-d26067102599\" target=\"_blank\">Veranstaltungslink <\/a>k\u00f6nnen Interessierte live dabei sein.<\/li><\/ul>\n\n\n\n<ul class=\"wp-block-list\"><li>Die Reihe <a rel=\"noreferrer noopener\" href=\"https:\/\/www.mvbz.fu-berlin.de\/forschung\/veranstaltungsreihen\/transnational-feminist-dialogues\/index.html\" target=\"_blank\">Transnational Feminist Dialogues<\/a> des Margherita-von-Brentano-Zentrums widmet #4GenderStudies gemeinsam mit der afghanischen Geschlechterforscherin Dr. Paniz Musawi Natanzi eine Sonderausgabe: <a rel=\"noreferrer noopener\" href=\"https:\/\/www.mvbz.fu-berlin.de\/termine\/20211216_tfd_special_issue.html\" target=\"_blank\">The Present and Future of Women and Gender Studies in Afghanistan<\/a>. Im Fokus stehen die Perspektiven afghanischer Frauen und Geschlechterforscher*innen nach der Macht\u00fcbernahme der Taliban im August 2021. Wie kann jetzt weiter Wissenschaft betrieben werden? Und wie kann sinnvolle internationale Solidarit\u00e4t mit den Betroffenen in Afghanistan aussehen? Auf dem interdisziplin\u00e4ren Panel diskutieren folgende Wissenschaftler*innen: Dr. Anila Daulatzai, Dr. Bahar Jalali, Dr. Orzala Nemat und Sahar Fetrat. Moderiert wird die Veranstaltung von Dr. Paniz Musawi Natanzi und Sabina Garc\u00eda Peter. Sie findet auf Englisch statt. Eine vorherige <a rel=\"noreferrer noopener\" href=\"https:\/\/ssl2.cms.fu-berlin.de\/mvbz\/en\/forschung\/veranstaltungsreihen\/transnational-feminist-dialogues\/registration-tfd-special-issue\/PM-registration-tfd-special-issue\/index.html\" target=\"_blank\">Online-Registrierung<\/a> ist f\u00fcr die Teilnahme erforderlich. <\/li><\/ul>\n\n\n<div class=\"wp-block-image\">\n<figure class=\"aligncenter size-large is-resized\"><a href=\"https:\/\/www.mvbz.fu-berlin.de\/forschung\/veranstaltungsreihen\/transnational-feminist-dialogues\/index.html\"><img loading=\"lazy\" decoding=\"async\" src=\"https:\/\/blogs.fu-berlin.de\/frauenbeauftragte\/files\/2021\/12\/TFD-3.png\" alt=\"\" class=\"wp-image-891\" width=\"377\" height=\"189\" \/><\/a><\/figure><\/div>\n\n\n<p><\/p>\n","protected":false},"excerpt":{"rendered":"<p>Online-Event &#8222;Zur Relevanz feministischer Aufkl\u00e4rung&#8220;: 14.12.2021 | 18:15 Uhr, &amp; &#8222;Transnational Feminist Dialogues&#8220;: 16.12.2021 | 16 Uhr N\u00e4chste Woche findet der Aktionstag #4GenderStudies statt. Einstimmen kann man sich darauf an der FU mit gleich zwei Veranstaltungen: Neben einem Vortrag gibt es auch ein Panel zur Situationen von Frauen und Geschlechterforschung in Afghanistan.<\/p>\n","protected":false},"author":3953,"featured_media":883,"comment_status":"open","ping_status":"open","sticky":false,"template":"","format":"standard","meta":{"footnotes":""},"categories":[428608],"tags":[57446,334885],"class_list":["post-859","post","type-post","status-publish","format-standard","has-post-thumbnail","hentry","category-informiert","tag-geschlechterforschung","tag-antifeminismus"],"_links":{"self":[{"href":"https:\/\/blogs.fu-berlin.de\/frauenbeauftragte\/wp-json\/wp\/v2\/posts\/859","targetHints":{"allow":["GET"]}}],"collection":[{"href":"https:\/\/blogs.fu-berlin.de\/frauenbeauftragte\/wp-json\/wp\/v2\/posts"}],"about":[{"href":"https:\/\/blogs.fu-berlin.de\/frauenbeauftragte\/wp-json\/wp\/v2\/types\/post"}],"author":[{"embeddable":true,"href":"https:\/\/blogs.fu-berlin.de\/frauenbeauftragte\/wp-json\/wp\/v2\/users\/3953"}],"replies":[{"embeddable":true,"href":"https:\/\/blogs.fu-berlin.de\/frauenbeauftragte\/wp-json\/wp\/v2\/comments?post=859"}],"version-history":[{"count":35,"href":"https:\/\/blogs.fu-berlin.de\/frauenbeauftragte\/wp-json\/wp\/v2\/posts\/859\/revisions"}],"predecessor-version":[{"id":6482,"href":"https:\/\/blogs.fu-berlin.de\/frauenbeauftragte\/wp-json\/wp\/v2\/posts\/859\/revisions\/6482"}],"wp:featuredmedia":[{"embeddable":true,"href":"https:\/\/blogs.fu-berlin.de\/frauenbeauftragte\/wp-json\/wp\/v2\/media\/883"}],"wp:attachment":[{"href":"https:\/\/blogs.fu-berlin.de\/frauenbeauftragte\/wp-json\/wp\/v2\/media?parent=859"}],"wp:term":[{"taxonomy":"category","embeddable":true,"href":"https:\/\/blogs.fu-berlin.de\/frauenbeauftragte\/wp-json\/wp\/v2\/categories?post=859"},{"taxonomy":"post_tag","embeddable":true,"href":"https:\/\/blogs.fu-berlin.de\/frauenbeauftragte\/wp-json\/wp\/v2\/tags?post=859"}],"curies":[{"name":"wp","href":"https:\/\/api.w.org\/{rel}","templated":true}]}}