{"id":8728,"date":"2024-05-17T11:37:38","date_gmt":"2024-05-17T09:37:38","guid":{"rendered":"https:\/\/blogs.fu-berlin.de\/frauenbeauftragte\/?p=8728"},"modified":"2025-04-16T11:29:25","modified_gmt":"2025-04-16T09:29:25","slug":"feierliche-begruessung-im-amt","status":"publish","type":"post","link":"https:\/\/blogs.fu-berlin.de\/frauenbeauftragte\/2024\/05\/17\/feierliche-begruessung-im-amt\/","title":{"rendered":"Feierliche Begr\u00fc\u00dfung im Amt"},"content":{"rendered":"\n<div class=\"wp-block-media-text alignwide is-stacked-on-mobile\"><figure class=\"wp-block-media-text__media\"><img loading=\"lazy\" decoding=\"async\" width=\"1001\" height=\"667\" src=\"https:\/\/blogs.fu-berlin.de\/frauenbeauftragte\/files\/2024\/05\/Gruppenfoto_quelle.jpg\" alt=\"\" class=\"wp-image-8735 size-full\" srcset=\"https:\/\/blogs.fu-berlin.de\/frauenbeauftragte\/files\/2024\/05\/Gruppenfoto_quelle.jpg 1001w, https:\/\/blogs.fu-berlin.de\/frauenbeauftragte\/files\/2024\/05\/Gruppenfoto_quelle-300x200.jpg 300w, https:\/\/blogs.fu-berlin.de\/frauenbeauftragte\/files\/2024\/05\/Gruppenfoto_quelle-768x512.jpg 768w\" sizes=\"auto, (max-width: 709px) 85vw, (max-width: 909px) 67vw, (max-width: 1362px) 62vw, 840px\" \/><\/figure><div class=\"wp-block-media-text__content\">\n<p>24 neugew\u00e4hlte Frauen- und Gleichstellungsbeauftragte und Stellvertreterinnen aus 14 Bereichen der Freien Universit\u00e4t haben im April ihr Amt angetreten. Zwei Drittel von ihnen haben bereits Erfahrung im Amt und starten in eine weitere Amtszeit. \u00dcber die feierliche Amtseinf\u00fchrung und die Verabschiedung langj\u00e4hriger Kolleginnen sowie Perspektiven auf das Amt berichtete <a rel=\"noreferrer noopener\" href=\"https:\/\/www.fu-berlin.de\/campusleben\/vorgestellt\/2024\/240508-amtsantritt-frauenbeauftragte\/index.html\" target=\"_blank\">campus.leben<\/a>.<\/p>\n\n\n\n<!--more-->\n<\/div><\/div>\n\n\n\n<p>Vor dem Foto John F. Kennedys verharrt die Person scheinbar ratlos. Sophie Schultze-Allen, Tanzwissenschaftler*in und T\u00e4nzer*in, z\u00f6gert und bem\u00fcht sich dann, die kernig-dynamische K\u00f6rpersprache des US-amerikanischen Pr\u00e4sidenten nachzuahmen \u2013 Schultern zur\u00fcck, eine Hand am Hosenbund, Kopf hochgereckt. Das Foto im Henry-Ford-Bau zeigt den Staatsmann bei seinem Besuch der Freien Universit\u00e4t im Jahr 1963. Von diesem Besuch gibt es Fotos, auf denen zu sehen ist, dass bei Kennedys Rede fast nur M\u00e4nner in den ersten Reihen sa\u00dfen.<\/p>\n\n\n<div class=\"wp-block-image\">\n<figure class=\"alignright size-full is-resized\"><img loading=\"lazy\" decoding=\"async\" src=\"https:\/\/blogs.fu-berlin.de\/frauenbeauftragte\/files\/2024\/05\/Tanzperformance.jpg\" alt=\"\" class=\"wp-image-8733\" width=\"500\" height=\"334\" srcset=\"https:\/\/blogs.fu-berlin.de\/frauenbeauftragte\/files\/2024\/05\/Tanzperformance.jpg 1000w, https:\/\/blogs.fu-berlin.de\/frauenbeauftragte\/files\/2024\/05\/Tanzperformance-300x200.jpg 300w, https:\/\/blogs.fu-berlin.de\/frauenbeauftragte\/files\/2024\/05\/Tanzperformance-768x512.jpg 768w\" sizes=\"auto, (max-width: 500px) 85vw, 500px\" \/><figcaption>Dancing Dialogue: Mariama Diagne (links) und Sophie Schulze-Allen thematisierten mit einer Tanzperformance gesellschaftliche Machtverh\u00e4ltnisse, Foto: S\u00f6ren Maahs<\/figcaption><\/figure><\/div>\n\n\n<p>Am 26. April standen im Zwischengeschoss des Henry-Ford-Baus, wo das Kennedy-Foto Teil einer Dauerausstellung ist, Frauen im Fokus: Die neu gew\u00e4hlten Frauen- und Gleichstellungsbeauftragten wurden in ihr Amt eingef\u00fchrt. Zum Programm geh\u00f6rte neben der Performance&nbsp;<em>Dancing Dialogue<\/em>&nbsp;von Dr. Mariama Diagne und Sophie Schulze-Allen, die durch K\u00f6rper in Bewegung gesellschaftliche Machtverh\u00e4ltnisse thematisierten, auch die feierliche Begr\u00fc\u00dfung im Amt und nat\u00fcrlich Festreden. Die Erste Vizepr\u00e4sidentin Verena Blechinger-Talcott gratulierte den Frauen- und Gleichstellungsbeauftragten aus 14 Bereichen und deren Stellvertreterinnen, die offiziell am 1. April in ihr Amt bestellt worden waren. Als Symbol f\u00fcr den gesetzlichen Auftrag \u00fcbergab sie jeweils eine Brosch\u00fcre mit dem einschl\u00e4gigen Paragrafen des Berliner Hochschulgesetzes zu Frauen- und Gleichstellungsbeauftragten.<\/p>\n\n\n\n<p>Professorin Verena Blechinger-Talcott hatte vor vielen Jahren Erfahrungen mit den Vorstellungen von Gleichstellung an einer Universit\u00e4t in S\u00fcddeutschland gesammelt. \u201eWenn eine Abteilung aus drei Professoren, zwei wissenschaftlichen Mitarbeiterinnen und einer Sekret\u00e4rin bestand, hie\u00df es: Das ist parit\u00e4tisch!\u201c, erinnert sie sich. Da werde an der Freien Universit\u00e4t zum Gl\u00fcck anders an das Thema herangegangen. Bei den Professor*innen betrage der Frauenanteil knapp 40 Prozent. Es sei eine Sache, Normen zu definieren \u2013 eine andere, diese Werte in t\u00e4glicher Arbeit umzusetzen. \u201eMan muss aushalten, sich auch unbeliebt zu machen\u201c, sagte Verena Blechinger-Talcott. \u201eIhre Arbeit ist eine harte Arbeit. Eine wichtige Arbeit\u201c, gab sie den Frauen- und Gleichstellungsbeauftragten mit auf den Weg.<\/p>\n\n\n\n<p class=\"has-medium-font-size\">R\u00fcckgrat und ein dickes Fell<\/p>\n\n\n\n<p>Eine Neuerung hatte die zentrale Frauen- und Gleichstellungsbeauftragte Dr. Corinna Tomberger zu verk\u00fcnden: Das \u201eTeam Zentrale Frauenbeauftragte\u201c hei\u00dft ab sofort&nbsp;<a href=\"https:\/\/www.fu-berlin.de\/sites\/frauenbeauftragte\/ueber-uns\/team\/index.html\" target=\"_blank\" rel=\"noreferrer noopener\">\u201eTeam geschlechter*gerecht\u201c<\/a>. Dies spiegelt wider, dass die Arbeit schon seit Jahren nicht nur Frauenf\u00f6rderung in den Blick nimmt, sondern den Abbau diskriminierender Strukturen in Bezug auf alle Geschlechter. Arbeit gibt es in jedem Fall genug: von individueller Beratung \u00fcber die Entwicklung von F\u00f6rderprogrammen bis zur Beteiligung an Berufungsverfahren.<\/p>\n\n\n<div class=\"wp-block-image\">\n<figure class=\"alignleft size-full is-resized\"><img loading=\"lazy\" decoding=\"async\" src=\"https:\/\/blogs.fu-berlin.de\/frauenbeauftragte\/files\/2024\/05\/Tomberger.jpg\" alt=\"\" class=\"wp-image-8732\" width=\"500\" height=\"334\" srcset=\"https:\/\/blogs.fu-berlin.de\/frauenbeauftragte\/files\/2024\/05\/Tomberger.jpg 1000w, https:\/\/blogs.fu-berlin.de\/frauenbeauftragte\/files\/2024\/05\/Tomberger-300x200.jpg 300w, https:\/\/blogs.fu-berlin.de\/frauenbeauftragte\/files\/2024\/05\/Tomberger-768x512.jpg 768w\" sizes=\"auto, (max-width: 500px) 85vw, 500px\" \/><figcaption>Dr. Corinna Tomberger, zentrale Frauen- und Gleichstellungsbeauftragte, begr\u00fc\u00dfte die zahlreich erschienenen G\u00e4ste im Henry-Ford-Bau, Foto: S\u00f6ren Maahs<\/figcaption><\/figure><\/div>\n\n\n<p>Corinna Tomberger freute sich \u00fcber die Resonanz, die die Veranstaltung mit etwa 80 G\u00e4sten fand. Dies zeige: \u201eDer gesetzliche Gleichstellungsauftrag wird an der Freien Universit\u00e4t gelebt.\u201c \u201eDer Hauptzweck dieses Nachmittags ist es, miteinander ins Gespr\u00e4ch zu kommen. Ich sehe, das erf\u00fcllt sich\u201c, sagte sie mit Blick auf die Teilnehmenden, die sich um Stehtische zusammenfanden und angeregt unterhielten. Corinna Tomberger zeigte sich zufrieden dar\u00fcber, dass seit der Novellierung des&nbsp;<a href=\"https:\/\/gesetze.berlin.de\/bsbe\/document\/jlr-HSchulGBE2011V27P59\" target=\"_blank\" rel=\"noreferrer noopener\">Berliner Hochschulgesetzes<\/a>&nbsp;vor drei Jahren mehr Arbeitszeit f\u00fcr das Amt der Frauen- und Gleichstellungsbeauftragten zur Verf\u00fcgung stehen. \u201eDas Amt stellt hohe Anforderungen. Es braucht R\u00fcckgrat, manchmal ein dickes Fell\u201c, sagte Corinna Tomberger. \u201eEs bietet aber auch Gestaltungsm\u00f6glichkeiten. Kollegialer Austausch und unser Weiterbildungsprogramm <a href=\"https:\/\/www.fu-berlin.de\/sites\/frauenbeauftragte\/angebote\/FUTURA\/index.html\" target=\"_blank\" rel=\"noreferrer noopener\">FUTURA<\/a>&nbsp;unterst\u00fctzen die Frauen- und Gleichstellungsbeauftragten in der Aus\u00fcbung ihres gesetzlichen Auftrags.\u201c<\/p>\n\n\n\n<p class=\"has-medium-font-size\">&#8218;M\u00fchen der Ebene&#8216; beherzt angehen<\/p>\n\n\n\n<p>Auf ihre T\u00e4tigkeit zur\u00fcck blickten die j\u00fcngst ausgeschiedenen Frauen- und Gleichstellungsbeauftragten der Fachbereiche Physik und Geschichts- und Kulturwissenschaften, Dr. Beate Schattat und Ellinor Trenczek. Besonders angenehm in Erinnerung bleiben wird Beate Schattat die Vernetzung im Plenum der Frauen- und Gleichstellungsbeauftragten. Dar\u00fcber hinaus seien bundesweite Treffen der Frauenbeauftragten in der Physik sehr bereichernd gewesen. Auf viele Erfolge blickte sie zur\u00fcck, so h\u00e4tten zum Beispiel k\u00fcrzlich 130 Sch\u00fclerinnen beim&nbsp;<a rel=\"noreferrer noopener\" href=\"https:\/\/www.fu-berlin.de\/sites\/girls-day\/index.html\" target=\"_blank\">Girls\u2019Day<\/a>&nbsp;an Workshops des Fachbereichs Physik teilgenommen. \u201eWir haben viel geschafft. Es gibt viel zu tun. Den Mut nie verlieren und Spa\u00df haben\u201c, gab Beate Schattat den amtierenden Frauen- und Gleichstellungsbeauftragten mit auf den Weg.<\/p>\n\n\n<div class=\"wp-block-image\">\n<figure class=\"alignright size-full is-resized\"><img loading=\"lazy\" decoding=\"async\" src=\"https:\/\/blogs.fu-berlin.de\/frauenbeauftragte\/files\/2024\/05\/Schattat-Blechinger-Talcott-Trenczek.jpg\" alt=\"\" class=\"wp-image-8734\" width=\"500\" height=\"334\" srcset=\"https:\/\/blogs.fu-berlin.de\/frauenbeauftragte\/files\/2024\/05\/Schattat-Blechinger-Talcott-Trenczek.jpg 1000w, https:\/\/blogs.fu-berlin.de\/frauenbeauftragte\/files\/2024\/05\/Schattat-Blechinger-Talcott-Trenczek-300x200.jpg 300w, https:\/\/blogs.fu-berlin.de\/frauenbeauftragte\/files\/2024\/05\/Schattat-Blechinger-Talcott-Trenczek-768x512.jpg 768w\" sizes=\"auto, (max-width: 500px) 85vw, 500px\" \/><figcaption>Viel geschafft und viel zu tun (von links): Physikerin Beate Schattat, Japanologin Verena Blechinger-Talcott, Geschichtsstudentin Ellinor Trenczek, Foto: S\u00f6ren Maahs<\/figcaption><\/figure><\/div>\n\n\n<p>Ellinor Trenczek berichtete, dass sie nach ihrer ersten Berufungskommission fast hingeworfen h\u00e4tte. Die Arbeit in Gremien und Kommissionen sei bisweilen herausfordernd. \u201eEs ist ein politischer Kampf, dieses Amt auszu\u00fcben\u201c, sagte sie. Da sie aber von der Wichtigkeit der Gleichstellungsarbeit \u00fcberzeugt sei, habe sie weitergemacht. Geholfen haben ihr Rat und Unterst\u00fctzung der Amtskolleginnen. Es gelte, auch kleine Erfolge zu feiern: \u201eJedes Mal, wenn sich jemand vertrauensvoll an uns wendet, ist das ein Erfolg\u201c, sagte Ellinor Trenczek.<\/p>\n\n\n\n<p>Corinna Tomberger dankte den scheidenden und neuen Frauen- und Gleichstellungsbeauftragten f\u00fcr ihr Engagement und verteilte Rosen, bevor mit Sekt und Selters angesto\u00dfen und das Buffet er\u00f6ffnet wurde. Um den gesetzlichen Auftrag Gleichberechtigung im Alltag Wirklichkeit werden zu lassen, stehe eines fest: \u201eDie Freie Universit\u00e4t braucht engagierte Frauen, die die \u201aM\u00fchen der Ebene\u2018 tatkr\u00e4ftig und beherzt angehen\u201c, sagte die zentrale Frauen- und Gleichstellungsbeauftragte.<\/p>\n\n\n\n<p><strong>Annette Leyssner<\/strong><\/p>\n\n\n\n<hr class=\"wp-block-separator has-alpha-channel-opacity\" \/>\n\n\n\n<p>Der Originaltext ist unter dem Titel <em><a rel=\"noreferrer noopener\" href=\"https:\/\/www.fu-berlin.de\/campusleben\/vorgestellt\/2024\/240508-amtsantritt-frauenbeauftragte\/index.html\" target=\"_blank\">\u201eFeierlich begr\u00fc\u00dft: die neu gew\u00e4hlten Frauen- und Gleichstellungsbeauftragten\u201c<\/a><\/em> am 08.05.2024 auf campus.leben erschienen. In loser Folge stellt das Online-Magazin der Freien Universit\u00e4t Amt, Aufgaben und Amtstr\u00e4gerinnen vor. Weitere Beitr\u00e4ge in der Serie:<em>&nbsp;<a rel=\"noreferrer noopener\" href=\"https:\/\/blogs.fu-berlin.de\/frauenbeauftragte\/2024\/01\/29\/gleichstellung-beginnt-bei-ausschreibungen\/\" target=\"_blank\">\u201eGleichstellung beginnt bei Ausschreibungen\u201c<\/a><\/em>, &nbsp;<a rel=\"noreferrer noopener\" href=\"https:\/\/blogs.fu-berlin.de\/frauenbeauftragte\/2024\/01\/24\/im-einsatz-fur-die-gleichstellung\/\" target=\"_blank\"><em>\u201eIm Einsatz f\u00fcr die Gleichstellung\u201c<\/em><\/a> und <a rel=\"noreferrer noopener\" href=\"https:\/\/blogs.fu-berlin.de\/frauenbeauftragte\/2024\/03\/13\/frauen-und-gleichstellungsrat-konstituiert\/\" target=\"_blank\">\u201e<em>Frauen- und Gleichstellungsrat konstituier<\/em>t\u201c<\/a>.<\/p>\n","protected":false},"excerpt":{"rendered":"<p>24 neugew\u00e4hlte Frauen- und Gleichstellungsbeauftragte und Stellvertreterinnen aus 14 Bereichen der Freien Universit\u00e4t haben im April ihr Amt angetreten. Zwei Drittel von ihnen haben bereits Erfahrung im Amt und starten in eine weitere Amtszeit. \u00dcber die feierliche Amtseinf\u00fchrung und die Verabschiedung langj\u00e4hriger Kolleginnen sowie Perspektiven auf das Amt berichtete campus.leben.<\/p>\n","protected":false},"author":7120,"featured_media":8735,"comment_status":"open","ping_status":"open","sticky":false,"template":"","format":"standard","meta":{"footnotes":""},"categories":[428608,603],"tags":[433454,437402],"class_list":["post-8728","post","type-post","status-publish","format-standard","has-post-thumbnail","hentry","category-informiert","category-vorgestellt","tag-gleichstellungspolitik","tag-frauenbeauftragte"],"_links":{"self":[{"href":"https:\/\/blogs.fu-berlin.de\/frauenbeauftragte\/wp-json\/wp\/v2\/posts\/8728","targetHints":{"allow":["GET"]}}],"collection":[{"href":"https:\/\/blogs.fu-berlin.de\/frauenbeauftragte\/wp-json\/wp\/v2\/posts"}],"about":[{"href":"https:\/\/blogs.fu-berlin.de\/frauenbeauftragte\/wp-json\/wp\/v2\/types\/post"}],"author":[{"embeddable":true,"href":"https:\/\/blogs.fu-berlin.de\/frauenbeauftragte\/wp-json\/wp\/v2\/users\/7120"}],"replies":[{"embeddable":true,"href":"https:\/\/blogs.fu-berlin.de\/frauenbeauftragte\/wp-json\/wp\/v2\/comments?post=8728"}],"version-history":[{"count":27,"href":"https:\/\/blogs.fu-berlin.de\/frauenbeauftragte\/wp-json\/wp\/v2\/posts\/8728\/revisions"}],"predecessor-version":[{"id":10338,"href":"https:\/\/blogs.fu-berlin.de\/frauenbeauftragte\/wp-json\/wp\/v2\/posts\/8728\/revisions\/10338"}],"wp:featuredmedia":[{"embeddable":true,"href":"https:\/\/blogs.fu-berlin.de\/frauenbeauftragte\/wp-json\/wp\/v2\/media\/8735"}],"wp:attachment":[{"href":"https:\/\/blogs.fu-berlin.de\/frauenbeauftragte\/wp-json\/wp\/v2\/media?parent=8728"}],"wp:term":[{"taxonomy":"category","embeddable":true,"href":"https:\/\/blogs.fu-berlin.de\/frauenbeauftragte\/wp-json\/wp\/v2\/categories?post=8728"},{"taxonomy":"post_tag","embeddable":true,"href":"https:\/\/blogs.fu-berlin.de\/frauenbeauftragte\/wp-json\/wp\/v2\/tags?post=8728"}],"curies":[{"name":"wp","href":"https:\/\/api.w.org\/{rel}","templated":true}]}}