{"id":8770,"date":"2024-06-13T12:44:07","date_gmt":"2024-06-13T10:44:07","guid":{"rendered":"https:\/\/blogs.fu-berlin.de\/frauenbeauftragte\/?p=8770"},"modified":"2024-07-03T08:38:31","modified_gmt":"2024-07-03T06:38:31","slug":"gleichstellung-trifft-geschlechterforschung","status":"publish","type":"post","link":"https:\/\/blogs.fu-berlin.de\/frauenbeauftragte\/2024\/06\/13\/gleichstellung-trifft-geschlechterforschung\/","title":{"rendered":"Gleichstellung trifft Geschlechterforschung"},"content":{"rendered":"\n<div class=\"wp-block-media-text alignwide is-stacked-on-mobile\"><figure class=\"wp-block-media-text__media\"><img loading=\"lazy\" decoding=\"async\" width=\"976\" height=\"651\" src=\"https:\/\/blogs.fu-berlin.de\/frauenbeauftragte\/files\/2024\/06\/OpenMic_24_Slide_3zu2.jpg\" alt=\"\" class=\"wp-image-8863 size-full\" srcset=\"https:\/\/blogs.fu-berlin.de\/frauenbeauftragte\/files\/2024\/06\/OpenMic_24_Slide_3zu2.jpg 976w, https:\/\/blogs.fu-berlin.de\/frauenbeauftragte\/files\/2024\/06\/OpenMic_24_Slide_3zu2-300x200.jpg 300w, https:\/\/blogs.fu-berlin.de\/frauenbeauftragte\/files\/2024\/06\/OpenMic_24_Slide_3zu2-768x512.jpg 768w\" sizes=\"auto, (max-width: 709px) 85vw, (max-width: 909px) 67vw, (max-width: 1362px) 62vw, 840px\" \/><\/figure><div class=\"wp-block-media-text__content\">\n<p><strong>OPEN MIC Veranstaltung | 25. Juni 2024 | 12:30\u201314:00h&nbsp;<\/strong>\u2013 Das <a rel=\"noreferrer noopener\" href=\"https:\/\/www.mvbz.fu-berlin.de\/\" target=\"_blank\">Margherita-von-Brentano-Zentrum<\/a> und das Team geschlechter*gerecht laden zu einem Austausch zwischen Gleichstellungsakteurinnen und Geschlechterforscherinnen der Freien Universit\u00e4t ein. Sechs  gleichstellungsrelevante Themenfelder werden in jeweils 5-min\u00fctigen Inputs aus Praxis und Forschung betrachtet. Eine Anmeldung ist nicht erforderlich.<\/p>\n\n\n\n<!--more-->\n<\/div><\/div>\n\n\n\n<p>Welchen Herausforderungen begegnen Gleichstellungsakteur*innen an der Freien Universit\u00e4t in ihrer Praxis? Welche wissenschaftlichen Erkenntnisse k\u00f6nnen Geschlechterforscher*innen zu diesen Handlungsfeldern beisteuern?<\/p>\n\n\n\n<p>Mit dieser Veranstaltung m\u00f6chten wir den Theorie-Praxis-Transfer zwischen der Geschlechterforschung als wissenschaftlichem Forschungsfeld und der Gleichstellungspolitik als Praxisfeld f\u00f6rdern. Im Fokus stehen gleichstellungsrelevante Themenfelder, die Expertinnen aus Praxis und Forschung wechselweise beleuchten. Mit dem Format m\u00f6chten wir ausloten, wie aktuelle Forschungsergebnisse der Geschlechterforschung gewinnbringend f\u00fcr die Gleichstellungspraxis aufgegriffen werden k\u00f6nnen. Zugleich k\u00f6nnen Perspektiven aus der Praxis Impulse f\u00fcr Forschung und Wissenschaftskommunikation geben.<\/p>\n\n\n\n<h3 class=\"wp-block-heading\">Programm<\/h3>\n\n\n\n<p>F\u00fcnfmin\u00fctige Beitr\u00e4ge er\u00f6ffnen wechselweise Perspektiven der Gleichstellung und der Geschlechterforschung auf sechs Themenfelder. Gleichstellungsakteurinnen skizzieren Herausforderungen aus der Hochschulpraxis, Forscherinnen aus verschiedenen Disziplinen pr\u00e4sentieren Geschlechterwissen zu den unterschiedlichen Themen.<\/p>\n\n\n\n<h3 class=\"wp-block-heading\">Themen und Mitwirkende<\/h3>\n\n\n\n<figure class=\"wp-block-table\"><table><thead><tr><th>Thema<\/th><th>Vortragende<\/th><\/tr><\/thead><tbody><tr><td>Selbstbestimmung von Geschlecht<\/td><td><strong>Nora Tuchelt<\/strong>, Stellvertreterin der zentralen Frauen- und Gleichstellungsbeauftragten <br><strong>Prof. Dr. Bettina Rentsch<\/strong>, Fachbereich Rechtswissenschaft<\/td><\/tr><tr><td>Care-Arbeit<\/td><td><strong>Dr. Katrin Gengenbach<\/strong>, Stellvertreterin der zentralen Frauen- und Gleichstellungsbeauftragten <br><strong>Dr. Raquel Rojas Scheffer<\/strong>, Lateinamerika-Institut<\/td><\/tr><tr><td>Geschlechtergerechtigkeit\/Gender in MINT<\/td><td><strong>Dr. Corinna Tomberger<\/strong>, zentrale Frauen- und Gleichstellungsbeauftragte <br><strong>Prof. Dr. Martina Erlemann<\/strong>, Fachbereich Physik<\/td><\/tr><tr><td>Female Leadership<\/td><td><strong>Katharina Schmidt<\/strong>, Stellvertreterin der zentralen Frauen- und Gleichstellungsbeauftragten <br><strong>Prof. Dr. Janina Sundermeier<\/strong>, Fachbereich Wirtschaftswissenschaft<\/td><\/tr><tr><td>Sexualisierte Bel\u00e4stigung, Diskriminierung und Gewalt<\/td><td><strong>Wendy Stollberg<\/strong>, zentrale Ansprechperson bei sexualisierter Bel\u00e4stigung, Diskriminierung und Gewalt <br><strong>Dr. Heike Pantelmann<\/strong>, Margherita-von-Brentano-Zentrum<\/td><\/tr><tr><td>Intersektionalit\u00e4t<\/td><td><strong>Merle B\u00fcter<\/strong>, Referentin im Team geschlechter*gerecht <br><strong>Prof. Dr. G\u00fclay \u00c7a\u011flar<\/strong>, Otto-Suhr-Institut f\u00fcr Politikwissenschaft<\/td><\/tr><\/tbody><\/table><\/figure>\n\n\n\n<p>Nach den Inputs laden wir ein zu Austausch und Diskussion mit allen Interessierten.<\/p>\n\n\n\n<p class=\"has-medium-font-size\">Zeit &amp; Ort<\/p>\n\n\n\n<p><strong>Wann?<\/strong> 25.06.2024 | 12:30 &#8211; 14:00 Uhr<br><strong>Wo?<\/strong> Freie Universit\u00e4t Berlin | Rost- und Silberlaube | Foyer der H\u00f6rs\u00e4le 1a\/1b (barrierefrei) | Habelschwerdter Allee 45 | 14195 Berlin<strong><br>Anmeldung <\/strong>ist nicht erforderlich<br>Weitere <a rel=\"noreferrer noopener\" href=\"https:\/\/www.mvbz.fu-berlin.de\/termine\/20240625_open_mic.html\" target=\"_blank\">Informationen<\/a><br><strong>Kontakt:<\/strong> <a rel=\"noreferrer noopener\" href=\"mailto:mvbz@fu-berlin.de\" target=\"_blank\">mvbz@fu-berlin.de<\/a> und <a rel=\"noreferrer noopener\" href=\"mailto:frauenbeauftragte@fu-berlin.de\" target=\"_blank\">frauenbeauftragte@fu-berlin.de<\/a><\/p>\n\n\n\n<p>W\u00e4hrend der Veranstaltung werden Filmaufnahmen und Fotos zu Zwecken der Dokumentation und \u00d6ffentlichkeitsarbeit gemacht.<\/p>\n\n\n\n<hr class=\"wp-block-separator has-alpha-channel-opacity\" \/>\n\n\n<div class=\"wp-block-image\">\n<figure class=\"aligncenter size-large\"><img loading=\"lazy\" decoding=\"async\" width=\"724\" height=\"1024\" src=\"https:\/\/blogs.fu-berlin.de\/frauenbeauftragte\/files\/2024\/06\/OpenMic-24_A3_RGB-1-724x1024.jpg\" alt=\"\" class=\"wp-image-8864\" srcset=\"https:\/\/blogs.fu-berlin.de\/frauenbeauftragte\/files\/2024\/06\/OpenMic-24_A3_RGB-1-724x1024.jpg 724w, https:\/\/blogs.fu-berlin.de\/frauenbeauftragte\/files\/2024\/06\/OpenMic-24_A3_RGB-1-212x300.jpg 212w, https:\/\/blogs.fu-berlin.de\/frauenbeauftragte\/files\/2024\/06\/OpenMic-24_A3_RGB-1-768x1086.jpg 768w, https:\/\/blogs.fu-berlin.de\/frauenbeauftragte\/files\/2024\/06\/OpenMic-24_A3_RGB-1-1086x1536.jpg 1086w, https:\/\/blogs.fu-berlin.de\/frauenbeauftragte\/files\/2024\/06\/OpenMic-24_A3_RGB-1-1448x2048.jpg 1448w, https:\/\/blogs.fu-berlin.de\/frauenbeauftragte\/files\/2024\/06\/OpenMic-24_A3_RGB-1-1200x1697.jpg 1200w, https:\/\/blogs.fu-berlin.de\/frauenbeauftragte\/files\/2024\/06\/OpenMic-24_A3_RGB-1-scaled.jpg 1810w\" sizes=\"auto, (max-width: 709px) 85vw, (max-width: 909px) 67vw, (max-width: 984px) 61vw, (max-width: 1362px) 45vw, 600px\" \/><\/figure><\/div>\n\n\n<hr class=\"wp-block-separator has-alpha-channel-opacity\" \/>\n","protected":false},"excerpt":{"rendered":"<p>OPEN MIC Veranstaltung | 25. Juni 2024 | 12:30\u201314:00h&nbsp;\u2013 Das Margherita-von-Brentano-Zentrum und das Team geschlechter*gerecht laden zu einem Austausch zwischen Gleichstellungsakteurinnen und Geschlechterforscherinnen der Freien Universit\u00e4t ein. Sechs gleichstellungsrelevante Themenfelder werden in jeweils 5-min\u00fctigen Inputs aus Praxis und Forschung betrachtet. Eine Anmeldung ist nicht erforderlich.<\/p>\n","protected":false},"author":7120,"featured_media":8863,"comment_status":"open","ping_status":"open","sticky":false,"template":"","format":"standard","meta":{"footnotes":""},"categories":[428608],"tags":[423731,430258,305170,433140,433454,57446,437124,437402,303556],"class_list":["post-8770","post","type-post","status-publish","format-standard","has-post-thumbnail","hentry","category-informiert","tag-mintoring","tag-vereinbarkeit","tag-diversity","tag-sbdg","tag-gleichstellungspolitik","tag-geschlechterforschung","tag-wissenschaftlerinnen","tag-frauenbeauftragte","tag-intersektionalitaet"],"_links":{"self":[{"href":"https:\/\/blogs.fu-berlin.de\/frauenbeauftragte\/wp-json\/wp\/v2\/posts\/8770","targetHints":{"allow":["GET"]}}],"collection":[{"href":"https:\/\/blogs.fu-berlin.de\/frauenbeauftragte\/wp-json\/wp\/v2\/posts"}],"about":[{"href":"https:\/\/blogs.fu-berlin.de\/frauenbeauftragte\/wp-json\/wp\/v2\/types\/post"}],"author":[{"embeddable":true,"href":"https:\/\/blogs.fu-berlin.de\/frauenbeauftragte\/wp-json\/wp\/v2\/users\/7120"}],"replies":[{"embeddable":true,"href":"https:\/\/blogs.fu-berlin.de\/frauenbeauftragte\/wp-json\/wp\/v2\/comments?post=8770"}],"version-history":[{"count":34,"href":"https:\/\/blogs.fu-berlin.de\/frauenbeauftragte\/wp-json\/wp\/v2\/posts\/8770\/revisions"}],"predecessor-version":[{"id":9031,"href":"https:\/\/blogs.fu-berlin.de\/frauenbeauftragte\/wp-json\/wp\/v2\/posts\/8770\/revisions\/9031"}],"wp:featuredmedia":[{"embeddable":true,"href":"https:\/\/blogs.fu-berlin.de\/frauenbeauftragte\/wp-json\/wp\/v2\/media\/8863"}],"wp:attachment":[{"href":"https:\/\/blogs.fu-berlin.de\/frauenbeauftragte\/wp-json\/wp\/v2\/media?parent=8770"}],"wp:term":[{"taxonomy":"category","embeddable":true,"href":"https:\/\/blogs.fu-berlin.de\/frauenbeauftragte\/wp-json\/wp\/v2\/categories?post=8770"},{"taxonomy":"post_tag","embeddable":true,"href":"https:\/\/blogs.fu-berlin.de\/frauenbeauftragte\/wp-json\/wp\/v2\/tags?post=8770"}],"curies":[{"name":"wp","href":"https:\/\/api.w.org\/{rel}","templated":true}]}}