{"id":8897,"date":"2024-06-25T15:35:28","date_gmt":"2024-06-25T13:35:28","guid":{"rendered":"https:\/\/blogs.fu-berlin.de\/frauenbeauftragte\/?p=8897"},"modified":"2024-06-25T16:38:38","modified_gmt":"2024-06-25T14:38:38","slug":"diversity-career-development","status":"publish","type":"post","link":"https:\/\/blogs.fu-berlin.de\/frauenbeauftragte\/2024\/06\/25\/diversity-career-development\/","title":{"rendered":"Diversity &amp; Career Development"},"content":{"rendered":"\n<div class=\"wp-block-media-text alignwide is-stacked-on-mobile\"><figure class=\"wp-block-media-text__media\"><img loading=\"lazy\" decoding=\"async\" width=\"1024\" height=\"683\" src=\"https:\/\/blogs.fu-berlin.de\/frauenbeauftragte\/files\/2022\/05\/G-D-Career-Development_Slide-1024x683.png\" alt=\"\" class=\"wp-image-2371 size-full\" srcset=\"https:\/\/blogs.fu-berlin.de\/frauenbeauftragte\/files\/2022\/05\/G-D-Career-Development_Slide-1024x683.png 1024w, https:\/\/blogs.fu-berlin.de\/frauenbeauftragte\/files\/2022\/05\/G-D-Career-Development_Slide-300x200.png 300w, https:\/\/blogs.fu-berlin.de\/frauenbeauftragte\/files\/2022\/05\/G-D-Career-Development_Slide-768x512.png 768w, https:\/\/blogs.fu-berlin.de\/frauenbeauftragte\/files\/2022\/05\/G-D-Career-Development_Slide-1536x1024.png 1536w, https:\/\/blogs.fu-berlin.de\/frauenbeauftragte\/files\/2022\/05\/G-D-Career-Development_Slide-2048x1365.png 2048w, https:\/\/blogs.fu-berlin.de\/frauenbeauftragte\/files\/2022\/05\/G-D-Career-Development_Slide-1200x800.png 1200w\" sizes=\"auto, (max-width: 709px) 85vw, (max-width: 909px) 67vw, (max-width: 1362px) 62vw, 840px\" \/><\/figure><div class=\"wp-block-media-text__content\">\n<p><strong>5. Fachtag: 1. Juli 2024&nbsp;|&nbsp;8:30-16:30 Uhr<\/strong> <strong>\u2013<\/strong> F\u00fcr Nachwuchswissenschaftler*innen und f\u00fcr alle Interessierten bietet dieser Fachtag drei Workshops in englischer Sprache an. Auf dem Programm stehen nach einem Get Together Beratung und Erfahrungsaustausch zu Start, Weg und Ziel einer wissenschaftlichen Karriere sowie K\u00f6rpertraining zur Bew\u00e4ltigung von Unsicherheit und Stress.<\/p>\n\n\n\n<!--more-->\n<\/div><\/div>\n\n\n\n<p>Vier Forschungsverb\u00fcnde der Fachbereiche Biologie, Chemie, Pharmazie (BCP) sowie Physik laden Doktorand*innen, Postdocs und Interessierte zum 5. Fachtag Gender, Diversity &amp; Career Development ein. Beteiligt sind die Sonderforschungsbereiche SFB 1078, SFB 1349, SFB 1449 und SFB\/TRR 227. Organisiert wird dieser Fachtag von Dr. Sarah Huch, Beraterin und Koordinatorin f\u00fcr Gender &amp; Diversity im SFB 1449.<\/p>\n\n\n\n<p>Das Programm umfasst drei Workshops in englischer Sprache und wird angeboten von FU-internen und FU-externen Expert*innen. Den Auftakt gibt Karriereberaterin Dr. Philippa Cook mit dem Workshop \u201eTime to jump \u2013 start your career plan!\u201d. Cook, die vor allem internationale Doktorand*innen ber\u00e4t, zeigt Herausforderungen und M\u00f6glichkeiten auf, die der Arbeitsmarkt bereith\u00e4lt, und hilft bei Fragen zu Bewerbung, Berufseinstieg und Karriereplanung. <\/p>\n\n\n\n<p><a rel=\"noreferrer noopener\" href=\"https:\/\/www.sfb1078.de\/igk2\/people\/gendercoordinator\/Huch\/index.html\" target=\"_blank\">Dr. Sarah Huch<\/a>, promovierte Biologin, bietet Einzelberatung zu Gleichstellung und Mentoring an. Constance Scharff, Professorin und Stellvertreterin der Frauen- und Gleichstellungsbeauftragten des Fachbereichs BCP, beschreibt im Workshop \u201eCareer Paths for natural scientists in academia \u2013 first hand experiences\u201d ihren Weg vom Studium bis zur Professur in den Naturwissenschaften.<\/p>\n\n\n\n<p>Last but not least &#8211; m\u00f6chte der Fachtag den Teilnehmer*innen Techniken vermitteln, mit denen sie Druck und Stress abbauen und zu mehr Selbstvertrauen und Entspannung finden k\u00f6nnen. Daf\u00fcr sorgt Flora D.H. Ojanen, Yoga und Tai-Chi-Lehrerin. Mit ihrem Workshop gibt sie den Teilnehmer*innen das Versprechen: \u201cYou will leave with new embodiment tools you can use for the rest of your life.\u201d<\/p>\n\n\n\n<p>Die Teilnahme an diesem Fachtag ist f\u00fcr Credit Points anrechenbar.<\/p>\n\n\n\n<hr class=\"wp-block-separator has-alpha-channel-opacity\" \/>\n\n\n\n<p class=\"has-medium-font-size\">Im \u00dcberblick<\/p>\n\n\n\n<p>5. Fachtag Gender, Diversity &amp; Career Development<\/p>\n\n\n\n<ul class=\"wp-block-list\"><li><strong>Zeit:<\/strong> 01.07.2024 | 8:30-16:30 Uhr<\/li><li><strong>Ort:<\/strong> <a rel=\"noreferrer noopener\" href=\"https:\/\/www.suprafab.fu-berlin.de\/\" target=\"_blank\">SupraFAB<\/a>, Altensteinstr. 23a, 14195 Berlin<\/li><li><a rel=\"noreferrer noopener\" href=\"https:\/\/www.sfb1449.de\/Events\/5_G-D-Career-Development_A4_WEB.pdf\" target=\"_blank\">Programm-Flyer<\/a><\/li><li><strong>Anmeldung per E-Mail<\/strong>: gender-diversityCRC1449@bcp.fu-berlin.de<\/li><\/ul>\n\n\n\n<hr class=\"wp-block-separator has-css-opacity\" \/>\n\n\n\n<figure class=\"wp-block-image size-large\"><img loading=\"lazy\" decoding=\"async\" width=\"724\" height=\"1024\" src=\"https:\/\/blogs.fu-berlin.de\/frauenbeauftragte\/files\/2024\/06\/5_G-D-Career-Development_A4-724x1024.png\" alt=\"\" class=\"wp-image-8929\" srcset=\"https:\/\/blogs.fu-berlin.de\/frauenbeauftragte\/files\/2024\/06\/5_G-D-Career-Development_A4-724x1024.png 724w, https:\/\/blogs.fu-berlin.de\/frauenbeauftragte\/files\/2024\/06\/5_G-D-Career-Development_A4-212x300.png 212w, https:\/\/blogs.fu-berlin.de\/frauenbeauftragte\/files\/2024\/06\/5_G-D-Career-Development_A4-768x1086.png 768w, https:\/\/blogs.fu-berlin.de\/frauenbeauftragte\/files\/2024\/06\/5_G-D-Career-Development_A4-1086x1536.png 1086w, https:\/\/blogs.fu-berlin.de\/frauenbeauftragte\/files\/2024\/06\/5_G-D-Career-Development_A4.png 1190w\" sizes=\"auto, (max-width: 709px) 85vw, (max-width: 909px) 67vw, (max-width: 984px) 61vw, (max-width: 1362px) 45vw, 600px\" \/><\/figure>\n\n\n\n<hr class=\"wp-block-separator has-alpha-channel-opacity\" \/>\n","protected":false},"excerpt":{"rendered":"<p>5. Fachtag: 1. Juli 2024&nbsp;|&nbsp;8:30-16:30 Uhr \u2013 F\u00fcr Nachwuchswissenschaftler*innen und f\u00fcr alle Interessierten bietet dieser Fachtag drei Workshops in englischer Sprache an. Auf dem Programm stehen nach einem Get Together Beratung und Erfahrungsaustausch zu Start, Weg und Ziel einer wissenschaftlichen Karriere sowie K\u00f6rpertraining zur Bew\u00e4ltigung von Unsicherheit und Stress.<\/p>\n","protected":false},"author":6410,"featured_media":2371,"comment_status":"open","ping_status":"open","sticky":false,"template":"","format":"standard","meta":{"footnotes":""},"categories":[428608],"tags":[305170,433674,437124],"class_list":["post-8897","post","type-post","status-publish","format-standard","has-post-thumbnail","hentry","category-informiert","tag-diversity","tag-genderkompetenz","tag-wissenschaftlerinnen"],"_links":{"self":[{"href":"https:\/\/blogs.fu-berlin.de\/frauenbeauftragte\/wp-json\/wp\/v2\/posts\/8897","targetHints":{"allow":["GET"]}}],"collection":[{"href":"https:\/\/blogs.fu-berlin.de\/frauenbeauftragte\/wp-json\/wp\/v2\/posts"}],"about":[{"href":"https:\/\/blogs.fu-berlin.de\/frauenbeauftragte\/wp-json\/wp\/v2\/types\/post"}],"author":[{"embeddable":true,"href":"https:\/\/blogs.fu-berlin.de\/frauenbeauftragte\/wp-json\/wp\/v2\/users\/6410"}],"replies":[{"embeddable":true,"href":"https:\/\/blogs.fu-berlin.de\/frauenbeauftragte\/wp-json\/wp\/v2\/comments?post=8897"}],"version-history":[{"count":10,"href":"https:\/\/blogs.fu-berlin.de\/frauenbeauftragte\/wp-json\/wp\/v2\/posts\/8897\/revisions"}],"predecessor-version":[{"id":9002,"href":"https:\/\/blogs.fu-berlin.de\/frauenbeauftragte\/wp-json\/wp\/v2\/posts\/8897\/revisions\/9002"}],"wp:featuredmedia":[{"embeddable":true,"href":"https:\/\/blogs.fu-berlin.de\/frauenbeauftragte\/wp-json\/wp\/v2\/media\/2371"}],"wp:attachment":[{"href":"https:\/\/blogs.fu-berlin.de\/frauenbeauftragte\/wp-json\/wp\/v2\/media?parent=8897"}],"wp:term":[{"taxonomy":"category","embeddable":true,"href":"https:\/\/blogs.fu-berlin.de\/frauenbeauftragte\/wp-json\/wp\/v2\/categories?post=8897"},{"taxonomy":"post_tag","embeddable":true,"href":"https:\/\/blogs.fu-berlin.de\/frauenbeauftragte\/wp-json\/wp\/v2\/tags?post=8897"}],"curies":[{"name":"wp","href":"https:\/\/api.w.org\/{rel}","templated":true}]}}