{"id":9023,"date":"2024-07-05T12:30:05","date_gmt":"2024-07-05T10:30:05","guid":{"rendered":"https:\/\/blogs.fu-berlin.de\/frauenbeauftragte\/?p=9023"},"modified":"2024-07-05T12:31:09","modified_gmt":"2024-07-05T10:31:09","slug":"netzwerktreffen-zu-diversity-gender-in-stem","status":"publish","type":"post","link":"https:\/\/blogs.fu-berlin.de\/frauenbeauftragte\/2024\/07\/05\/netzwerktreffen-zu-diversity-gender-in-stem\/","title":{"rendered":"Netzwerktreffen zu Diversity &amp; Gender in STEM"},"content":{"rendered":"\n<div class=\"wp-block-media-text alignwide is-stacked-on-mobile\"><figure class=\"wp-block-media-text__media\"><img loading=\"lazy\" decoding=\"async\" width=\"1000\" height=\"666\" src=\"https:\/\/blogs.fu-berlin.de\/frauenbeauftragte\/files\/2024\/06\/Banner-DiGEnetwork.png\" alt=\"\" class=\"wp-image-9019 size-full\" srcset=\"https:\/\/blogs.fu-berlin.de\/frauenbeauftragte\/files\/2024\/06\/Banner-DiGEnetwork.png 1000w, https:\/\/blogs.fu-berlin.de\/frauenbeauftragte\/files\/2024\/06\/Banner-DiGEnetwork-300x200.png 300w, https:\/\/blogs.fu-berlin.de\/frauenbeauftragte\/files\/2024\/06\/Banner-DiGEnetwork-768x511.png 768w\" sizes=\"auto, (max-width: 709px) 85vw, (max-width: 909px) 67vw, (max-width: 1362px) 62vw, 840px\" \/><\/figure><div class=\"wp-block-media-text__content\">\n<p><strong><strong>Hybride Veranstaltung<\/strong><\/strong> | <strong>18. Juli 2024 | 13-16h \u2013<\/strong> Das<a rel=\"noreferrer noopener\" href=\"https:\/\/www.berlin-university-alliance.de\/commitments\/diversity\/digenet\/index.html\" target=\"_blank\"> Diversity and Gender Equality Network<\/a> unter dem Dach des Exzellenzverbunds Berlin University Alliance l\u00e4dt Mitglieder und Interessierte zum 13. Netzwerktreffen ein. Auf dem Programm stehen Vortr\u00e4ge und Diskussionen zu Diversit\u00e4t und Geschlechtergerechtigkeit in den MINT-F\u00e4chern. Anmeldefrist ist der 11. Juli 2024.<\/p>\n\n\n\n<!--more-->\n<\/div><\/div>\n\n\n\n<p>Das Forschungs- und Kompetenznetzwerk <em>Diversity and Gender Equality Network (DiGENet)<\/em> bietet interessierten Forschenden aus Berlin eine Plattform f\u00fcr einen intensiven, interdisziplin\u00e4ren Wissensaustausch. Es ist offen f\u00fcr alle interessierten Wissenschaftler*innen und Praktiker*innen rund um das Themenfeld Diversity und Gender Equality.<\/p>\n\n\n\n<p>STEM steht f\u00fcr Science, Technology, Engineering und Mathematics und ist das englischsprachige Pendant zur deutschen Abk\u00fcrzung MINT f\u00fcr Mathematik, Informatik, Naturwissenschaften und Technik. Diversit\u00e4t und Geschlechtergerechtigkeit auch und besonders in diesen F\u00e4chern zu f\u00f6rdern und umzusetzen, steht auf der Agenda des DiGENet-Netzwerks. <\/p>\n\n\n\n<p class=\"has-medium-font-size\">13. Netzwerktreffen <\/p>\n\n\n\n<p>Das 13. Netzwerktreffen findet am 18. Juli 2024 statt und widmet sich dem Thema&nbsp;<em>Gender &amp; Diversity in STEM,<\/em> seiner Bedeutung f\u00fcr Forschung und Lehre sowie seiner Relevanz f\u00fcr die Weiterentwicklung von Zukunftstechnologien und Innovationen f\u00fcr die Gesellschaft.<\/p>\n\n\n\n<p>Die Keynote mit dem Titel <em>Gendering MINT: Perspektiven f\u00fcr Forschung und Lehre<\/em> h\u00e4lt Dr. habil Sigrid Schmitz vom Zentrum f\u00fcr transdisziplin\u00e4re Geschlechterstudien der Humboldt-Universit\u00e4t zu Berlin. Anschlie\u00dfend stellen zwei Professorinnen der Freien Universit\u00e4t, Prof. Dr. Petra Lucht, Gastprofessur Science of Science, Gender &amp; Diversity, und Prof. Dr. Martina Erlemann, Wissenschafts- und Geschlechtersoziologie in der Physik, das neue <a rel=\"noreferrer noopener\" href=\"https:\/\/blogs.fu-berlin.de\/frauenbeauftragte\/2024\/04\/10\/neues-zertifikatsprogramm-gender-diversitaet\/\" target=\"_blank\">BUA-Zertifikatsprogramm <em>Gender &amp; Diversity in Science &amp; Technology Studies<\/em><\/a> vor. \u00dcber <em>The Gender Dimension in Research Funding &#8211; the European Framework <\/em>spricht Prof. Dr. Martina Schraudner, Fraunhofer Center for Responsible Research and Innovation.<\/p>\n\n\n\n<p>Vor der abschlie\u00dfenden Diskussion im Plenum werden bei diesem DiGENet-Treffen die <a rel=\"noreferrer noopener\" href=\"https:\/\/www.wissenschaftsrat.de\/SharedDocs\/Pressemitteilungen\/DE\/PM_2023\/PM_1723\" target=\"_blank\">Empfehlungen des Wissenschaftsrates zur Weiterentwicklung der Geschlechterforschung in Deutschland<\/a> mit Blick auf die MINT-F\u00e4cher diskutiert. In dem Gutachten vom Juli 2023 spricht sich der Wissenschaftsrat daf\u00fcr aus, Geschlechterperspektiven st\u00e4rker in Forschung und Lehre zu integrieren, gerade auch in den MINT-F\u00e4chern.&nbsp;<\/p>\n\n\n\n<hr class=\"wp-block-separator has-alpha-channel-opacity\" \/>\n\n\n\n<p class=\"has-medium-font-size\">Programm<\/p>\n\n\n\n<figure class=\"wp-block-image size-large\"><img loading=\"lazy\" decoding=\"async\" width=\"724\" height=\"1024\" src=\"https:\/\/blogs.fu-berlin.de\/frauenbeauftragte\/files\/2024\/06\/Programm-DiGENet-Treffen-18.07.24-724x1024.png\" alt=\"\" class=\"wp-image-9017\" srcset=\"https:\/\/blogs.fu-berlin.de\/frauenbeauftragte\/files\/2024\/06\/Programm-DiGENet-Treffen-18.07.24-724x1024.png 724w, https:\/\/blogs.fu-berlin.de\/frauenbeauftragte\/files\/2024\/06\/Programm-DiGENet-Treffen-18.07.24-212x300.png 212w, https:\/\/blogs.fu-berlin.de\/frauenbeauftragte\/files\/2024\/06\/Programm-DiGENet-Treffen-18.07.24-768x1087.png 768w, https:\/\/blogs.fu-berlin.de\/frauenbeauftragte\/files\/2024\/06\/Programm-DiGENet-Treffen-18.07.24-1086x1536.png 1086w, https:\/\/blogs.fu-berlin.de\/frauenbeauftragte\/files\/2024\/06\/Programm-DiGENet-Treffen-18.07.24-1447x2048.png 1447w, https:\/\/blogs.fu-berlin.de\/frauenbeauftragte\/files\/2024\/06\/Programm-DiGENet-Treffen-18.07.24-1200x1698.png 1200w, https:\/\/blogs.fu-berlin.de\/frauenbeauftragte\/files\/2024\/06\/Programm-DiGENet-Treffen-18.07.24.png 1653w\" sizes=\"auto, (max-width: 709px) 85vw, (max-width: 909px) 67vw, (max-width: 984px) 61vw, (max-width: 1362px) 45vw, 600px\" \/><\/figure>\n\n\n\n<hr class=\"wp-block-separator has-alpha-channel-opacity\" \/>\n\n\n\n<p class=\"has-medium-font-size\">Zeit &amp; Ort<\/p>\n\n\n\n<p><strong>Wann?<\/strong> 18.07.2024 | 13:00 &#8211; 16:00 Uhr<br><strong>Wo?<\/strong> Technische Universit\u00e4t Berlin <strong>| <\/strong>Hauptgeb\u00e4ude <strong>| <\/strong>Stra\u00dfe des 17. Juni 135 <strong>| <\/strong>10623 Berlin <strong>|<\/strong> Raum H 3005 und per <a rel=\"noreferrer noopener\" href=\"https:\/\/fu-berlin.webex.com\/fu-berlin\/j.php?MTID=m3c65704354b3f01f5095a9549aa68fc2\" target=\"_blank\">Webex <\/a><strong><br>Anmeldung <\/strong>bis 11. Juli 2024 bitte per Mail an <a href=\"mailto:DiGENet@berlin-university-alliance.de\" target=\"_blank\" rel=\"noreferrer noopener\">DiGENet@berlin-university-<\/a><a rel=\"noreferrer noopener\" href=\"mailto:DiGENet@berlin-university-alliance.de\" target=\"_blank\">al<\/a><a href=\"mailto:DiGENet@berlin-university-alliance.de\">liance.de<\/a><\/p>\n\n\n\n<p class=\"has-medium-font-size\">Kontakt &amp; Informationen<\/p>\n\n\n\n<p><strong>Ansprechperson:<\/strong> Dr. Charlotte Piepenbrock, Referentin f\u00fcr die Koordination des Cross-Cutting Theme Diversity and Gender Equality<strong><br>Kontakt:<\/strong> <a href=\"mailto:DiGENet@berlin-university-alliance.de\">DiGENet@berlin-university-alliance.de<\/a>&nbsp;<br><a rel=\"noreferrer noopener\" href=\"https:\/\/www.berlin-university-alliance.de\/commitments\/diversity\/digenet\/final_Programm-DiGENet-Treffen-18_07_241.pdf\" target=\"_blank\">Programm<\/a><\/p>\n\n\n\n<p><br><\/p>\n","protected":false},"excerpt":{"rendered":"<p>Hybride Veranstaltung | 18. Juli 2024 | 13-16h \u2013 Das Diversity and Gender Equality Network unter dem Dach des Exzellenzverbunds Berlin University Alliance l\u00e4dt Mitglieder und Interessierte zum 13. Netzwerktreffen ein. Auf dem Programm stehen Vortr\u00e4ge und Diskussionen zu Diversit\u00e4t und Geschlechtergerechtigkeit in den MINT-F\u00e4chern. Anmeldefrist ist der 11. Juli 2024.<\/p>\n","protected":false},"author":6410,"featured_media":9019,"comment_status":"open","ping_status":"open","sticky":false,"template":"","format":"standard","meta":{"footnotes":""},"categories":[428608],"tags":[423731,305170,57446,2478],"class_list":["post-9023","post","type-post","status-publish","format-standard","has-post-thumbnail","hentry","category-informiert","tag-mintoring","tag-diversity","tag-geschlechterforschung","tag-exzellenz"],"_links":{"self":[{"href":"https:\/\/blogs.fu-berlin.de\/frauenbeauftragte\/wp-json\/wp\/v2\/posts\/9023","targetHints":{"allow":["GET"]}}],"collection":[{"href":"https:\/\/blogs.fu-berlin.de\/frauenbeauftragte\/wp-json\/wp\/v2\/posts"}],"about":[{"href":"https:\/\/blogs.fu-berlin.de\/frauenbeauftragte\/wp-json\/wp\/v2\/types\/post"}],"author":[{"embeddable":true,"href":"https:\/\/blogs.fu-berlin.de\/frauenbeauftragte\/wp-json\/wp\/v2\/users\/6410"}],"replies":[{"embeddable":true,"href":"https:\/\/blogs.fu-berlin.de\/frauenbeauftragte\/wp-json\/wp\/v2\/comments?post=9023"}],"version-history":[{"count":20,"href":"https:\/\/blogs.fu-berlin.de\/frauenbeauftragte\/wp-json\/wp\/v2\/posts\/9023\/revisions"}],"predecessor-version":[{"id":9081,"href":"https:\/\/blogs.fu-berlin.de\/frauenbeauftragte\/wp-json\/wp\/v2\/posts\/9023\/revisions\/9081"}],"wp:featuredmedia":[{"embeddable":true,"href":"https:\/\/blogs.fu-berlin.de\/frauenbeauftragte\/wp-json\/wp\/v2\/media\/9019"}],"wp:attachment":[{"href":"https:\/\/blogs.fu-berlin.de\/frauenbeauftragte\/wp-json\/wp\/v2\/media?parent=9023"}],"wp:term":[{"taxonomy":"category","embeddable":true,"href":"https:\/\/blogs.fu-berlin.de\/frauenbeauftragte\/wp-json\/wp\/v2\/categories?post=9023"},{"taxonomy":"post_tag","embeddable":true,"href":"https:\/\/blogs.fu-berlin.de\/frauenbeauftragte\/wp-json\/wp\/v2\/tags?post=9023"}],"curies":[{"name":"wp","href":"https:\/\/api.w.org\/{rel}","templated":true}]}}