{"id":9052,"date":"2024-07-12T08:50:35","date_gmt":"2024-07-12T06:50:35","guid":{"rendered":"https:\/\/blogs.fu-berlin.de\/frauenbeauftragte\/?p=9052"},"modified":"2024-07-12T08:50:35","modified_gmt":"2024-07-12T06:50:35","slug":"rueckblick-openmic-veranstaltung","status":"publish","type":"post","link":"https:\/\/blogs.fu-berlin.de\/frauenbeauftragte\/2024\/07\/12\/rueckblick-openmic-veranstaltung\/","title":{"rendered":"R\u00fcckblick: OpenMic-Veranstaltung"},"content":{"rendered":"\n<div class=\"wp-block-media-text alignwide is-stacked-on-mobile\"><figure class=\"wp-block-media-text__media\"><img loading=\"lazy\" decoding=\"async\" width=\"976\" height=\"651\" src=\"https:\/\/blogs.fu-berlin.de\/frauenbeauftragte\/files\/2024\/06\/OpenMic_24_Slide_3zu2.jpg\" alt=\"\" class=\"wp-image-8863 size-full\" srcset=\"https:\/\/blogs.fu-berlin.de\/frauenbeauftragte\/files\/2024\/06\/OpenMic_24_Slide_3zu2.jpg 976w, https:\/\/blogs.fu-berlin.de\/frauenbeauftragte\/files\/2024\/06\/OpenMic_24_Slide_3zu2-300x200.jpg 300w, https:\/\/blogs.fu-berlin.de\/frauenbeauftragte\/files\/2024\/06\/OpenMic_24_Slide_3zu2-768x512.jpg 768w\" sizes=\"auto, (max-width: 709px) 85vw, (max-width: 909px) 67vw, (max-width: 1362px) 62vw, 840px\" \/><\/figure><div class=\"wp-block-media-text__content\">\n<p><strong>Gleichstellung trifft Geschlechterforschung &#8211;<\/strong> Am 25. Juni 2024 luden das <a rel=\"noreferrer noopener\" href=\"https:\/\/www.mvbz.fu-berlin.de\/\" target=\"_blank\">Margherita-von-Brentano-Zentrum<\/a> und das Team geschlechter*gerecht zu einem Austausch zwischen Gleichstellungsakteurinnen und Geschlechterforscherinnen der Freien Universit\u00e4t ein. In einer Video-Nachlese blicken wir auf die sechs Inputs zu gleichstellungsrelevanten Themenfeldern aus Sicht der Gleichstellungspraxis und Geschlechterforschung zur\u00fcck.<\/p>\n\n\n\n<!--more-->\n<\/div><\/div>\n\n\n\n<p>Die Veranstaltung <a rel=\"noreferrer noopener\" href=\"https:\/\/blogs.fu-berlin.de\/frauenbeauftragte\/2024\/06\/13\/gleichstellung-trifft-geschlechterforschung\/\" target=\"_blank\">Gleichstellung trifft Geschlechterforschung<\/a> zielte auf eine engere Zusammenarbeit und den Transfer zwischen gleichstellungspolitischer Praxis und wissenschaftlicher Forschung ab, indem Expertinnen aus beiden Bereichen wechselweise jeweils ein Thema beleuchten. Auf dem Programm standen Selbstbestimmung von Geschlecht, Care-Arbeit, Geschlechtergerechtigkeit\/Gender in MINT, Female Leadership, Sexualisierte Bel\u00e4stigung, Diskriminierung und Gewalt sowie Intersektionalit\u00e4t. <\/p>\n\n\n\n<p>Das \u00f6ffentliche OpenMic-Format fand im Foyer der H\u00f6rs\u00e4le in der Rost- und Silberlaube statt und lud so auch das Laufpublikum ein, zuzuh\u00f6ren, Fragen zu stellen und mitzudiskutieren. In den dokumentierten Beitr\u00e4gen werden themenspezifisch aktuelle Forschungsergebnisse der Geschlechterforschung den Herausforderungen der Gleichstellungsakteur*innen in der Praxis gegen\u00fcbergestellt.  <\/p>\n\n\n\n<hr class=\"wp-block-separator has-alpha-channel-opacity\" \/>\n\n\n\n<p class=\"has-medium-font-size\">Begr\u00fc\u00dfung &amp; Er\u00f6ffnung der Veranstaltung <\/p>\n\n\n\n<p><a rel=\"noreferrer noopener\" href=\"https:\/\/www.mvbz.fu-berlin.de\/ueber-uns\/team\/pantelmann\/index.html\" target=\"_blank\">Dr. Heike Pantelmann<\/a>, Gesch\u00e4ftsf\u00fchrerin des Margherita-von-Brentano-Zentrums, und <a rel=\"noreferrer noopener\" href=\"https:\/\/www.fu-berlin.de\/sites\/frauenbeauftragte\/ueber-uns\/team\/zentrale-frauen-und-gleichstellungsbeauftragte-und-stellvertreterin\/corinna-tomberger.html\" target=\"_blank\">Dr. Corinna Tomberger<\/a>, zentrale Frauen- und Gleichstellungsbeauftragte, er\u00f6ffneten die OpenMic-Veranstaltung und warfen bereits erste Fragen aus Sicht der Gleichstellungspraxis und der Geschlechterforschung auf. Beide betonten die Synergieeffekte der Kollaboration zwischen Theorie und Praxis.  <\/p>\n\n\n<figure class=\"wp-block-embed-youtube wp-block-embed is-type-video is-provider-youtube wp-embed-aspect-16-9 wp-has-aspect-ratio lyte-align aligncenter\"><div class=\"lyte-wrapper\" style=\"width:640px;max-width:100%;margin:5px;\"><div class=\"lyMe\" id=\"WYL_QzSpcARqAf0\"><div id=\"lyte_QzSpcARqAf0\" data-src=\"https:\/\/blogs.fu-berlin.de\/frauenbeauftragte\/wp-content\/plugins\/wp-youtube-lyte\/lyteCache.php?origThumbUrl=%2F%2Fi.ytimg.com%2Fvi%2FQzSpcARqAf0%2Fhqdefault.jpg\" class=\"pL\"><div class=\"tC\"><div class=\"tT\"><\/div><\/div><div class=\"play\"><\/div><div class=\"ctrl\"><div class=\"Lctrl\"><\/div><div class=\"Rctrl\"><\/div><\/div><\/div><noscript><a href=\"https:\/\/youtu.be\/QzSpcARqAf0\" rel=\"nofollow\"><img loading=\"lazy\" decoding=\"async\" src=\"https:\/\/blogs.fu-berlin.de\/frauenbeauftragte\/wp-content\/plugins\/wp-youtube-lyte\/lyteCache.php?origThumbUrl=https%3A%2F%2Fi.ytimg.com%2Fvi%2FQzSpcARqAf0%2F0.jpg\" alt=\"YouTube-Video-Thumbnail\" width=\"640\" height=\"340\" \/><br \/>Dieses Video auf YouTube ansehen<\/a><\/noscript><\/div><\/div><div class=\"lL\" style=\"max-width:100%;width:640px;margin:5px;\"><br\/><span class=\"lyte_disclaimer\">ACHTUNG: Daten nach YouTube werden erst beim Abspielen des Videos \u00fcbertragen.<\/span><\/div><figcaption><em>Alle Videoaufnahmen: Christian Demarco<\/em><\/figcaption><\/figure>\n\n\n<hr class=\"wp-block-separator has-alpha-channel-opacity\" \/>\n\n\n\n<p class=\"has-medium-font-size\">Selbstbestimmung von Geschlecht<\/p>\n\n\n\n<p>Den Auftakt zum Austausch machten <a rel=\"noreferrer noopener\" href=\"https:\/\/www.fu-berlin.de\/sites\/frauenbeauftragte\/ueber-uns\/team\/zentrale-frauen-und-gleichstellungsbeauftragte-und-stellvertreterin\/nora-tuchelt.html\" target=\"_blank\">Nora Tuchelt<\/a>, Stellvertreterin der zentralen Frauen- und Gleichstellungsbeauftragten, und<a rel=\"noreferrer noopener\" href=\"https:\/\/www.jura.fu-berlin.de\/fachbereich\/einrichtungen\/zivilrecht\/lehrende\/rentschb\/index.html\" target=\"_blank\"> Prof. Dr. Bettina Rentsch<\/a>, Juniorprofessorin f\u00fcr B\u00fcrgerliches Recht, Internationales Privatrecht und Rechtsvergleichung. In ihrem Input behandelten sie die rechtlichen Grundlagen zu Selbstbestimmung von Geschlecht und Optionen f\u00fcr Studierende und Besch\u00e4ftigte der FU in diesem Zusammenhang, etwa zur Angabe des selbstgew\u00e4hlten Namens in digitalen Systemen. <\/p>\n\n\n<figure class=\"wp-block-embed-youtube wp-block-embed is-type-video is-provider-youtube wp-embed-aspect-16-9 wp-has-aspect-ratio lyte-align aligncenter\"><div class=\"lyte-wrapper\" style=\"width:640px;max-width:100%;margin:5px;\"><div class=\"lyMe\" id=\"WYL_Ac7jDCfLsQs\"><div id=\"lyte_Ac7jDCfLsQs\" data-src=\"https:\/\/blogs.fu-berlin.de\/frauenbeauftragte\/wp-content\/plugins\/wp-youtube-lyte\/lyteCache.php?origThumbUrl=%2F%2Fi.ytimg.com%2Fvi%2FAc7jDCfLsQs%2Fhqdefault.jpg\" class=\"pL\"><div class=\"tC\"><div class=\"tT\"><\/div><\/div><div class=\"play\"><\/div><div class=\"ctrl\"><div class=\"Lctrl\"><\/div><div class=\"Rctrl\"><\/div><\/div><\/div><noscript><a href=\"https:\/\/youtu.be\/Ac7jDCfLsQs\" rel=\"nofollow\"><img loading=\"lazy\" decoding=\"async\" src=\"https:\/\/blogs.fu-berlin.de\/frauenbeauftragte\/wp-content\/plugins\/wp-youtube-lyte\/lyteCache.php?origThumbUrl=https%3A%2F%2Fi.ytimg.com%2Fvi%2FAc7jDCfLsQs%2F0.jpg\" alt=\"YouTube-Video-Thumbnail\" width=\"640\" height=\"340\" \/><br \/>Dieses Video auf YouTube ansehen<\/a><\/noscript><\/div><\/div><div class=\"lL\" style=\"max-width:100%;width:640px;margin:5px;\"><br\/><span class=\"lyte_disclaimer\">ACHTUNG: Daten nach YouTube werden erst beim Abspielen des Videos \u00fcbertragen.<\/span><\/div><figcaption><\/figcaption><\/figure>\n\n\n<hr class=\"wp-block-separator has-alpha-channel-opacity\" \/>\n\n\n\n<p class=\"has-medium-font-size\">Care-Arbeit<\/p>\n\n\n\n<p>Im zweiten Vortrag stellten <a rel=\"noreferrer noopener\" href=\"https:\/\/www.lai.fu-berlin.de\/forschung\/entre-espacios\/mitglieder\/doktoranden\/doktoranden_berlin\/Aktuelle-Doktoranden\/Rojas-Scheffer\/index.html\" target=\"_blank\">Dr. Raquel Rojas Scheffer<\/a>, Gastdozentin am Lateinamerika-Institut, und <a rel=\"noreferrer noopener\" href=\"https:\/\/www.fu-berlin.de\/sites\/frauenbeauftragte\/ueber-uns\/team\/zentrale-frauen-und-gleichstellungsbeauftragte-und-stellvertreterin\/katrin-gegenbach.html\" target=\"_blank\">Dr. Katrin Gengenbach<\/a>, Stellvertreterin der zentralen Frauen- und Gleichstellungsbeauftragten, strukturelle und gesellschaftliche Probleme der ungleich verteilten Familien- und Pflegeverantwortung vor. Die daraus resultierenden Auswirkungen auf Studium und Beruf an der FU und m\u00f6gliche Ma\u00dfnahmen diskutierten die beiden Expertinnen.  <\/p>\n\n\n<figure class=\"wp-block-embed-youtube wp-block-embed is-type-video is-provider-youtube wp-embed-aspect-16-9 wp-has-aspect-ratio lyte-align aligncenter\"><div class=\"lyte-wrapper\" style=\"width:640px;max-width:100%;margin:5px;\"><div class=\"lyMe\" id=\"WYL_eNqkaPQEAKw\"><div id=\"lyte_eNqkaPQEAKw\" data-src=\"https:\/\/blogs.fu-berlin.de\/frauenbeauftragte\/wp-content\/plugins\/wp-youtube-lyte\/lyteCache.php?origThumbUrl=%2F%2Fi.ytimg.com%2Fvi%2FeNqkaPQEAKw%2Fhqdefault.jpg\" class=\"pL\"><div class=\"tC\"><div class=\"tT\"><\/div><\/div><div class=\"play\"><\/div><div class=\"ctrl\"><div class=\"Lctrl\"><\/div><div class=\"Rctrl\"><\/div><\/div><\/div><noscript><a href=\"https:\/\/youtu.be\/eNqkaPQEAKw\" rel=\"nofollow\"><img loading=\"lazy\" decoding=\"async\" src=\"https:\/\/blogs.fu-berlin.de\/frauenbeauftragte\/wp-content\/plugins\/wp-youtube-lyte\/lyteCache.php?origThumbUrl=https%3A%2F%2Fi.ytimg.com%2Fvi%2FeNqkaPQEAKw%2F0.jpg\" alt=\"YouTube-Video-Thumbnail\" width=\"640\" height=\"340\" \/><br \/>Dieses Video auf YouTube ansehen<\/a><\/noscript><\/div><\/div><div class=\"lL\" style=\"max-width:100%;width:640px;margin:5px;\"><br\/><span class=\"lyte_disclaimer\">ACHTUNG: Daten nach YouTube werden erst beim Abspielen des Videos \u00fcbertragen.<\/span><\/div><figcaption><\/figcaption><\/figure>\n\n\n<hr class=\"wp-block-separator has-alpha-channel-opacity\" \/>\n\n\n\n<p class=\"has-medium-font-size\">Geschlechtergerechtigkeit\/Gender in MINT<\/p>\n\n\n\n<p>Das dritte Vortragsduo bildeten Dr. Corinna Tomberger, zentrale Frauen- und Gleichstellungsbeauftragte, und <a rel=\"noreferrer noopener\" href=\"https:\/\/www.physik.fu-berlin.de\/einrichtungen\/ag\/ag-erlemann\/mitarbeiter_innenliste\/dr_martina_erlemann\/index.html\" target=\"_blank\">Prof. Dr. Martina Erlemann<\/a>, Professorin f\u00fcr Wissenschafts- und Geschlechtersoziologie in der Physik. Sie er\u00f6rterten nachhaltige Strategien zur Gewinnung und F\u00f6rderung von Studentinnen in den MINT-F\u00e4chern (Mathematik, Informatik, Naturwissenschaften, Technik). Zudem beleuchteten sie m\u00f6gliche Stellschrauben, um Geschlechtergerechtigkeit und die Integration von Geschlechterforschung im MINT-Bereich an der FU voranzubringen.<\/p>\n\n\n<figure class=\"wp-block-embed-youtube wp-block-embed is-type-video is-provider-youtube wp-embed-aspect-16-9 wp-has-aspect-ratio lyte-align aligncenter\"><div class=\"lyte-wrapper\" style=\"width:640px;max-width:100%;margin:5px;\"><div class=\"lyMe\" id=\"WYL_q2b1nvfRMd8\"><div id=\"lyte_q2b1nvfRMd8\" data-src=\"https:\/\/blogs.fu-berlin.de\/frauenbeauftragte\/wp-content\/plugins\/wp-youtube-lyte\/lyteCache.php?origThumbUrl=%2F%2Fi.ytimg.com%2Fvi%2Fq2b1nvfRMd8%2Fhqdefault.jpg\" class=\"pL\"><div class=\"tC\"><div class=\"tT\"><\/div><\/div><div class=\"play\"><\/div><div class=\"ctrl\"><div class=\"Lctrl\"><\/div><div class=\"Rctrl\"><\/div><\/div><\/div><noscript><a href=\"https:\/\/youtu.be\/q2b1nvfRMd8\" rel=\"nofollow\"><img loading=\"lazy\" decoding=\"async\" src=\"https:\/\/blogs.fu-berlin.de\/frauenbeauftragte\/wp-content\/plugins\/wp-youtube-lyte\/lyteCache.php?origThumbUrl=https%3A%2F%2Fi.ytimg.com%2Fvi%2Fq2b1nvfRMd8%2F0.jpg\" alt=\"YouTube-Video-Thumbnail\" width=\"640\" height=\"340\" \/><br \/>Dieses Video auf YouTube ansehen<\/a><\/noscript><\/div><\/div><div class=\"lL\" style=\"max-width:100%;width:640px;margin:5px;\"><br\/><span class=\"lyte_disclaimer\">ACHTUNG: Daten nach YouTube werden erst beim Abspielen des Videos \u00fcbertragen.<\/span><\/div><figcaption><\/figcaption><\/figure>\n\n\n<hr class=\"wp-block-separator has-alpha-channel-opacity\" \/>\n\n\n\n<p class=\"has-medium-font-size\">Female Leadership<\/p>\n\n\n\n<p>Im vierten Beitrag diskutierten <a rel=\"noreferrer noopener\" href=\"https:\/\/www.fu-berlin.de\/sites\/frauenbeauftragte\/ueber-uns\/team\/zentrale-frauen-und-gleichstellungsbeauftragte-und-stellvertreterin\/katharina-schmidt.html\" target=\"_blank\">Katharina Schmidt<\/a>, Stellvertreterin der zentralen Frauen- und Gleichstellungsbeauftragten, und <a rel=\"noreferrer noopener\" href=\"https:\/\/www.wiwiss.fu-berlin.de\/fachbereich\/bwl\/pwo\/sundermeier\/index.html\" target=\"_blank\">Prof. Dr. Janina Sundermeier<\/a>, Professorin am Fachbereich Wirtschaftswissenschaft, \u00fcber Female Leadership. Sowohl bei weiblichen Gr\u00fcnderinnen als auch auf professoraler Ebene identifizierten sie eine Leaky Pipline (umso weniger Frauen, je h\u00f6her die Statusebene ist). Sie reflektierten \u00fcber Ursachen wie mangelnde Vorbilder f\u00fcr Frauen und Rollenstereotype und m\u00f6gliche Strategien zur Gewinnung von Frauen auf F\u00fchrungsebene.  <\/p>\n\n\n<figure class=\"wp-block-embed-youtube wp-block-embed is-type-video is-provider-youtube wp-embed-aspect-16-9 wp-has-aspect-ratio lyte-align aligncenter\"><div class=\"lyte-wrapper\" style=\"width:640px;max-width:100%;margin:5px;\"><div class=\"lyMe\" id=\"WYL_6Ar7oRFaEi4\"><div id=\"lyte_6Ar7oRFaEi4\" data-src=\"https:\/\/blogs.fu-berlin.de\/frauenbeauftragte\/wp-content\/plugins\/wp-youtube-lyte\/lyteCache.php?origThumbUrl=%2F%2Fi.ytimg.com%2Fvi%2F6Ar7oRFaEi4%2Fhqdefault.jpg\" class=\"pL\"><div class=\"tC\"><div class=\"tT\"><\/div><\/div><div class=\"play\"><\/div><div class=\"ctrl\"><div class=\"Lctrl\"><\/div><div class=\"Rctrl\"><\/div><\/div><\/div><noscript><a href=\"https:\/\/youtu.be\/6Ar7oRFaEi4\" rel=\"nofollow\"><img loading=\"lazy\" decoding=\"async\" src=\"https:\/\/blogs.fu-berlin.de\/frauenbeauftragte\/wp-content\/plugins\/wp-youtube-lyte\/lyteCache.php?origThumbUrl=https%3A%2F%2Fi.ytimg.com%2Fvi%2F6Ar7oRFaEi4%2F0.jpg\" alt=\"YouTube-Video-Thumbnail\" width=\"640\" height=\"340\" \/><br \/>Dieses Video auf YouTube ansehen<\/a><\/noscript><\/div><\/div><div class=\"lL\" style=\"max-width:100%;width:640px;margin:5px;\"><br\/><span class=\"lyte_disclaimer\">ACHTUNG: Daten nach YouTube werden erst beim Abspielen des Videos \u00fcbertragen.<\/span><\/div><figcaption><\/figcaption><\/figure>\n\n\n<hr class=\"wp-block-separator has-alpha-channel-opacity\" \/>\n\n\n\n<p class=\"has-medium-font-size\">Sexualisierte Bel\u00e4stigung, Diskriminierung und Gewalt<\/p>\n\n\n\n<p>Duo Nummer 5 bestand aus <a rel=\"noreferrer noopener\" href=\"https:\/\/www.fu-berlin.de\/sites\/frauenbeauftragte\/ueber-uns\/team\/referentinnen\/wendy-stollberg.html\" target=\"_blank\">Wendy Stollberg<\/a>, zentrale Ansprechperson bei sexualisierter Bel\u00e4stigung, Diskriminierung und Gewalt, und Dr. Heike Pantelmann, Gesch\u00e4ftsf\u00fchrerin des Margherita-von-Brentano-Zentrums. Die beiden Expertinnen wiesen auf die rechtliche Lage zum Schutz vor sexualisierter Bel\u00e4stigung, Diskriminierung und Gewalt hin und beleuchteten kritisch die Leerstellen in der <a rel=\"noreferrer noopener\" href=\"https:\/\/www.fu-berlin.de\/service\/zuvdocs\/amtsblatt\/2020\/ab412020.pdf\" target=\"_blank\">Richtlinie zum Umgang mit sexualisierter Bel\u00e4stigung, Diskriminierung und Gewalt<\/a> der FU. <\/p>\n\n\n<figure class=\"wp-block-embed-youtube wp-block-embed is-type-video is-provider-youtube wp-embed-aspect-16-9 wp-has-aspect-ratio lyte-align aligncenter\"><div class=\"lyte-wrapper\" style=\"width:640px;max-width:100%;margin:5px;\"><div class=\"lyMe\" id=\"WYL_dXTNLLkJwG4\"><div id=\"lyte_dXTNLLkJwG4\" data-src=\"https:\/\/blogs.fu-berlin.de\/frauenbeauftragte\/wp-content\/plugins\/wp-youtube-lyte\/lyteCache.php?origThumbUrl=%2F%2Fi.ytimg.com%2Fvi%2FdXTNLLkJwG4%2Fhqdefault.jpg\" class=\"pL\"><div class=\"tC\"><div class=\"tT\"><\/div><\/div><div class=\"play\"><\/div><div class=\"ctrl\"><div class=\"Lctrl\"><\/div><div class=\"Rctrl\"><\/div><\/div><\/div><noscript><a href=\"https:\/\/youtu.be\/dXTNLLkJwG4\" rel=\"nofollow\"><img loading=\"lazy\" decoding=\"async\" src=\"https:\/\/blogs.fu-berlin.de\/frauenbeauftragte\/wp-content\/plugins\/wp-youtube-lyte\/lyteCache.php?origThumbUrl=https%3A%2F%2Fi.ytimg.com%2Fvi%2FdXTNLLkJwG4%2F0.jpg\" alt=\"YouTube-Video-Thumbnail\" width=\"640\" height=\"340\" \/><br \/>Dieses Video auf YouTube ansehen<\/a><\/noscript><\/div><\/div><div class=\"lL\" style=\"max-width:100%;width:640px;margin:5px;\"><br\/><span class=\"lyte_disclaimer\">ACHTUNG: Daten nach YouTube werden erst beim Abspielen des Videos \u00fcbertragen.<\/span><\/div><figcaption><\/figcaption><\/figure>\n\n\n<hr class=\"wp-block-separator has-alpha-channel-opacity\" \/>\n\n\n\n<p class=\"has-medium-font-size\">Intersektionalit\u00e4t<\/p>\n\n\n\n<p>Den Abschluss der Veranstaltung bildete das Thema Intersektionalit\u00e4t, \u00fcber das <a rel=\"noreferrer noopener\" href=\"https:\/\/www.fu-berlin.de\/sites\/frauenbeauftragte\/ueber-uns\/team\/referentinnen\/merle-bueter.html\" target=\"_blank\">Merle B\u00fcter<\/a>, Referentin im Team geschlechter*gerecht, und <a rel=\"noreferrer noopener\" href=\"https:\/\/www.polsoz.fu-berlin.de\/polwiss\/forschung\/grundlagen\/gender-div\/team\/Mitarbeiter-innen\/guelay_caglar\/index.html\" target=\"_blank\">Prof. Dr. G\u00fclay \u00c7a\u011flar<\/a>, Professorin am Otto-Suhr-Institut f\u00fcr Politikwissenschaft, sprachen. Neben einer historischen Begriffskl\u00e4rung und Einordnung des Konzeptes der ineinandergreifenden Mehrfachdiskriminierungen im Forschungskontext, wurden praktische Umsetzungsdilemma und strukturelle H\u00fcrden im Universit\u00e4tsalltag beleuchtet.  <\/p>\n\n\n<figure class=\"wp-block-embed-youtube wp-block-embed is-type-video is-provider-youtube wp-embed-aspect-16-9 wp-has-aspect-ratio lyte-align aligncenter\"><div class=\"lyte-wrapper\" style=\"width:640px;max-width:100%;margin:5px;\"><div class=\"lyMe\" id=\"WYL_xaD9XzGuzXY\"><div id=\"lyte_xaD9XzGuzXY\" data-src=\"https:\/\/blogs.fu-berlin.de\/frauenbeauftragte\/wp-content\/plugins\/wp-youtube-lyte\/lyteCache.php?origThumbUrl=%2F%2Fi.ytimg.com%2Fvi%2FxaD9XzGuzXY%2Fhqdefault.jpg\" class=\"pL\"><div class=\"tC\"><div class=\"tT\"><\/div><\/div><div class=\"play\"><\/div><div class=\"ctrl\"><div class=\"Lctrl\"><\/div><div class=\"Rctrl\"><\/div><\/div><\/div><noscript><a href=\"https:\/\/youtu.be\/xaD9XzGuzXY\" rel=\"nofollow\"><img loading=\"lazy\" decoding=\"async\" src=\"https:\/\/blogs.fu-berlin.de\/frauenbeauftragte\/wp-content\/plugins\/wp-youtube-lyte\/lyteCache.php?origThumbUrl=https%3A%2F%2Fi.ytimg.com%2Fvi%2FxaD9XzGuzXY%2F0.jpg\" alt=\"YouTube-Video-Thumbnail\" width=\"640\" height=\"340\" \/><br \/>Dieses Video auf YouTube ansehen<\/a><\/noscript><\/div><\/div><div class=\"lL\" style=\"max-width:100%;width:640px;margin:5px;\"><br\/><span class=\"lyte_disclaimer\">ACHTUNG: Daten nach YouTube werden erst beim Abspielen des Videos \u00fcbertragen.<\/span><\/div><figcaption><\/figcaption><\/figure>\n\n\n<hr class=\"wp-block-separator has-alpha-channel-opacity\" \/>\n","protected":false},"excerpt":{"rendered":"<p>Gleichstellung trifft Geschlechterforschung &#8211; Am 25. Juni 2024 luden das Margherita-von-Brentano-Zentrum und das Team geschlechter*gerecht zu einem Austausch zwischen Gleichstellungsakteurinnen und Geschlechterforscherinnen der Freien Universit\u00e4t ein. In einer Video-Nachlese blicken wir auf die sechs Inputs zu gleichstellungsrelevanten Themenfeldern aus Sicht der Gleichstellungspraxis und Geschlechterforschung zur\u00fcck.<\/p>\n","protected":false},"author":7120,"featured_media":8863,"comment_status":"open","ping_status":"open","sticky":false,"template":"","format":"standard","meta":{"footnotes":""},"categories":[423935,424297],"tags":[423731,430258,1797,305170,433140,433454,57446,437124,437402,303556],"class_list":["post-9052","post","type-post","status-publish","format-standard","has-post-thumbnail","hentry","category-analysen","category-positionen","tag-mintoring","tag-vereinbarkeit","tag-familie","tag-diversity","tag-sbdg","tag-gleichstellungspolitik","tag-geschlechterforschung","tag-wissenschaftlerinnen","tag-frauenbeauftragte","tag-intersektionalitaet"],"_links":{"self":[{"href":"https:\/\/blogs.fu-berlin.de\/frauenbeauftragte\/wp-json\/wp\/v2\/posts\/9052","targetHints":{"allow":["GET"]}}],"collection":[{"href":"https:\/\/blogs.fu-berlin.de\/frauenbeauftragte\/wp-json\/wp\/v2\/posts"}],"about":[{"href":"https:\/\/blogs.fu-berlin.de\/frauenbeauftragte\/wp-json\/wp\/v2\/types\/post"}],"author":[{"embeddable":true,"href":"https:\/\/blogs.fu-berlin.de\/frauenbeauftragte\/wp-json\/wp\/v2\/users\/7120"}],"replies":[{"embeddable":true,"href":"https:\/\/blogs.fu-berlin.de\/frauenbeauftragte\/wp-json\/wp\/v2\/comments?post=9052"}],"version-history":[{"count":38,"href":"https:\/\/blogs.fu-berlin.de\/frauenbeauftragte\/wp-json\/wp\/v2\/posts\/9052\/revisions"}],"predecessor-version":[{"id":9232,"href":"https:\/\/blogs.fu-berlin.de\/frauenbeauftragte\/wp-json\/wp\/v2\/posts\/9052\/revisions\/9232"}],"wp:featuredmedia":[{"embeddable":true,"href":"https:\/\/blogs.fu-berlin.de\/frauenbeauftragte\/wp-json\/wp\/v2\/media\/8863"}],"wp:attachment":[{"href":"https:\/\/blogs.fu-berlin.de\/frauenbeauftragte\/wp-json\/wp\/v2\/media?parent=9052"}],"wp:term":[{"taxonomy":"category","embeddable":true,"href":"https:\/\/blogs.fu-berlin.de\/frauenbeauftragte\/wp-json\/wp\/v2\/categories?post=9052"},{"taxonomy":"post_tag","embeddable":true,"href":"https:\/\/blogs.fu-berlin.de\/frauenbeauftragte\/wp-json\/wp\/v2\/tags?post=9052"}],"curies":[{"name":"wp","href":"https:\/\/api.w.org\/{rel}","templated":true}]}}