{"id":9085,"date":"2024-07-10T16:32:32","date_gmt":"2024-07-10T14:32:32","guid":{"rendered":"https:\/\/blogs.fu-berlin.de\/frauenbeauftragte\/?p=9085"},"modified":"2024-07-11T11:19:43","modified_gmt":"2024-07-11T09:19:43","slug":"ausschreibung-audre-lorde-gastprofessur","status":"publish","type":"post","link":"https:\/\/blogs.fu-berlin.de\/frauenbeauftragte\/2024\/07\/10\/ausschreibung-audre-lorde-gastprofessur\/","title":{"rendered":"Ausschreibung: Audre Lorde-Gastprofessur"},"content":{"rendered":"\n<div class=\"wp-block-media-text alignwide is-stacked-on-mobile\"><figure class=\"wp-block-media-text__media\"><img loading=\"lazy\" decoding=\"async\" width=\"275\" height=\"183\" src=\"https:\/\/blogs.fu-berlin.de\/frauenbeauftragte\/files\/2024\/04\/Unbenannt-3-zu-2.jpg\" alt=\"\" class=\"wp-image-8395 size-full\" \/><\/figure><div class=\"wp-block-media-text__content\">\n<p><strong>Nominierungsfrist: 30. Juli 2024 <\/strong>\u2013 Das Diversity and Gender Equality Network (DiGENet) der Berlin University Alliance hat die <a rel=\"noreferrer noopener\" href=\"https:\/\/www.berlin-university-alliance.de\/commitments\/diversity\/audre-lorde\/index.html\" target=\"_blank\">Audre Lorde-Gastprofessur<\/a> 2025 an der Freien Universit\u00e4t Berlin ausgeschrieben. Nominiert werden k\u00f6nnen international renommierte Wissenschaftler*innen mit Fokus auf Diversit\u00e4ts- und Geschlechterforschung in den Sozialwissenschaften, bevorzugt aus dem Globalen S\u00fcden.<\/p>\n\n\n\n<!--more-->\n<\/div><\/div>\n\n\n\n<p>Die <em>Audre Lorde-BUA-Guestprofessorship for Intersectional Diversity Studies <\/em>wurde zum Sommersemester 2021 von dem <a rel=\"noreferrer noopener\" href=\"https:\/\/www.berlin-university-alliance.de\/commitments\/diversity\/digenet\/index.html\" target=\"_blank\">Diversity and Gender Equality Network<\/a>\u00a0(DiGENet)\u00a0der Berlin University Alliance (BUA) eingerichtet. Benannt ist die Gastprofessur nach der karibisch-amerikanischen Schriftstellerin, Bibliothekswissenschaftlerin und Anglistik-Professorin Audre Lorde (1934-1992). Sie war an der Freien Universit\u00e4t Berlin als Gastprofessorin t\u00e4tig und zwischen 1984 und 1992 immer wieder f\u00fcr l\u00e4ngere Aufenthalte in Berlin. Umfangreiche Materialien zum Leben und Wirken von Audre Lorde haben das John-F.-Kennedy-Institut f\u00fcr Nordamerikastudien und das Universit\u00e4tsarchiv der FU im <a rel=\"noreferrer noopener\" href=\"https:\/\/www.jfki.fu-berlin.de\/library\/holdings\/audrelorde\/index.html\" target=\"_blank\">Digitalen Audre-Lorde-Archiv<\/a> erschlossen. Vor Kurzem wurde ein Stra\u00dfenabschnitt in Berlin-Kreuzberg zu Ehren der lesbischen, Schwarzen Aktivistin und Dichterin in <a rel=\"noreferrer noopener\" href=\"https:\/\/www.berlin.de\/ba-friedrichshain-kreuzberg\/aktuelles\/pressemitteilungen\/2024\/pressemitteilung.1436017.php\" target=\"_blank\">Audre-Lorde-Stra\u00dfe<\/a> umbenannt.<\/p>\n\n\n\n<p>Die Gastprofessur wird 2025 f\u00fcr l\u00e4ngstens sechs Monate am Otto-Suhr-Institut f\u00fcr Politikwissenschaft der FU Berlin angesiedelt. Vorgesehen ist die aktive Beteiligung an der Lehre im <a rel=\"noreferrer noopener\" href=\"https:\/\/www.ma-gip.polsoz.fu-berlin.de\/\" target=\"_blank\">Masterstudiengang Gender, Intersektionalit\u00e4t und Politik<\/a> und in Forschungsaktivit\u00e4ten am <a rel=\"noreferrer noopener\" href=\"https:\/\/www.mvbz.fu-berlin.de\/\" target=\"_blank\">Margherita-von-Brentano-Zentrum<\/a>. Die Gastprofessur verfolgt das Ziel, die Diversit\u00e4ts- und Geschlechterforschung in der Berliner Forschungslandschaft sichtbarer zu machen und f\u00fcr eine breitere Debatte zu \u00f6ffnen. Zeitgem\u00e4\u00df, zukunftsorientiert und mit postkolonialer Perspektive sollen Forschung und Lehre nachhaltig gepr\u00e4gt werden. <\/p>\n\n\n\n<hr class=\"wp-block-separator has-alpha-channel-opacity\" \/>\n\n\n\n<p class=\"has-medium-font-size\">Informationen<\/p>\n\n\n\n<ul class=\"wp-block-list\"><li><a rel=\"noreferrer noopener\" href=\"https:\/\/www.berlin-university-alliance.de\/commitments\/diversity\/audre-lorde\/Call-Audre-Lorde-GP-2025_final.pdf\" target=\"_blank\">Ausschreibung (in Englisch)\/Call<\/a><\/li><li><a rel=\"noreferrer noopener\" href=\"https:\/\/www.berlin-university-alliance.de\/commitments\/diversity\/audre-lorde\/Template-Nomination-DiGENet-Audre-Lorde-Visiting-Professorship.pdf\" target=\"_blank\">Vorlage zur Einreichung von Nominierungen (in Englisch)\/Template Nomination<\/a><\/li><li>Nominierungsfrist: 30. Juli 2024<\/li><li>Nominierungsvorschl\u00e4ge k\u00f6nnen ausschlie\u00dflich von DiGENet-Mitgliedern eingereicht werden.<\/li><\/ul>\n\n\n\n<p class=\"has-medium-font-size\">Kontakt (auch f\u00fcr den Beitritt zum DiGENet)<\/p>\n\n\n\n<ul class=\"wp-block-list\"><li>Dr. Charlotte Piepenbrock, Referentin f\u00fcr die Koordination des Cross-Cutting Theme Diversity and Gender Equality<\/li><li>Christian Richter, DiGENet-Referent<\/li><li>E-Mail: <a href=\"mailto:diversity-gender-equality@berlin-university-alliance.de\">DiGENet@berlin-university-alliance.de<\/a>&nbsp;<\/li><\/ul>\n\n\n\n<hr class=\"wp-block-separator has-alpha-channel-opacity\" \/>\n","protected":false},"excerpt":{"rendered":"<p>Nominierungsfrist: 30. Juli 2024 \u2013 Das Diversity and Gender Equality Network (DiGENet) der Berlin University Alliance hat die Audre Lorde-Gastprofessur 2025 an der Freien Universit\u00e4t Berlin ausgeschrieben. Nominiert werden k\u00f6nnen international renommierte Wissenschaftler*innen mit Fokus auf Diversit\u00e4ts- und Geschlechterforschung in den Sozialwissenschaften, bevorzugt aus dem Globalen S\u00fcden.<\/p>\n","protected":false},"author":7120,"featured_media":8395,"comment_status":"open","ping_status":"open","sticky":false,"template":"","format":"standard","meta":{"footnotes":""},"categories":[428608],"tags":[305170,57446,303556],"class_list":["post-9085","post","type-post","status-publish","format-standard","has-post-thumbnail","hentry","category-informiert","tag-diversity","tag-geschlechterforschung","tag-intersektionalitaet"],"_links":{"self":[{"href":"https:\/\/blogs.fu-berlin.de\/frauenbeauftragte\/wp-json\/wp\/v2\/posts\/9085","targetHints":{"allow":["GET"]}}],"collection":[{"href":"https:\/\/blogs.fu-berlin.de\/frauenbeauftragte\/wp-json\/wp\/v2\/posts"}],"about":[{"href":"https:\/\/blogs.fu-berlin.de\/frauenbeauftragte\/wp-json\/wp\/v2\/types\/post"}],"author":[{"embeddable":true,"href":"https:\/\/blogs.fu-berlin.de\/frauenbeauftragte\/wp-json\/wp\/v2\/users\/7120"}],"replies":[{"embeddable":true,"href":"https:\/\/blogs.fu-berlin.de\/frauenbeauftragte\/wp-json\/wp\/v2\/comments?post=9085"}],"version-history":[{"count":34,"href":"https:\/\/blogs.fu-berlin.de\/frauenbeauftragte\/wp-json\/wp\/v2\/posts\/9085\/revisions"}],"predecessor-version":[{"id":9165,"href":"https:\/\/blogs.fu-berlin.de\/frauenbeauftragte\/wp-json\/wp\/v2\/posts\/9085\/revisions\/9165"}],"wp:featuredmedia":[{"embeddable":true,"href":"https:\/\/blogs.fu-berlin.de\/frauenbeauftragte\/wp-json\/wp\/v2\/media\/8395"}],"wp:attachment":[{"href":"https:\/\/blogs.fu-berlin.de\/frauenbeauftragte\/wp-json\/wp\/v2\/media?parent=9085"}],"wp:term":[{"taxonomy":"category","embeddable":true,"href":"https:\/\/blogs.fu-berlin.de\/frauenbeauftragte\/wp-json\/wp\/v2\/categories?post=9085"},{"taxonomy":"post_tag","embeddable":true,"href":"https:\/\/blogs.fu-berlin.de\/frauenbeauftragte\/wp-json\/wp\/v2\/tags?post=9085"}],"curies":[{"name":"wp","href":"https:\/\/api.w.org\/{rel}","templated":true}]}}