{"id":9403,"date":"2024-10-07T10:35:25","date_gmt":"2024-10-07T08:35:25","guid":{"rendered":"https:\/\/blogs.fu-berlin.de\/frauenbeauftragte\/?p=9403"},"modified":"2024-10-17T10:21:53","modified_gmt":"2024-10-17T08:21:53","slug":"podiumsdiskussion-care-and-unfair","status":"publish","type":"post","link":"https:\/\/blogs.fu-berlin.de\/frauenbeauftragte\/2024\/10\/07\/podiumsdiskussion-care-and-unfair\/","title":{"rendered":"Podiumsdiskussion: Care and (Un)Fair?"},"content":{"rendered":"\n<div class=\"wp-block-media-text alignwide is-stacked-on-mobile\"><figure class=\"wp-block-media-text__media\"><img loading=\"lazy\" decoding=\"async\" width=\"1024\" height=\"683\" src=\"https:\/\/blogs.fu-berlin.de\/frauenbeauftragte\/files\/2024\/09\/Share-Pic-Care-and-Unfair-1024x1024-3-zu-2-1024x683.jpg\" alt=\"\" class=\"wp-image-9407 size-full\" srcset=\"https:\/\/blogs.fu-berlin.de\/frauenbeauftragte\/files\/2024\/09\/Share-Pic-Care-and-Unfair-1024x1024-3-zu-2-1024x683.jpg 1024w, https:\/\/blogs.fu-berlin.de\/frauenbeauftragte\/files\/2024\/09\/Share-Pic-Care-and-Unfair-1024x1024-3-zu-2-300x200.jpg 300w, https:\/\/blogs.fu-berlin.de\/frauenbeauftragte\/files\/2024\/09\/Share-Pic-Care-and-Unfair-1024x1024-3-zu-2-768x512.jpg 768w, https:\/\/blogs.fu-berlin.de\/frauenbeauftragte\/files\/2024\/09\/Share-Pic-Care-and-Unfair-1024x1024-3-zu-2-1200x800.jpg 1200w, https:\/\/blogs.fu-berlin.de\/frauenbeauftragte\/files\/2024\/09\/Share-Pic-Care-and-Unfair-1024x1024-3-zu-2.jpg 1536w\" sizes=\"auto, (max-width: 709px) 85vw, (max-width: 909px) 67vw, (max-width: 1362px) 62vw, 840px\" \/><\/figure><div class=\"wp-block-media-text__content\">\n<p><strong>Vorstellung Pilotstudie | 17. Oktober 2024 | 17\u201319 Uhr | Anmeldung bis 9. Oktober <\/strong>\u2013 Welche Benachteiligungen erfahren Personen mit Sorgeverantwortung im deutschen Wissenschaftssystem? Die Ergebnisse einer Pilotstudie und entsprechende Handlungsempfehlungen werden bei der hybriden Veranstaltung <a rel=\"noreferrer noopener\" href=\"https:\/\/www.mutterschaft-wissenschaft.de\/pilotstudie\/\" target=\"_blank\">Care and (Un)Fair? Diskriminierung von Eltern in Forschungsf\u00f6rderprogrammen<\/a> diskutiert. <\/p>\n\n\n\n<!--more-->\n<\/div><\/div>\n\n\n\n<p>Eltern und pflegende Angeh\u00f6rige allgemein erfahren im deutschen Wissenschaftsbetrieb drastische Benachteiligungen. Diskriminierungen kann jedoch nur entgegengewirkt werden, wenn diese sichtbar gemacht werden.&nbsp;Das <a rel=\"noreferrer noopener\" href=\"https:\/\/www.mutterschaft-wissenschaft.de\/\" target=\"_blank\">Netzwerk Mutterschaft und Wissenschaft <\/a>hat zusammen mit dem <a rel=\"noreferrer noopener\" href=\"https:\/\/safi-network.org\" target=\"_blank\">SAFI Netzwerk<\/a> (Societas Aperta Feminarum In Iuris Theoria) und <a rel=\"noreferrer noopener\" href=\"https:\/\/www.festival.wae-community.org\/#:~:text=W\u00c6%2520represents%2520the%2520collective%2520we,and%2520style%2520and%2520vice%2520versa.\" target=\"_blank\">WAE<\/a> (womxn from arts to engineering) eine Online-Umfrage mit dem Titel \u201eDiskriminierungskritisch f\u00f6rdern &amp; ausschreiben\u201c erhoben. Die Ergebnisse und Handlungsempfehlungen dieser Pilotstudie pr\u00e4sentieren Expert*innen bei der Podiumsdiskussion <a rel=\"noreferrer noopener\" href=\"https:\/\/www.mutterschaft-wissenschaft.de\/17-10-2024-save-the-date-podiumsdiskussion-care-and-unfair-an-der-fu-berlin-hybrid\/\" target=\"_blank\">Care and (Un)Fair? Diskriminierung von Eltern in Forschungsf\u00f6rderprogrammen<\/a> an der Freien Universit\u00e4t.  <\/p>\n\n\n\n<p>Organisiert wird die Veranstaltung vom Netzwerk Mutterschaft und Wissenschaft in Kooperation mit der <a href=\"https:\/\/www.gew.de\/stiftungen-vereine\/max-traeger-stiftung\" target=\"_blank\" rel=\"noreferrer noopener\">GEW<\/a> und dem <a href=\"https:\/\/www.mvbz.fu-berlin.de\" target=\"_blank\" rel=\"noreferrer noopener\">Margherita-von-Brentano-Zentrum<\/a>.  <\/p>\n\n\n\n<p class=\"has-medium-font-size\">Programm<\/p>\n\n\n\n<figure class=\"wp-block-table is-style-regular\"><table><tbody><tr><td>Zeit<\/td><td><\/td><\/tr><tr><td>17:00-17:15 Uhr <\/td><td><strong>Gru\u00dfworte<\/strong><br>&#8211;<strong> Dr.\u2071\u207f Corinna Tomberger<\/strong>, Zentrale Frauen- und Gleichstellungsbeauftragte, FU Berlin<br>&#8211; <strong>Dr.\u2071\u207f Heike Pantelmann<\/strong>, Gesch\u00e4ftsf\u00fchrerin des Margherita-von-Brentano-Zentrums, FU Berlin<br>&#8211; <strong>Dr. Andreas Keller<\/strong>, Stellvertretender Vorsitzender der Gewerkschaft Erziehung und Wissenschaft<\/td><\/tr><tr><td>17:15-17:45  Uhr<\/td><td><strong>Vorstellung der Studie und der Handreichung<\/strong><br>&#8211; <strong>Dr.\u2071\u207f Susann Hofbauer<\/strong>, Vertretungsprofessorin f\u00fcr Allgemeine P\u00e4dagogik, Universit\u00e4t Koblenz<br>&#8211; <strong>Katharina Storbeck<\/strong>, Assistentin des Netzwerks Mutterschaft und Wissenschaft<br>&#8211; <strong>Dr.\u2071\u207f Sabrina Zucca-Soest<\/strong>, Gr\u00fcnderin des SAFI Netzwerks und PostDoc, Helmut-Schmidt-Universit\u00e4t Hamburg<\/td><\/tr><tr><td>17:45-19:00 Uhr<\/td><td><strong>Podiumsdiskussion<\/strong><br>&#8211; <strong>Dr.\u2071\u207f Hanna Haag<\/strong>, Wissenschaftliche Koordinatorin des gFFZ der Hessischen Hochschulen<br>&#8211; <strong>Prof.\u2071\u207f Dr.\u2071\u207f Lena Hipp<\/strong>, Professorin, Wissenschaftszentrum Berlin f\u00fcr Sozialforschung<br>&#8211; <strong>Dr.\u2071\u207f Nora Kottmann<\/strong>, Referentin f\u00fcr Gesellschaftliche Transformation, Volkswagenstiftung<br>&#8211; <strong>Dr.\u2071\u207f Lena Weber<\/strong>, Teamleiterin des Teams CEWS bei GESIS<br>&#8211; <strong>Dr.\u2071\u207f Lena Eckert<\/strong>, Gr\u00fcnderin des Netzwerks Mutterschaft und Wissenschaft<\/td><\/tr><tr><td><\/td><td>Moderation: Melanie Bittner<\/td><\/tr><\/tbody><\/table><\/figure>\n\n\n\n<p class=\"has-medium-font-size\">Podiumsdiskussion (hybrid)<\/p>\n\n\n\n<ul class=\"wp-block-list\"><li><strong>Wann<\/strong>? Donnerstag, 17. Oktober 2024 | 17-19 Uhr <\/li><li><strong>Wo?<\/strong> Freie Universit\u00e4t, Seminarzentrum, Otto-von-Simson-Str. 26, 14195 Berlin-Dahlem, Raum L116 <\/li><li><a rel=\"noreferrer noopener\" href=\"https:\/\/ssl2.cms.fu-berlin.de\/mvbz\/ueber-uns\/dokumentation-eigener-veranstaltungen\/podiumsdiskussion_care_and_unfair_241017\/PM-anmeldung_podiumsdiskussion\" target=\"_blank\"><strong>Anmeldung<\/strong><\/a> f\u00fcr Pr\u00e4senz- oder Webex-Teilnahme <br>Bei Pr\u00e4senzteilnahme, gibt es die M\u00f6glichkeit einer <strong>Kinderbetreuung<\/strong>, bitte bei der Anmeldung angeben.  <\/li><li><strong>Anmeldeschluss:<\/strong> 9. Oktober 2024<\/li><li><strong>Kontakt:<\/strong> <a href=\"mailto:mail@mutterschaft-wissenschaft.de\">mail@mutterschaft-wissenschaft.de<\/a><\/li><\/ul>\n","protected":false},"excerpt":{"rendered":"<p>Vorstellung Pilotstudie | 17. Oktober 2024 | 17\u201319 Uhr | Anmeldung bis 9. Oktober \u2013 Welche Benachteiligungen erfahren Personen mit Sorgeverantwortung im deutschen Wissenschaftssystem? Die Ergebnisse einer Pilotstudie und entsprechende Handlungsempfehlungen werden bei der hybriden Veranstaltung Care and (Un)Fair? Diskriminierung von Eltern in Forschungsf\u00f6rderprogrammen diskutiert.<\/p>\n","protected":false},"author":7120,"featured_media":9406,"comment_status":"open","ping_status":"open","sticky":false,"template":"","format":"standard","meta":{"footnotes":""},"categories":[428608],"tags":[430258,1797,301208,57446,90487,437124],"class_list":["post-9403","post","type-post","status-publish","format-standard","has-post-thumbnail","hentry","category-informiert","tag-vereinbarkeit","tag-familie","tag-frauenfoerderung","tag-geschlechterforschung","tag-diskriminierung","tag-wissenschaftlerinnen"],"_links":{"self":[{"href":"https:\/\/blogs.fu-berlin.de\/frauenbeauftragte\/wp-json\/wp\/v2\/posts\/9403","targetHints":{"allow":["GET"]}}],"collection":[{"href":"https:\/\/blogs.fu-berlin.de\/frauenbeauftragte\/wp-json\/wp\/v2\/posts"}],"about":[{"href":"https:\/\/blogs.fu-berlin.de\/frauenbeauftragte\/wp-json\/wp\/v2\/types\/post"}],"author":[{"embeddable":true,"href":"https:\/\/blogs.fu-berlin.de\/frauenbeauftragte\/wp-json\/wp\/v2\/users\/7120"}],"replies":[{"embeddable":true,"href":"https:\/\/blogs.fu-berlin.de\/frauenbeauftragte\/wp-json\/wp\/v2\/comments?post=9403"}],"version-history":[{"count":27,"href":"https:\/\/blogs.fu-berlin.de\/frauenbeauftragte\/wp-json\/wp\/v2\/posts\/9403\/revisions"}],"predecessor-version":[{"id":9642,"href":"https:\/\/blogs.fu-berlin.de\/frauenbeauftragte\/wp-json\/wp\/v2\/posts\/9403\/revisions\/9642"}],"wp:featuredmedia":[{"embeddable":true,"href":"https:\/\/blogs.fu-berlin.de\/frauenbeauftragte\/wp-json\/wp\/v2\/media\/9406"}],"wp:attachment":[{"href":"https:\/\/blogs.fu-berlin.de\/frauenbeauftragte\/wp-json\/wp\/v2\/media?parent=9403"}],"wp:term":[{"taxonomy":"category","embeddable":true,"href":"https:\/\/blogs.fu-berlin.de\/frauenbeauftragte\/wp-json\/wp\/v2\/categories?post=9403"},{"taxonomy":"post_tag","embeddable":true,"href":"https:\/\/blogs.fu-berlin.de\/frauenbeauftragte\/wp-json\/wp\/v2\/tags?post=9403"}],"curies":[{"name":"wp","href":"https:\/\/api.w.org\/{rel}","templated":true}]}}