{"id":9433,"date":"2024-09-30T14:51:40","date_gmt":"2024-09-30T12:51:40","guid":{"rendered":"https:\/\/blogs.fu-berlin.de\/frauenbeauftragte\/?p=9433"},"modified":"2025-11-07T08:37:05","modified_gmt":"2025-11-07T07:37:05","slug":"gleichstellung-neues-logo-fur-das-amt","status":"publish","type":"post","link":"https:\/\/blogs.fu-berlin.de\/frauenbeauftragte\/2024\/09\/30\/gleichstellung-neues-logo-fur-das-amt\/","title":{"rendered":"Gleichstellung: Neues Logo f\u00fcr das Amt"},"content":{"rendered":"\n<div class=\"wp-block-media-text alignwide is-stacked-on-mobile\"><figure class=\"wp-block-media-text__media\"><img loading=\"lazy\" decoding=\"async\" width=\"1024\" height=\"683\" src=\"https:\/\/blogs.fu-berlin.de\/frauenbeauftragte\/files\/2024\/09\/Logo_dezentrale_F-G_rot_RGB_3zu2-1024x683.jpg\" alt=\"\" class=\"wp-image-9463 size-full\" srcset=\"https:\/\/blogs.fu-berlin.de\/frauenbeauftragte\/files\/2024\/09\/Logo_dezentrale_F-G_rot_RGB_3zu2-1024x683.jpg 1024w, https:\/\/blogs.fu-berlin.de\/frauenbeauftragte\/files\/2024\/09\/Logo_dezentrale_F-G_rot_RGB_3zu2-300x200.jpg 300w, https:\/\/blogs.fu-berlin.de\/frauenbeauftragte\/files\/2024\/09\/Logo_dezentrale_F-G_rot_RGB_3zu2-768x512.jpg 768w, https:\/\/blogs.fu-berlin.de\/frauenbeauftragte\/files\/2024\/09\/Logo_dezentrale_F-G_rot_RGB_3zu2.jpg 1170w\" sizes=\"auto, (max-width: 709px) 85vw, (max-width: 909px) 67vw, (max-width: 1362px) 62vw, 840px\" \/><\/figure><div class=\"wp-block-media-text__content\">\n<p>Die Frauen- und Gleichstellungsbeauftragten in den Fachbereichen, Zentralinstituten und Zentraleinrichtungen, in der Universit\u00e4tsbibliothek sowie der zentralen Universit\u00e4tsverwaltung haben neue Logos, die p\u00fcnktlich zum Start des Wintersemesters gelauncht werden. Unter dem Motto \u201eNeues Logo, gleichbleibender Auftrag\u201c ist das Ziel der neuen Bildmarke, die Sichtbarkeit des Amtes an der FU zu erh\u00f6hen.<\/p>\n\n\n\n<!--more-->\n<\/div><\/div>\n\n\n\n<p class=\"has-medium-font-size\">Warum ein Relaunch?<\/p>\n\n\n<div class=\"wp-block-image\">\n<figure class=\"alignright size-medium is-resized\"><img loading=\"lazy\" decoding=\"async\" src=\"https:\/\/blogs.fu-berlin.de\/frauenbeauftragte\/files\/2022\/05\/Frauenbeauftragte_Logo_RGB-300x148.jpg\" alt=\"\" class=\"wp-image-2353\" width=\"225\" height=\"111\" srcset=\"https:\/\/blogs.fu-berlin.de\/frauenbeauftragte\/files\/2022\/05\/Frauenbeauftragte_Logo_RGB-300x148.jpg 300w, https:\/\/blogs.fu-berlin.de\/frauenbeauftragte\/files\/2022\/05\/Frauenbeauftragte_Logo_RGB-768x379.jpg 768w, https:\/\/blogs.fu-berlin.de\/frauenbeauftragte\/files\/2022\/05\/Frauenbeauftragte_Logo_RGB.jpg 877w\" sizes=\"auto, (max-width: 225px) 85vw, 225px\" \/><figcaption>Bildmarke Frauenbeauftragte, 2010-2024, CeDiS<\/figcaption><\/figure><\/div>\n\n\n<p>Traubenrot ist die Farbe der neuen Bildmarke der Frauen- und Gleichstellungsbeauftragten in den Bereichen. Bis dato verwendeten alle Frauen- und Gleichstellungsbeauftragten der FU die Bildmarke, die 2010 auf zentraler Ebene eingef\u00fchrt wurde. Wie Dr. Corinna Tomberger, zentrale Frauen- und Gleichstellungsbeauftragte, erl\u00e4utert, sind \u201edie beiden identischen Formen, die an Vogelschwingen erinnern, in den ehemaligen FU-Farben Blau und Gr\u00fcn mit einem bin\u00e4ren Geschlechtermodell assoziierbar\u201c. Ein neues Design sei n\u00f6tig gewesen, um das vielf\u00e4ltige Verst\u00e4ndnis von Geschlecht widerzuspiegeln, das der Gleichstellungspolitik der Freien Universit\u00e4t mittlerweile zugrunde liegt.<\/p>\n\n\n<div class=\"wp-block-image\">\n<figure class=\"alignleft size-medium is-resized\"><img loading=\"lazy\" decoding=\"async\" src=\"https:\/\/blogs.fu-berlin.de\/frauenbeauftragte\/files\/2024\/09\/Icon_dezentrale_F-G_RGB-rot-230x300.png\" alt=\"\" class=\"wp-image-9431\" width=\"173\" height=\"225\" srcset=\"https:\/\/blogs.fu-berlin.de\/frauenbeauftragte\/files\/2024\/09\/Icon_dezentrale_F-G_RGB-rot-230x300.png 230w, https:\/\/blogs.fu-berlin.de\/frauenbeauftragte\/files\/2024\/09\/Icon_dezentrale_F-G_RGB-rot-784x1024.png 784w, https:\/\/blogs.fu-berlin.de\/frauenbeauftragte\/files\/2024\/09\/Icon_dezentrale_F-G_RGB-rot-768x1002.png 768w, https:\/\/blogs.fu-berlin.de\/frauenbeauftragte\/files\/2024\/09\/Icon_dezentrale_F-G_RGB-rot-1177x1536.png 1177w, https:\/\/blogs.fu-berlin.de\/frauenbeauftragte\/files\/2024\/09\/Icon_dezentrale_F-G_RGB-rot-1569x2048.png 1569w, https:\/\/blogs.fu-berlin.de\/frauenbeauftragte\/files\/2024\/09\/Icon_dezentrale_F-G_RGB-rot-1200x1566.png 1200w, https:\/\/blogs.fu-berlin.de\/frauenbeauftragte\/files\/2024\/09\/Icon_dezentrale_F-G_RGB-rot.png 1654w\" sizes=\"auto, (max-width: 173px) 85vw, 173px\" \/><figcaption>Bildmarke Frauen- und Gleichstellungsbeauftragte, 2024, Designteam, Creative Media and Technology, FUB-IT<\/figcaption><\/figure><\/div>\n\n\n<p>Den Ansto\u00df f\u00fcr den Relaunch gab die Novellierung des Berliner Hochschulgesetzes 2021, die berlinweit f\u00fcr das bisherige Amt der Frauenbeauftragten an Hochschulen die Bezeichnung Frauen- und Gleichstellungsbeauftragte (\u00a7&nbsp;59&nbsp;BerlHG) vorsieht. Die Freie Universit\u00e4t nahm die Wahlen auf zentraler Ebene 2023 zum Anlass, die neue Amtsbezeichnung fl\u00e4chendeckend einzuf\u00fchren. Dies zog auch die <a rel=\"noreferrer noopener\" href=\"https:\/\/blogs.fu-berlin.de\/frauenbeauftragte\/2024\/05\/03\/in-eigener-sache-neuer-name-neues-logo\/\" target=\"_blank\">Umbenennung des Teams Zentrale Frauenbeauftragte in Team geschlechter*gerecht<\/a> im April dieses Jahres nach sich. Dar\u00fcber hinaus legte der Relaunch des Logos der Freien Universit\u00e4t nahe, das in die Jahre gekommene Logo dem aktuellen Corporate Design anzupassen.<\/p>\n\n\n\n<p class=\"has-medium-font-size\">Logo-Entwicklung zentral und dezentral<\/p>\n\n\n<div class=\"wp-block-image\">\n<figure class=\"alignright size-medium is-resized\"><img loading=\"lazy\" decoding=\"async\" src=\"https:\/\/blogs.fu-berlin.de\/frauenbeauftragte\/files\/2024\/05\/icon_team_gg_rgb_rot-300x300.png\" alt=\"\" class=\"wp-image-8599\" width=\"225\" height=\"225\" srcset=\"https:\/\/blogs.fu-berlin.de\/frauenbeauftragte\/files\/2024\/05\/icon_team_gg_rgb_rot-300x300.png 300w, https:\/\/blogs.fu-berlin.de\/frauenbeauftragte\/files\/2024\/05\/icon_team_gg_rgb_rot-1024x1024.png 1024w, https:\/\/blogs.fu-berlin.de\/frauenbeauftragte\/files\/2024\/05\/icon_team_gg_rgb_rot-150x150.png 150w, https:\/\/blogs.fu-berlin.de\/frauenbeauftragte\/files\/2024\/05\/icon_team_gg_rgb_rot-768x768.png 768w, https:\/\/blogs.fu-berlin.de\/frauenbeauftragte\/files\/2024\/05\/icon_team_gg_rgb_rot.png 1042w\" sizes=\"auto, (max-width: 225px) 85vw, 225px\" \/><figcaption>Bildmarke Team geschlechter*gerecht,  2024, Designteam, Creative Media and Technology, FUB-IT<\/figcaption><\/figure><\/div>\n\n\n<p>Auf zentraler Ebene begann auf dieser Grundlage Anfang 2024 die Entwicklung eines neuen Logos. Die Grafikdesignerin G\u00f6sta R\u00f6ver, FUB-IT, erarbeitete die neue Bildmarke in engem Austausch mit dem Team geschlechter*gerecht. Der Buchstabe g mit integriertem Genderstern \u00fcberzeugte das Team auf Anhieb; die Farbwahl fiel auf Traubenrot, eine der Zusatzfarben des neuen Corporate  Design der FU. Das Ergebnis wurde beim <a href=\"https:\/\/blogs.fu-berlin.de\/frauenbeauftragte\/2024\/05\/17\/feierliche-begruessung-im-amt\/\" target=\"_blank\" rel=\"noreferrer noopener\">feierlichen Amtsantritt der neu gew\u00e4hlten Frauen- und Gleichstellungsbeauftragten und Stellvertreterinnen<\/a> im April 2024 pr\u00e4sentiert.<\/p>\n\n\n\n<p>In der Folge sollten auch die Amtskolleginnen in den Bereichen ein eigenes, zeitgem\u00e4\u00dfes Logo erhalten und gemeinsam \u00fcber dessen Gestaltung entscheiden. Das Plenum der Frauen- und Gleichstellungsbeauftragten wurde als Forum genutzt, um im Austausch mit der Grafikerin das neue Logo zu erarbeiten. Verschiedene Farben und M\u00f6glichkeiten der Einbindung des Gendersterns standen zur Diskussion. Plenumssprecherin Sera Ren\u00e9e Zentiks erl\u00e4utert: \u201eDer Findungsprozess im Plenum f\u00fcr das neue Logo war kollektiv und\u00a0wichtig, auch um unser Selbstverst\u00e4ndnis als Frauen- und Gleichstellungsbeauftragte im Kontext von Diversity zu kl\u00e4ren.\u201c<\/p>\n\n\n\n<p>Die Mehrheit der Frauen- und Gleichstellungsbeauftragten entschied sich bei der finalen Abstimmung f\u00fcr eine Bildmarke, die starke konzeptionelle und gestalterische Verbindungen zum Logo des Teams geschlechter*gerecht aufweist. Dies soll den Wiedererkennungswert und die Sichtbarkeit f\u00fcr das Amt universit\u00e4tsweit erh\u00f6hen. W\u00e4hrend Farbwahl und grafische Gestaltung der Bildmarke die gemeinsame Identit\u00e4t der Amtstr\u00e4gerinnen st\u00e4rken, gibt es f\u00fcr jede Frauen- und Gleichstellungsbeauftragte eine eigene Wortbildmarke mit dem Bereichszusatz, um das jeweilige Amt bereichsspezifisch sichtbar zu machen.<\/p>\n\n\n\n<p class=\"has-medium-font-size\">Genderstern<\/p>\n\n\n\n<p>Der Genderstern im Buchstaben g der beiden neuen Bildmarken repr\u00e4sentiert buchst\u00e4blich die Vielf\u00e4ltigkeit von Geschlecht; schlie\u00dflich ist auch die Zielgruppe des gesetzlichen Auftrags vielf\u00e4ltiger geworden. Der Auftrag der Frauen- und Gleichstellungsbeauftragten gem\u00e4\u00df \u00a7 59 BerlHG, auf die \u201eHerstellung der verfassungsrechtlich gebotenen Chancengleichheit von Frauen in der Hochschule\u201c hinzuwirken, beschr\u00e4nkt sich inzwischen nicht mehr auf Personen, denen bei der Geburt das weibliche Geschlecht zugewiesen wurde. So erl\u00e4utern die Ausf\u00fchrungsvorschriften zum Landesgleichstellungsgesetz (LGG) von 2021, denen die Berliner \u00f6ffentlichen Hochschulen ebenfalls unterliegen, dass Frauen im Sinne des Gesetzes alle Personen mit dem Geschlechtseintrag \u201eweiblich\u201c im Personenstandsregister sind. Das Gesetz gilt dar\u00fcber hinaus f\u00fcr Personen, die personenstandsrechtlich zwar noch nicht als Frau eingetragen sind, aber ein rechtliches Verfahren zur \u00c4nderung des Geschlechtseintrags hin zu einem Eintrag als Frau begonnen haben oder einen dgti-Erg\u00e4nzungsausweis mit dem Geschlechtseintrag \u201eweiblich\u201c vorlegen k\u00f6nnen.<\/p>\n\n\n\n<p>Um die neue Marke der Frauen- und Gleichstellungsbeauftragten in die Breite zu tragen, werden Give Aways mit der neuen Bildmarke erstellt, z.B. f\u00fcr Erstsemester-Veranstaltungen und Infost\u00e4nde. Ziel des gesamten Rebrandingprozesses ist es, das Amt und sein Aufgabenfeld f\u00fcr alle Mitgliedsgruppen der Hochschule sichtbarer und bekannter zu machen. Plenumssprecherin Louise McCloy fasst zusammen: \u201eDas neue Logo spiegelt die neue Auffassung von unserer Arbeit als dezentrale Frauen- und Gleichstellungsbeauftragte und zeigt gleichzeitig eine Bindung zum Team geschlechter*gerecht.\u201c<\/p>\n\n\n\n<hr class=\"wp-block-separator has-alpha-channel-opacity\" \/>\n\n\n\n<p><strong>Merle B\u00fcter, Referentin, Team geschlechter*gerecht<\/strong><\/p>\n","protected":false},"excerpt":{"rendered":"<p>Die Frauen- und Gleichstellungsbeauftragten in den Fachbereichen, Zentralinstituten und Zentraleinrichtungen, in der Universit\u00e4tsbibliothek sowie der zentralen Universit\u00e4tsverwaltung haben neue Logos, die p\u00fcnktlich zum Start des Wintersemesters gelauncht werden. Unter dem Motto \u201eNeues Logo, gleichbleibender Auftrag\u201c ist das Ziel der neuen Bildmarke, die Sichtbarkeit des Amtes an der FU zu erh\u00f6hen.<\/p>\n","protected":false},"author":7120,"featured_media":9561,"comment_status":"open","ping_status":"open","sticky":false,"template":"","format":"standard","meta":{"footnotes":""},"categories":[603],"tags":[433454,437402],"class_list":["post-9433","post","type-post","status-publish","format-standard","has-post-thumbnail","hentry","category-vorgestellt","tag-gleichstellungspolitik","tag-frauenbeauftragte"],"_links":{"self":[{"href":"https:\/\/blogs.fu-berlin.de\/frauenbeauftragte\/wp-json\/wp\/v2\/posts\/9433","targetHints":{"allow":["GET"]}}],"collection":[{"href":"https:\/\/blogs.fu-berlin.de\/frauenbeauftragte\/wp-json\/wp\/v2\/posts"}],"about":[{"href":"https:\/\/blogs.fu-berlin.de\/frauenbeauftragte\/wp-json\/wp\/v2\/types\/post"}],"author":[{"embeddable":true,"href":"https:\/\/blogs.fu-berlin.de\/frauenbeauftragte\/wp-json\/wp\/v2\/users\/7120"}],"replies":[{"embeddable":true,"href":"https:\/\/blogs.fu-berlin.de\/frauenbeauftragte\/wp-json\/wp\/v2\/comments?post=9433"}],"version-history":[{"count":24,"href":"https:\/\/blogs.fu-berlin.de\/frauenbeauftragte\/wp-json\/wp\/v2\/posts\/9433\/revisions"}],"predecessor-version":[{"id":9610,"href":"https:\/\/blogs.fu-berlin.de\/frauenbeauftragte\/wp-json\/wp\/v2\/posts\/9433\/revisions\/9610"}],"wp:featuredmedia":[{"embeddable":true,"href":"https:\/\/blogs.fu-berlin.de\/frauenbeauftragte\/wp-json\/wp\/v2\/media\/9561"}],"wp:attachment":[{"href":"https:\/\/blogs.fu-berlin.de\/frauenbeauftragte\/wp-json\/wp\/v2\/media?parent=9433"}],"wp:term":[{"taxonomy":"category","embeddable":true,"href":"https:\/\/blogs.fu-berlin.de\/frauenbeauftragte\/wp-json\/wp\/v2\/categories?post=9433"},{"taxonomy":"post_tag","embeddable":true,"href":"https:\/\/blogs.fu-berlin.de\/frauenbeauftragte\/wp-json\/wp\/v2\/tags?post=9433"}],"curies":[{"name":"wp","href":"https:\/\/api.w.org\/{rel}","templated":true}]}}