{"id":949,"date":"2021-12-14T17:00:00","date_gmt":"2021-12-14T16:00:00","guid":{"rendered":"https:\/\/blogs.fu-berlin.de\/frauenbeauftragte\/?p=949"},"modified":"2023-07-17T10:11:09","modified_gmt":"2023-07-17T08:11:09","slug":"panel-zu-geschlechtergerechter-sprache","status":"publish","type":"post","link":"https:\/\/blogs.fu-berlin.de\/frauenbeauftragte\/2021\/12\/14\/panel-zu-geschlechtergerechter-sprache\/","title":{"rendered":"Panel zu geschlechtergerechter Sprache"},"content":{"rendered":"\n<div class=\"wp-block-media-text alignwide is-stacked-on-mobile\"><figure class=\"wp-block-media-text__media\"><img loading=\"lazy\" decoding=\"async\" width=\"1024\" height=\"683\" src=\"https:\/\/blogs.fu-berlin.de\/frauenbeauftragte\/files\/2021\/12\/4GenderStudies-1024x683.png\" alt=\"\" class=\"wp-image-883 size-full\" srcset=\"https:\/\/blogs.fu-berlin.de\/frauenbeauftragte\/files\/2021\/12\/4GenderStudies-1024x683.png 1024w, https:\/\/blogs.fu-berlin.de\/frauenbeauftragte\/files\/2021\/12\/4GenderStudies-300x200.png 300w, https:\/\/blogs.fu-berlin.de\/frauenbeauftragte\/files\/2021\/12\/4GenderStudies-768x512.png 768w, https:\/\/blogs.fu-berlin.de\/frauenbeauftragte\/files\/2021\/12\/4GenderStudies-1536x1024.png 1536w, https:\/\/blogs.fu-berlin.de\/frauenbeauftragte\/files\/2021\/12\/4GenderStudies-1200x800.png 1200w, https:\/\/blogs.fu-berlin.de\/frauenbeauftragte\/files\/2021\/12\/4GenderStudies.png 1920w\" sizes=\"auto, (max-width: 709px) 85vw, (max-width: 909px) 67vw, (max-width: 1362px) 62vw, 840px\" \/><\/figure><div class=\"wp-block-media-text__content\">\n<p><strong>Panel \u201cGendersterne \u00fcber Deutschland?\u201d: 17. Dezember 2021, 14-15:30 Uhr, online <\/strong>Am Freitag findet an der Humboldt-Universit\u00e4t eine Podiumsdiskussion zu gendergerechter Sprache statt. Aus linguistischer Perspektive geht es um die Chancen und Grenzen der Sprachpraxis, ihre Funktion in Amts- und Rechtssprache und \u00fcber antifeministischen Backlash in \u00f6ffentlichen Diskursen.<\/p>\n\n\n\n<!--more-->\n<\/div><\/div>\n\n\n\n<p>Was sagt eigentlich die Wissenschaft zu antifeministischen Vorw\u00fcrfen gegen inklusive Sprachpraktiken? Ist gendergerechte Sprache ein \u201cSprechverbot\u201d und weshalb werden Menschen und Einrichtungen, die aktuell gendern, immer wieder als \u201cSprachpolizei\u201d diffamiert?<\/p>\n\n\n\n<p>An der Podiumsdiskussion <a rel=\"noreferrer noopener\" href=\"https:\/\/www.rewi.hu-berlin.de\/de\/lf\/ls\/lbk\/veranstaltungen\/gendersterne-ueber-deutschland-podiumsdiskussion-zu-geschlechtergerechter-sprache-staatliches-sprachhandeln-linguistische-hintergruende-oeffentliche-diskurse\" target=\"_blank\">&#8222;Gendersterne \u00fcber Deutschland? Podiumsdiskussion zu geschlechtergerechter Sprache: Staatliches Sprachhandeln, linguistische Hintergr\u00fcnde, \u00f6ffentliche Diskurse&#8220;<\/a> beteiligen sich <a rel=\"noreferrer noopener\" href=\"https:\/\/www.gabrielediewald.de\/\" target=\"_blank\">Prof.&nbsp;Gabriele Diewald<\/a> (Germanistische Linguistik, Universit\u00e4t Hannover),&nbsp;<a rel=\"noreferrer noopener\" href=\"https:\/\/www.rewi.hu-berlin.de\/de\/lf\/ls\/lbk\/prof-dr-ulrike-lembke\" target=\"_blank\">Prof.&nbsp;Ulrike Lembke <\/a>(Rechtswissenschaften und Geschlechterstudien, Humboldt-Universit\u00e4t) sowie <a rel=\"noreferrer noopener\" href=\"https:\/\/www.uni-trier.de\/universitaet\/fachbereiche-faecher\/fachbereich-ii\/faecher\/germanistik\/professurenfachteile\/neuere-deutsche-literaturwissenschaft\/professorinnen-und-professoren\/prof-dr-andrea-geier\" target=\"_blank\">Prof.&nbsp;Andrea Geier<\/a> (Germanistische Literaturwissenschaft, Universit\u00e4t Trier und Fachgesellschaft Gender Studies). Letztere hat die &#8222;Toolbox Gender und Diversity in der Lehre&#8220; im Fr\u00fchjahr <a rel=\"noreferrer noopener\" href=\"https:\/\/blogs.fu-berlin.de\/toolbox\/2021\/03\/30\/twitterview-mit-prof-dr-andrea-geier-das-ganze-gespraech-zum-nachlesen\/\" target=\"_blank\">interviewt<\/a>. Das Panel&nbsp; findet im Rahmen des Wissenschafts- und Aktionstags #4GenderStudies statt. <a rel=\"noreferrer noopener\" href=\"https:\/\/afg-berliner-hochschulen.de\/gender-kalender\" target=\"_blank\">Hier<\/a> gibt es eine \u00dcbersicht \u00fcber alle Veranstaltungen in diesem Rahmen.<\/p>\n\n\n\n<p>Das Online-Panel stellt sich schwierigen Fragen in einem emotional aufgeladenen Feld: Deshalb wird nicht nur \u00fcber die Hintergr\u00fcnde anti-emanzipatorischer Diskurse gesprochen, die oft mit \u00fcberholten Wissensst\u00e4nden, unangemessenen Verallgemeinerungen und plakativen Polarisierungen arbeiten, um zu \u00fcberlegen, wie der Backlash verhindert werden k\u00f6nnte. Es wird auch selbstkritisch danach gefragt, wo inklusive Sprachpraxis im Deutschen an ihre Grenzen st\u00f6\u00dft und wie wir mit dem Spannungsverh\u00e4ltnis von sprachlicher Gleichbehandlung und geschlechterinklusiven Formen umgehen k\u00f6nnen.<\/p>\n\n\n\n<p>Auch an der FU ist geschlechtergerechte Sprache Thema: Im Rahmen des <a rel=\"noreferrer noopener\" href=\"https:\/\/www.fu-berlin.de\/universitaet\/profil\/diversity\/index.html\" target=\"_blank\">Diversity Audit<\/a> des Stifterverbands gibt es zwei hochschulinterne Arbeitsgruppen, die Empfehlungen erarbeiten: Die AG geschlechtergerechte Sprache hat ein Konzept erstellt, das dem Pr\u00e4sidium vorgelegt werden soll. Die AG Namens- und Geschlechtseintrag erarbeitet derzeit L\u00f6sungen f\u00fcr die IT-Systeme. <\/p>\n","protected":false},"excerpt":{"rendered":"<p>Panel \u201cGendersterne \u00fcber Deutschland?\u201d: 17. Dezember 2021, 14-15:30 Uhr, online Am Freitag findet an der Humboldt-Universit\u00e4t eine Podiumsdiskussion zu gendergerechter Sprache statt. Aus linguistischer Perspektive geht es um die Chancen und Grenzen der Sprachpraxis, ihre Funktion in Amts- und Rechtssprache und \u00fcber antifeministischen Backlash in \u00f6ffentlichen Diskursen.<\/p>\n","protected":false},"author":6431,"featured_media":883,"comment_status":"open","ping_status":"open","sticky":false,"template":"","format":"standard","meta":{"footnotes":""},"categories":[428608],"tags":[305170,57446,334885],"class_list":["post-949","post","type-post","status-publish","format-standard","has-post-thumbnail","hentry","category-informiert","tag-diversity","tag-geschlechterforschung","tag-antifeminismus"],"_links":{"self":[{"href":"https:\/\/blogs.fu-berlin.de\/frauenbeauftragte\/wp-json\/wp\/v2\/posts\/949","targetHints":{"allow":["GET"]}}],"collection":[{"href":"https:\/\/blogs.fu-berlin.de\/frauenbeauftragte\/wp-json\/wp\/v2\/posts"}],"about":[{"href":"https:\/\/blogs.fu-berlin.de\/frauenbeauftragte\/wp-json\/wp\/v2\/types\/post"}],"author":[{"embeddable":true,"href":"https:\/\/blogs.fu-berlin.de\/frauenbeauftragte\/wp-json\/wp\/v2\/users\/6431"}],"replies":[{"embeddable":true,"href":"https:\/\/blogs.fu-berlin.de\/frauenbeauftragte\/wp-json\/wp\/v2\/comments?post=949"}],"version-history":[{"count":15,"href":"https:\/\/blogs.fu-berlin.de\/frauenbeauftragte\/wp-json\/wp\/v2\/posts\/949\/revisions"}],"predecessor-version":[{"id":6484,"href":"https:\/\/blogs.fu-berlin.de\/frauenbeauftragte\/wp-json\/wp\/v2\/posts\/949\/revisions\/6484"}],"wp:featuredmedia":[{"embeddable":true,"href":"https:\/\/blogs.fu-berlin.de\/frauenbeauftragte\/wp-json\/wp\/v2\/media\/883"}],"wp:attachment":[{"href":"https:\/\/blogs.fu-berlin.de\/frauenbeauftragte\/wp-json\/wp\/v2\/media?parent=949"}],"wp:term":[{"taxonomy":"category","embeddable":true,"href":"https:\/\/blogs.fu-berlin.de\/frauenbeauftragte\/wp-json\/wp\/v2\/categories?post=949"},{"taxonomy":"post_tag","embeddable":true,"href":"https:\/\/blogs.fu-berlin.de\/frauenbeauftragte\/wp-json\/wp\/v2\/tags?post=949"}],"curies":[{"name":"wp","href":"https:\/\/api.w.org\/{rel}","templated":true}]}}