{"id":9507,"date":"2024-10-10T07:00:00","date_gmt":"2024-10-10T05:00:00","guid":{"rendered":"https:\/\/blogs.fu-berlin.de\/frauenbeauftragte\/?p=9507"},"modified":"2024-10-11T08:04:29","modified_gmt":"2024-10-11T06:04:29","slug":"poster-ausstellung-4genderstudies","status":"publish","type":"post","link":"https:\/\/blogs.fu-berlin.de\/frauenbeauftragte\/2024\/10\/10\/poster-ausstellung-4genderstudies\/","title":{"rendered":"Poster-Ausstellung #4GenderStudies"},"content":{"rendered":"\n<div class=\"wp-block-media-text alignwide is-stacked-on-mobile\"><figure class=\"wp-block-media-text__media\"><img loading=\"lazy\" decoding=\"async\" width=\"384\" height=\"256\" src=\"https:\/\/blogs.fu-berlin.de\/frauenbeauftragte\/files\/2022\/12\/MvBZ-Logo-3-zu-2.jpg\" alt=\"\" class=\"wp-image-4328 size-full\" srcset=\"https:\/\/blogs.fu-berlin.de\/frauenbeauftragte\/files\/2022\/12\/MvBZ-Logo-3-zu-2.jpg 384w, https:\/\/blogs.fu-berlin.de\/frauenbeauftragte\/files\/2022\/12\/MvBZ-Logo-3-zu-2-300x200.jpg 300w\" sizes=\"auto, (max-width: 384px) 85vw, 384px\" \/><\/figure><div class=\"wp-block-media-text__content\">\n<p><strong>Call for Proposals | Einreichungsfrist: 15. Oktober<\/strong> \u2013 Anl\u00e4sslich des Wissenschaftstages #4GenderStudies, der j\u00e4hrlich am 18. Dezember stattfindet, plant das Margherita-von-Brentano-Zentrum eine Poster-Ausstellung in der Rost- und Silberlaube der FU. Promovierende, Post-Docs und Wissenschaftler*innen k\u00f6nnen Vorschl\u00e4ge f\u00fcr die Pr\u00e4sentation ihrer Forschungsprojekte einreichen. <\/p>\n\n\n\n<!--more-->\n<\/div><\/div>\n\n\n\n<p>Bereits zum achten Mal findet am 18. Dezember 2024 im gesamten deutschsprachigen Raum der<a href=\"https:\/\/www.mvbz.fu-berlin.de\/wissenschaftskommunikation\/wissenschaftstag_4genderstudies\/index.html\" target=\"_blank\" rel=\"noreferrer noopener\"> Wissenschaftstag #4GenderStudies <\/a>statt. Der Ursprung des Wissenschaftstags ist eine Reaktion auf Angriffe auf Wissenschaftler*innen in den sozialen Medien im Herbst 2017. Vor diesem Hintergrund richtet sich der Wissenschaftstag auch gegen antifeministische Bestrebungen, das transdisziplin\u00e4re Feld der Geschlechterforschung als Ganzes abzuwerten. <\/p>\n\n\n\n<p class=\"has-medium-font-size\">Forschungsprojekte mit Gender-Bezug<\/p>\n\n\n\n<p>Das Margherita-von-Brentano-Zentrum (MvBZ) l\u00e4dt Promovierende, Post-Docs und wissenschaftliche Mitarbeiter*innen der Freien Universit\u00e4t Berlin ein, <a rel=\"noreferrer noopener\" href=\"https:\/\/www.mvbz.fu-berlin.de\/ausschreibungen\/calls\/call_wissenschaftliche_poster-ausstellung\/index.html\" target=\"_blank\">Vorschl\u00e4ge f\u00fcr eine Forschungsposter-Session<\/a> im Rahmen des #4GenderStudies Wissenschaftstags einzureichen.  Erw\u00fcnscht sind Forschungsprojekte und -designs, die einen geschlechterbezogenen Aspekt beinhalten, unabh\u00e4ngig vom Stand des Projekts oder der disziplin\u00e4ren Verortung. <\/p>\n\n\n\n<p>Die Vorschl\u00e4ge werden nach ihrer Relevanz, Einzigartigkeit des Themas und Qualit\u00e4t des Abstracts bewertet. Ziel ist zu zeigen, wie spannend, vielf\u00e4ltig und wissenschaftlich exzellent Geschlechterforschung ist. <\/p>\n\n\n\n<p>Das MvBZ stellt Richtlinien und eine Vorlage f\u00fcr die Gestaltung des wissenschaftlichen Posters zur Verf\u00fcgung und \u00fcbernimmt die Druckkosten. Die endg\u00fcltige Postereinreichung ist bis Ende November f\u00e4llig.<\/p>\n\n\n\n<p class=\"has-medium-font-size\">Zeitplan<\/p>\n\n\n\n<figure class=\"wp-block-table\"><table><thead><tr><th>Datum <\/th><th>Termin<\/th><\/tr><\/thead><tbody><tr><td>15. Oktober 2024<\/td><td>Frist f\u00fcr die Einreichung des Abstracts<\/td><\/tr><tr><td>31. Oktober<\/td><td>Benachrichtigung der Bewerber*innen \u00fcber die Ergebnisse des Bewerbungsprozesses<\/td><\/tr><tr><td>25. November<\/td><td>Einreichung des finalen Posters<\/td><\/tr><tr><td>9.-13. Dezember<\/td><td>Ausstellung und Abstimmung \u00fcber das beste Poster<br>Ort: Rost- und Silberlaube der FU <\/td><\/tr><tr><td>18. Dezember<\/td><td>Poster-Pitches (Video-Aufzeichnung)<\/td><\/tr><tr><td>Januar 2025<\/td><td>Online-Ausstellung der Poster und Video-Pitches<\/td><\/tr><\/tbody><\/table><\/figure>\n\n\n\n<p class=\"has-medium-font-size\">Formalia<\/p>\n\n\n\n<ul class=\"wp-block-list\"><li><strong>Frist f\u00fcr Vorschl\u00e4ge:<\/strong>&nbsp;15. Oktober<\/li><li><strong>Abstract<\/strong> (max. 300 W\u00f6rter als Word-Dokument) mit Name, Position und institutionelle Anbindung <\/li><li><strong>Kontakt:<\/strong> Dr. Sabina Garc\u00eda Peter<\/li><li><strong>Per E-Mail an:<\/strong><a href=\"mailto:sabina.garcia.peter@fu-berlin.de\"> sabina.garcia.peter@fu-berlin.de<\/a><\/li><\/ul>\n","protected":false},"excerpt":{"rendered":"<p>Call for Proposals | Einreichungsfrist: 15. Oktober \u2013 Anl\u00e4sslich des Wissenschaftstages #4GenderStudies, der j\u00e4hrlich am 18. Dezember stattfindet, plant das Margherita-von-Brentano-Zentrum eine Poster-Ausstellung in der Rost- und Silberlaube der FU. Promovierende, Post-Docs und Wissenschaftler*innen k\u00f6nnen Vorschl\u00e4ge f\u00fcr die Pr\u00e4sentation ihrer Forschungsprojekte einreichen.<\/p>\n","protected":false},"author":7120,"featured_media":9609,"comment_status":"open","ping_status":"open","sticky":false,"template":"","format":"standard","meta":{"footnotes":""},"categories":[428608],"tags":[57446,334885,437124,233545],"class_list":["post-9507","post","type-post","status-publish","format-standard","has-post-thumbnail","hentry","category-informiert","tag-geschlechterforschung","tag-antifeminismus","tag-wissenschaftlerinnen","tag-studierende"],"_links":{"self":[{"href":"https:\/\/blogs.fu-berlin.de\/frauenbeauftragte\/wp-json\/wp\/v2\/posts\/9507","targetHints":{"allow":["GET"]}}],"collection":[{"href":"https:\/\/blogs.fu-berlin.de\/frauenbeauftragte\/wp-json\/wp\/v2\/posts"}],"about":[{"href":"https:\/\/blogs.fu-berlin.de\/frauenbeauftragte\/wp-json\/wp\/v2\/types\/post"}],"author":[{"embeddable":true,"href":"https:\/\/blogs.fu-berlin.de\/frauenbeauftragte\/wp-json\/wp\/v2\/users\/7120"}],"replies":[{"embeddable":true,"href":"https:\/\/blogs.fu-berlin.de\/frauenbeauftragte\/wp-json\/wp\/v2\/comments?post=9507"}],"version-history":[{"count":13,"href":"https:\/\/blogs.fu-berlin.de\/frauenbeauftragte\/wp-json\/wp\/v2\/posts\/9507\/revisions"}],"predecessor-version":[{"id":9607,"href":"https:\/\/blogs.fu-berlin.de\/frauenbeauftragte\/wp-json\/wp\/v2\/posts\/9507\/revisions\/9607"}],"wp:featuredmedia":[{"embeddable":true,"href":"https:\/\/blogs.fu-berlin.de\/frauenbeauftragte\/wp-json\/wp\/v2\/media\/9609"}],"wp:attachment":[{"href":"https:\/\/blogs.fu-berlin.de\/frauenbeauftragte\/wp-json\/wp\/v2\/media?parent=9507"}],"wp:term":[{"taxonomy":"category","embeddable":true,"href":"https:\/\/blogs.fu-berlin.de\/frauenbeauftragte\/wp-json\/wp\/v2\/categories?post=9507"},{"taxonomy":"post_tag","embeddable":true,"href":"https:\/\/blogs.fu-berlin.de\/frauenbeauftragte\/wp-json\/wp\/v2\/tags?post=9507"}],"curies":[{"name":"wp","href":"https:\/\/api.w.org\/{rel}","templated":true}]}}