{"id":9550,"date":"2024-10-18T09:00:00","date_gmt":"2024-10-18T07:00:00","guid":{"rendered":"https:\/\/blogs.fu-berlin.de\/frauenbeauftragte\/?p=9550"},"modified":"2024-10-17T11:04:32","modified_gmt":"2024-10-17T09:04:32","slug":"einladung-marthe-vogt-preisverleihung-2","status":"publish","type":"post","link":"https:\/\/blogs.fu-berlin.de\/frauenbeauftragte\/2024\/10\/18\/einladung-marthe-vogt-preisverleihung-2\/","title":{"rendered":"Einladung: Marthe-Vogt-Preisverleihung"},"content":{"rendered":"\n<div class=\"wp-block-media-text alignwide is-stacked-on-mobile\"><figure class=\"wp-block-media-text__media\"><img loading=\"lazy\" decoding=\"async\" width=\"1020\" height=\"680\" src=\"https:\/\/blogs.fu-berlin.de\/frauenbeauftragte\/files\/2022\/10\/csm_Logo_MartheVogt_farbe_web_d4471308a6.jpg\" alt=\"\" class=\"wp-image-3687 size-full\" srcset=\"https:\/\/blogs.fu-berlin.de\/frauenbeauftragte\/files\/2022\/10\/csm_Logo_MartheVogt_farbe_web_d4471308a6.jpg 1020w, https:\/\/blogs.fu-berlin.de\/frauenbeauftragte\/files\/2022\/10\/csm_Logo_MartheVogt_farbe_web_d4471308a6-300x200.jpg 300w, https:\/\/blogs.fu-berlin.de\/frauenbeauftragte\/files\/2022\/10\/csm_Logo_MartheVogt_farbe_web_d4471308a6-768x512.jpg 768w\" sizes=\"auto, (max-width: 709px) 85vw, (max-width: 909px) 67vw, (max-width: 1362px) 62vw, 840px\" \/><\/figure><div class=\"wp-block-media-text__content\">\n<p><strong>Preisverleihung: 7. November 2024 | 18:00 Uhr<\/strong> \u2013 Der Forschungsverband Berlin e. V. ehrt mit dem diesj\u00e4hrigen Marthe-Vogt-Preis die Nachwuchswissenschaftlerinnen Dr. Alexandra Quitmann und FU-Alnumna Dr. Sara Hetzel. Dazu l\u00e4dt der Verband Interessierte zur Preisverleihung im Rahmen der Berlin Science Week ein. Im Anschluss der Verleihung findet ein Get-together statt. Anmeldung ist bis  zum 24. Oktober m\u00f6glich.<\/p>\n\n\n\n<!--more-->\n<\/div><\/div>\n\n\n\n<p>Seit 2001 w\u00fcrdigt der Forschungsverband Berlin (FVB) jedes Jahr besondere wissenschaftliche Leistungen von Nachwuchswissenschaftlerinnen aus den Bereichen Informations- und Kommunikationstechnik, Strukturforschung, Optoelektronik (Lichtforschung) und Laserforschung, Mikrosystemtechnik, Neue Materialien, Angewandte Mathematik, Molekulare Medizin und Biologie, Veterin\u00e4rmedizin, Biotechnologie und Umweltforschung. Die Auszeichnung ist mit 3.000 Euro dotiert und soll dazu beitragen, den Anteil von Wissenschaftlerinnen in der Forschung zu erh\u00f6hen und Forschungsgebieten neue Impulse zu geben. Dieses Jahr geht der Marthe-Vogt-Preis an zwei Forscherinnen.<\/p>\n\n\n\n<p class=\"has-medium-font-size\">Die Preistr\u00e4gerinnen<\/p>\n\n\n\n<p><strong>Dr. Sara Hetzel<\/strong> absolvierte ihr Bachelor- und Masterstudium der Bioinformatik an der Freien Universit\u00e4t Berlin. Nach ihrem Abschluss setzte sie ihre akademische Karriere am Max-Planck-Institut f\u00fcr molekulare Genetik fort, wo sie ihre Doktorarbeit erfolgreich abschloss. Ihr Forschungsschwerpunkt liegt auf den Charakteristika der DNA-Methylierung bei Krebspatient*innen und der Entwicklung von Software, die solche Analysen erm\u00f6glicht.<\/p>\n\n\n\n<p><strong>Dr. Alexandra Quitmann<\/strong> studierte Mathematik und machte ihren Bachelor und Master in M\u00fcnster. Heute arbeitet sie als Postdoc an der Universit\u00e4t La Sapienza in Rom. 2023 schloss sie ihre Promotion in Berlin am Weierstra\u00df-Institut f\u00fcr Angewandte Analysis und Stochastik (WIAS) mit einer Arbeit zum Thema Phasen\u00fcberg\u00e4nge in Zufallsschleifenmodellen ab. <\/p>\n\n\n\n<p class=\"has-medium-font-size\">Die Namensgeberin<\/p>\n\n\n\n<p>Namensgeberin des Preises ist <a rel=\"noreferrer noopener\" href=\"https:\/\/royalsocietypublishing.org\/doi\/pdf\/10.1098\/rsbm.2005.0027\" target=\"_blank\">Marthe Louise Vogt<\/a> (1903-2003), eine der f\u00fchrenden Neurowissenschaftler*innen und Pharmakolog*innen des 20. Jahrhunderts.  W\u00e4hrend ihrer \u00fcber 50j\u00e4hrigen Forschungslaufbahn, zun\u00e4chst am Kaiser-Wilhelm-Institut f\u00fcr Hirnforschung in Berlin-Buch (heute Leibniz-Forschungsinstitut f\u00fcr Molekulare Pharmakologie), ebnete sie unter anderem den Weg f\u00fcr die pharmakologische Behandlung psychischer Erkrankungen.  Gew\u00fcrdigt wird mit dem Preis nicht nur ihre Forschung, sondern auch ihre politische Haltung. Vogt war eine Gegnerin des Nationalsozialismus. 1935 verlie\u00df sie Deutschland und forschte in Gro\u00dfbritannien weiter.<\/p>\n\n\n\n<hr class=\"wp-block-separator has-alpha-channel-opacity\" \/>\n\n\n\n<p class=\"has-medium-font-size\">Marthe-Vogt-Preisverleihung im \u00dcberblick<\/p>\n\n\n\n<ul class=\"wp-block-list\"><li><strong>Anmeldung <\/strong>bis 24. Oktober per E-Mail an <a rel=\"noreferrer noopener\" href=\"https:\/\/www.fv-berlin.de\/infos-fuer\/medien-und-oeffentlichkeit\/news\/einladung-zur-marthe-vogt-preisverleihung-2023#\" target=\"_blank\">preisverleihung@fv-berlin.de<\/a><\/li><li><strong>Wann:<\/strong> Mittwoch, 7. November 2024, 18:00-20:00 Uhr<\/li><li><strong>Wo:<\/strong> Leibniz-Gesch\u00e4ftsstelle, Chausseestra\u00dfe 111, 10115 Berlin, Raum Hannover<\/li><li><a rel=\"noreferrer noopener\" href=\"https:\/\/www.fv-berlin.de\/karriere\/marthe-vogt-preis\" target=\"_blank\"><strong>Informationen<\/strong><\/a><\/li><\/ul>\n\n\n\n<figure class=\"wp-block-image size-large\"><img loading=\"lazy\" decoding=\"async\" width=\"1024\" height=\"384\" src=\"https:\/\/blogs.fu-berlin.de\/frauenbeauftragte\/files\/2024\/09\/15124002_Marthe_Vogt_Preis_2024_DE_1440x540-1024x384.jpg\" alt=\"\" class=\"wp-image-9552\" srcset=\"https:\/\/blogs.fu-berlin.de\/frauenbeauftragte\/files\/2024\/09\/15124002_Marthe_Vogt_Preis_2024_DE_1440x540-1024x384.jpg 1024w, https:\/\/blogs.fu-berlin.de\/frauenbeauftragte\/files\/2024\/09\/15124002_Marthe_Vogt_Preis_2024_DE_1440x540-300x113.jpg 300w, https:\/\/blogs.fu-berlin.de\/frauenbeauftragte\/files\/2024\/09\/15124002_Marthe_Vogt_Preis_2024_DE_1440x540-768x288.jpg 768w, https:\/\/blogs.fu-berlin.de\/frauenbeauftragte\/files\/2024\/09\/15124002_Marthe_Vogt_Preis_2024_DE_1440x540-1200x450.jpg 1200w, https:\/\/blogs.fu-berlin.de\/frauenbeauftragte\/files\/2024\/09\/15124002_Marthe_Vogt_Preis_2024_DE_1440x540.jpg 1440w\" sizes=\"auto, (max-width: 709px) 85vw, (max-width: 909px) 67vw, (max-width: 1362px) 62vw, 840px\" \/><\/figure>\n\n\n\n<hr class=\"wp-block-separator has-alpha-channel-opacity\" \/>\n","protected":false},"excerpt":{"rendered":"<p>Preisverleihung: 7. November 2024 | 18:00 Uhr \u2013 Der Forschungsverband Berlin e. V. ehrt mit dem diesj\u00e4hrigen Marthe-Vogt-Preis die Nachwuchswissenschaftlerinnen Dr. Alexandra Quitmann und FU-Alnumna Dr. Sara Hetzel. Dazu l\u00e4dt der Verband Interessierte zur Preisverleihung im Rahmen der Berlin Science Week ein. Im Anschluss der Verleihung findet ein Get-together statt. Anmeldung ist bis zum 24. &hellip; <a href=\"https:\/\/blogs.fu-berlin.de\/frauenbeauftragte\/2024\/10\/18\/einladung-marthe-vogt-preisverleihung-2\/\" class=\"more-link\"><span class=\"screen-reader-text\">\u201eEinladung: Marthe-Vogt-Preisverleihung\u201c<\/span> weiterlesen<\/a><\/p>\n","protected":false},"author":7120,"featured_media":3687,"comment_status":"open","ping_status":"open","sticky":false,"template":"","format":"standard","meta":{"footnotes":""},"categories":[428608],"tags":[423731,301208,437124],"class_list":["post-9550","post","type-post","status-publish","format-standard","has-post-thumbnail","hentry","category-informiert","tag-mintoring","tag-frauenfoerderung","tag-wissenschaftlerinnen"],"_links":{"self":[{"href":"https:\/\/blogs.fu-berlin.de\/frauenbeauftragte\/wp-json\/wp\/v2\/posts\/9550","targetHints":{"allow":["GET"]}}],"collection":[{"href":"https:\/\/blogs.fu-berlin.de\/frauenbeauftragte\/wp-json\/wp\/v2\/posts"}],"about":[{"href":"https:\/\/blogs.fu-berlin.de\/frauenbeauftragte\/wp-json\/wp\/v2\/types\/post"}],"author":[{"embeddable":true,"href":"https:\/\/blogs.fu-berlin.de\/frauenbeauftragte\/wp-json\/wp\/v2\/users\/7120"}],"replies":[{"embeddable":true,"href":"https:\/\/blogs.fu-berlin.de\/frauenbeauftragte\/wp-json\/wp\/v2\/comments?post=9550"}],"version-history":[{"count":9,"href":"https:\/\/blogs.fu-berlin.de\/frauenbeauftragte\/wp-json\/wp\/v2\/posts\/9550\/revisions"}],"predecessor-version":[{"id":9631,"href":"https:\/\/blogs.fu-berlin.de\/frauenbeauftragte\/wp-json\/wp\/v2\/posts\/9550\/revisions\/9631"}],"wp:featuredmedia":[{"embeddable":true,"href":"https:\/\/blogs.fu-berlin.de\/frauenbeauftragte\/wp-json\/wp\/v2\/media\/3687"}],"wp:attachment":[{"href":"https:\/\/blogs.fu-berlin.de\/frauenbeauftragte\/wp-json\/wp\/v2\/media?parent=9550"}],"wp:term":[{"taxonomy":"category","embeddable":true,"href":"https:\/\/blogs.fu-berlin.de\/frauenbeauftragte\/wp-json\/wp\/v2\/categories?post=9550"},{"taxonomy":"post_tag","embeddable":true,"href":"https:\/\/blogs.fu-berlin.de\/frauenbeauftragte\/wp-json\/wp\/v2\/tags?post=9550"}],"curies":[{"name":"wp","href":"https:\/\/api.w.org\/{rel}","templated":true}]}}