{"id":9576,"date":"2024-10-24T12:50:00","date_gmt":"2024-10-24T10:50:00","guid":{"rendered":"https:\/\/blogs.fu-berlin.de\/frauenbeauftragte\/?p=9576"},"modified":"2024-10-24T12:50:54","modified_gmt":"2024-10-24T10:50:54","slug":"berliner-frauenpreis-2025","status":"publish","type":"post","link":"https:\/\/blogs.fu-berlin.de\/frauenbeauftragte\/2024\/10\/24\/berliner-frauenpreis-2025\/","title":{"rendered":"Berliner Frauenpreis 2025"},"content":{"rendered":"\n<div class=\"wp-block-media-text alignwide is-stacked-on-mobile\"><figure class=\"wp-block-media-text__media\"><img loading=\"lazy\" decoding=\"async\" width=\"734\" height=\"489\" src=\"https:\/\/blogs.fu-berlin.de\/frauenbeauftragte\/files\/2023\/09\/frauenpreis_skulptur.png\" alt=\"\" class=\"wp-image-6933 size-full\" srcset=\"https:\/\/blogs.fu-berlin.de\/frauenbeauftragte\/files\/2023\/09\/frauenpreis_skulptur.png 734w, https:\/\/blogs.fu-berlin.de\/frauenbeauftragte\/files\/2023\/09\/frauenpreis_skulptur-300x200.png 300w\" sizes=\"auto, (max-width: 709px) 85vw, (max-width: 909px) 67vw, (max-width: 984px) 61vw, (max-width: 1362px) 45vw, 600px\" \/><\/figure><div class=\"wp-block-media-text__content\">\n<p><strong>Ausschreibungsfrist: 01.11.2024 <\/strong>\u2013 F\u00fcr den <a rel=\"noreferrer noopener\" href=\"https:\/\/www.berlin.de\/sen\/frauen\/oeffentlichkeit\/berliner-frauenpreis\/\" target=\"_blank\">Berliner Frauenpreis 2025<\/a> k\u00f6nnen Frauen nominiert werden, die sich durch ihr Engagement in herausragender Weise f\u00fcr Gleichstellung und Chancengleichheit der Geschlechter einsetzen und eingesetzt haben.  Besondere Ber\u00fccksichtigung finden zukunftsweisende und innovative Beitr\u00e4ge. Der Preis wird ausschlie\u00dflich an in Berlin wirkende Frauen vergeben.<\/p>\n\n\n\n<!--more-->\n<\/div><\/div>\n\n\n\n<p>J\u00e4hrlich vergibt die <a rel=\"noreferrer noopener\" href=\"https:\/\/www.berlin.de\/sen\/ias\/\" data-type=\"URL\" data-id=\"https:\/\/www.berlin.de\/sen\/ias\/\" target=\"_blank\">Senatsverwaltung f\u00fcr Arbeit, Soziales, Gleichstellung, Integration, Vielfalt und Antidiskriminierung<\/a> den mit 5.000 \u20ac dotierten Berliner Frauenpreis. <\/p>\n\n\n\n<p>Ausgezeichnet werden B\u00fcrgerinnen, die<\/p>\n\n\n\n<ul class=\"wp-block-list\"><li>sich auf unterschiedliche Weise f\u00fcr Emanzipation von Frauen in Berlin engagieren,<\/li><li>zukunftsweisende und innovative Ideen und Konzepte in Wissenschaft und Gleichstellungsprojekten verwirklichen,<\/li><li>Pionierinnen in einem frauenpolitischen T\u00e4tigkeitsbereich  sind,<\/li><li>sich besonders f\u00fcr soziale Gerechtigkeit, Menschenrechte, gegen Rassismus, Antisemitismus und Ausgrenzung aller Art einsetzen.<\/li><\/ul>\n\n\n\n<p>Unter anderem geht es um die Gleichstellung in Wirtschaft oder Kunst, gegen Gewalt an Frauen, Frauengesundheit, gegen Rassismus, f\u00fcr soziale Gerechtigkeit oder f\u00fcr mehr Frauen in Entscheidungspositionen. Vorschl\u00e4ge k\u00f6nnen von Einzelpersonen oder Gruppen eingereicht werden. Eine Frau kann auch mehrere Jahre hintereinander vorgeschlagen werden. <\/p>\n\n\n\n<p>Der Berliner Frauenpreis wird seit 1987 verliehen. Die Verleihung wird anl\u00e4sslich des Internationalen Frauentages 2025 im Rahmen einer Festveranstaltung stattfinden. Zu den <a rel=\"noreferrer noopener\" href=\"https:\/\/www.berlin.de\/sen\/frauen\/oeffentlichkeit\/berliner-frauenpreis\/preistraegerinnen\/\" target=\"_blank\">bisherige Preistr\u00e4gerinnen<\/a> z\u00e4hlen u.a. die Professorinnen  Karin Hausen und Jutta Allmendinger, die Schauspielerin Maren Kroymann und die Journalistin Anke Domscheit-Berg.<\/p>\n\n\n\n<p class=\"has-medium-font-size\">Die Preisskulptur<\/p>\n\n\n\n<p>Neben dem Preisgeld erh\u00e4lt die Ausgezeichnete eine Skulptur der K\u00fcnstlerin <a rel=\"noreferrer noopener\" href=\"https:\/\/estherjanshen.wordpress.com\/2015\/03\/10\/berliner-frauenpreis-2013\/\" data-type=\"URL\" data-id=\"https:\/\/estherjanshen.wordpress.com\/2015\/03\/10\/berliner-frauenpreis-2013\/\" target=\"_blank\">Esther Janshen<\/a>. In der Vorderansicht entspricht die Muschelschale der Silhouette Berlins, die in der Mitte platzierte Perle steht f\u00fcr die Preistr\u00e4gerin. Inspirieren lie\u00df sich die K\u00fcnstlerin daf\u00fcr von einer Perle, die einst ein Sandkorn war, welches nur durch viel Reibung in der Muschel zu dem geworden ist, was heute kostbar ist und bewundert wird.<\/p>\n\n\n\n<hr class=\"wp-block-separator has-alpha-channel-opacity\" \/>\n\n\n\n<p class=\"has-medium-font-size\">Im \u00dcberblick<\/p>\n\n\n\n<ul class=\"wp-block-list\"><li><strong>Ausschreibungsfrist: <\/strong>01. November 2024<\/li><li><strong>Ansprechperson:<\/strong> Jutta K\u00fchl<\/li><li>Bewerbungsunterlagen k\u00f6nnen per E-Mail oder postalisch eingereicht werden<ul><li><strong>Post: <\/strong>Senatsverwaltung f\u00fcr Arbeit, Soziales, Gleichstellung, Integration, Vielfalt und Antidiskriminierung, Abteilung Frauen und Gleichstellung, Dominicusstr. 12-14 | 10823 Berlin<\/li><li><strong>E-Mail:<\/strong> <a rel=\"noreferrer noopener\" href=\"mailto:Frauenpreis@SenWGPG.Berlin.de\" target=\"_blank\"><\/a><a href=\"\/Users\/LehnigkM\/AppData\/Local\/Microsoft\/Windows\/INetCache\/Content.Outlook\/0POIWPX9\/Frauenpreis@senagiva.berlin.de\">Frauenpreis@senagiva.berlin.de<\/a><\/li><\/ul><\/li><li><a rel=\"noreferrer noopener\" href=\"https:\/\/www.berlin.de\/sen\/frauen\/oeffentlichkeit\/berliner-frauenpreis\/ausschreibung\/\" target=\"_blank\">Ausschreibung Berliner Frauenpreis 2025<\/a><\/li><\/ul>\n","protected":false},"excerpt":{"rendered":"<p>Ausschreibungsfrist: 01.11.2024 \u2013 F\u00fcr den Berliner Frauenpreis 2025 k\u00f6nnen Frauen nominiert werden, die sich durch ihr Engagement in herausragender Weise f\u00fcr Gleichstellung und Chancengleichheit der Geschlechter einsetzen und eingesetzt haben. Besondere Ber\u00fccksichtigung finden zukunftsweisende und innovative Beitr\u00e4ge. Der Preis wird ausschlie\u00dflich an in Berlin wirkende Frauen vergeben.<\/p>\n","protected":false},"author":7120,"featured_media":6934,"comment_status":"open","ping_status":"open","sticky":false,"template":"","format":"standard","meta":{"footnotes":""},"categories":[428608],"tags":[301208,433454],"class_list":["post-9576","post","type-post","status-publish","format-standard","has-post-thumbnail","hentry","category-informiert","tag-frauenfoerderung","tag-gleichstellungspolitik"],"_links":{"self":[{"href":"https:\/\/blogs.fu-berlin.de\/frauenbeauftragte\/wp-json\/wp\/v2\/posts\/9576","targetHints":{"allow":["GET"]}}],"collection":[{"href":"https:\/\/blogs.fu-berlin.de\/frauenbeauftragte\/wp-json\/wp\/v2\/posts"}],"about":[{"href":"https:\/\/blogs.fu-berlin.de\/frauenbeauftragte\/wp-json\/wp\/v2\/types\/post"}],"author":[{"embeddable":true,"href":"https:\/\/blogs.fu-berlin.de\/frauenbeauftragte\/wp-json\/wp\/v2\/users\/7120"}],"replies":[{"embeddable":true,"href":"https:\/\/blogs.fu-berlin.de\/frauenbeauftragte\/wp-json\/wp\/v2\/comments?post=9576"}],"version-history":[{"count":10,"href":"https:\/\/blogs.fu-berlin.de\/frauenbeauftragte\/wp-json\/wp\/v2\/posts\/9576\/revisions"}],"predecessor-version":[{"id":9646,"href":"https:\/\/blogs.fu-berlin.de\/frauenbeauftragte\/wp-json\/wp\/v2\/posts\/9576\/revisions\/9646"}],"wp:featuredmedia":[{"embeddable":true,"href":"https:\/\/blogs.fu-berlin.de\/frauenbeauftragte\/wp-json\/wp\/v2\/media\/6934"}],"wp:attachment":[{"href":"https:\/\/blogs.fu-berlin.de\/frauenbeauftragte\/wp-json\/wp\/v2\/media?parent=9576"}],"wp:term":[{"taxonomy":"category","embeddable":true,"href":"https:\/\/blogs.fu-berlin.de\/frauenbeauftragte\/wp-json\/wp\/v2\/categories?post=9576"},{"taxonomy":"post_tag","embeddable":true,"href":"https:\/\/blogs.fu-berlin.de\/frauenbeauftragte\/wp-json\/wp\/v2\/tags?post=9576"}],"curies":[{"name":"wp","href":"https:\/\/api.w.org\/{rel}","templated":true}]}}