{"id":9664,"date":"2024-11-01T08:50:56","date_gmt":"2024-11-01T07:50:56","guid":{"rendered":"https:\/\/blogs.fu-berlin.de\/frauenbeauftragte\/?p=9664"},"modified":"2025-06-23T18:39:03","modified_gmt":"2025-06-23T16:39:03","slug":"aktionstage-gegen-sexualisierte-uebergriffe","status":"publish","type":"post","link":"https:\/\/blogs.fu-berlin.de\/frauenbeauftragte\/2024\/11\/01\/aktionstage-gegen-sexualisierte-uebergriffe\/","title":{"rendered":"Aktionstage gegen sexualisierte \u00dcbergriffe"},"content":{"rendered":"\n<div class=\"wp-block-media-text alignwide is-stacked-on-mobile\"><figure class=\"wp-block-media-text__media\"><img loading=\"lazy\" decoding=\"async\" width=\"1024\" height=\"768\" src=\"https:\/\/blogs.fu-berlin.de\/frauenbeauftragte\/files\/2025\/03\/25-11-24_Blog-2-1024x768.png\" alt=\"\" class=\"wp-image-10258 size-full\" srcset=\"https:\/\/blogs.fu-berlin.de\/frauenbeauftragte\/files\/2025\/03\/25-11-24_Blog-2-1024x768.png 1024w, https:\/\/blogs.fu-berlin.de\/frauenbeauftragte\/files\/2025\/03\/25-11-24_Blog-2-300x225.png 300w, https:\/\/blogs.fu-berlin.de\/frauenbeauftragte\/files\/2025\/03\/25-11-24_Blog-2-768x576.png 768w, https:\/\/blogs.fu-berlin.de\/frauenbeauftragte\/files\/2025\/03\/25-11-24_Blog-2-1536x1152.png 1536w, https:\/\/blogs.fu-berlin.de\/frauenbeauftragte\/files\/2025\/03\/25-11-24_Blog-2-1200x900.png 1200w, https:\/\/blogs.fu-berlin.de\/frauenbeauftragte\/files\/2025\/03\/25-11-24_Blog-2.png 2000w\" sizes=\"auto, (max-width: 709px) 85vw, (max-width: 909px) 67vw, (max-width: 1362px) 62vw, 840px\" \/><\/figure><div class=\"wp-block-media-text__content\">\n<p><strong>12.\u201325. November 2024 \u2013<\/strong> Der Internationale Tag zur Beseitigung von Gewalt gegen Frauen wird j\u00e4hrlich am 25.11. begangen. An der Freien Universit\u00e4t finden rund um dieses Datum verschiedene Veranstaltungen statt. Sie stehen unter dem Motto \u201eF\u00fcr die Hochschule! Gegen sexualisierte Bel\u00e4stigung, Diskriminierung und Gewalt\u201c und richten sich vor allem an Studierende, aber auch an andere Interessierte.<\/p>\n\n\n\n<!--more-->\n<\/div><\/div>\n\n\n\n<p>Mit den Aktionstagen \u201eF\u00fcr die Hochschule! Gegen sexualisierte Bel\u00e4stigung, Diskriminierung und Gewalt\u201c (SBDG) vom 12. bis 25. November setzen die <a rel=\"noreferrer noopener\" href=\"https:\/\/www.fu-berlin.de\/sites\/frauenbeauftragte\/ueber-uns\/team\/referentinnen\/wendy-stollberg.html\" target=\"_blank\">zentrale Ansprechperson f\u00fcr SBDG<\/a> Wendy Stollberg, das Team geschlechter*gerecht und die <a href=\"https:\/\/www.fu-berlin.de\/sites\/diversity\/index.html\" target=\"_blank\" rel=\"noreferrer noopener\">Stabsstelle Diversity und Antidiskriminierung<\/a> der  Freien Universit\u00e4t auch in diesem Jahr wieder ein klares Zeichen. In verschiedenen Veranstaltungen machen sie auf das Thema sexualisierte \u00dcbergriffe und geschlechtsspezifische Gewalt an Hochschulen aufmerksam und zeigen Solidarit\u00e4t mit Betroffenen.<\/p>\n\n\n\n<p class=\"has-medium-font-size\">Workshops<\/p>\n\n\n\n<p>Auf dem Programm stehen Workshops f\u00fcr Studierende in deutscher und englischer Sprache zu kritischer M\u00e4nnlichkeit und Empowerment-Workshops zu feministischer Selbstbehauptung und Selbstverteidigung. Ein Workshop zu geschlechtlicher Vielfalt im Arbeitsalltag l\u00e4dt Lehrende und Besch\u00e4ftigte der FU zur Teilnahme ein.<\/p>\n\n\n\n<p class=\"has-medium-font-size\">Wunschbox<\/p>\n\n\n\n<p>Hier ist das Publikum \u2013 Teilnehmer*innen wie Interessierte \u2013 gefragt: Was w\u00fcnschen Sie sich? Wie soll mit Meldungen von sexualisierter Bel\u00e4stigung, Diskriminierung und Gewalt und anderen Diskriminierungs- und Gewaltformen an der Freien Universit\u00e4ten umgegangen werden?<br>F\u00fcr Ihre W\u00fcnsche und Anregungen steht ab sofort eine <a href=\"https:\/\/ssl2.cms.fu-berlin.de\/fu-berlin\/sites\/nein-heisst-nein\/Anti-Gewalt-Aktionstage\/Anmeldungsformulare\/PM-Wunschbox\" target=\"_blank\" rel=\"noreferrer noopener\">digitale Wunschbox <\/a>bereit. \u00dcber dieses Medium k\u00f6nnen Sie \u2013 anonym und vertraulich \u2013 Ihre W\u00fcnsche an die zentrale Ansprechperson bei SBDG \u00fcbermitteln.<\/p>\n\n\n\n<p class=\"has-medium-font-size\">Podiumsdiskussion<\/p>\n\n\n\n<p>Wissenschaftler*innen, Expert*innen und Frauen- und Gleichstellungsbeauftragte der Freien Universit\u00e4t diskutieren \u00fcber sexualisierte Bel\u00e4stigung, Diskriminierung und Gewalt im Hochschulkontext. Die Schwerpunkte der <a href=\"https:\/\/www.fu-berlin.de\/sites\/frauenbeauftragte\/termine\/2024\/20241125-podiumsdikussion-tag-gegen-sexualisierte-gewalt.html\" target=\"_blank\" rel=\"noreferrer noopener\">Podiumsdiskussion<\/a> am 25. November 2024 liegen auf Pr\u00e4vention, Intervention, Beratung und Forschung. Zudem werden hochschulpolitische Ma\u00dfnahmen und Verantwortlichkeiten im Falle von \u00dcbergriffen aufgezeigt. Im Anschluss an die Podiumsdiskussion bieten die Podiumsreferent*innen und weitere Personen, die sich an der FU mit SBDG besch\u00e4ftigen, Thementische zum direkten Austausch und f\u00fcr pers\u00f6nliche Gespr\u00e4che an.<\/p>\n\n\n\n<p class=\"has-medium-font-size\">Programm und Anmeldung<\/p>\n\n\n\n<p>Die Veranstalter*innen legen besonderen Wert darauf, f\u00fcr bestimmte Ziel- und Personengruppen Workshops und gesch\u00fctzte R\u00e4ume anzubieten. Deshalb melden Sie sich bitte nur an, wenn Sie sich zu der in der Workshop-Beschreibung ausgewiesenen Zielgruppe z\u00e4hlen.<br>Das vollst\u00e4ndige Programm und die Anmeldemodalit\u00e4ten finden Sie&nbsp;<a rel=\"noreferrer noopener\" href=\"https:\/\/www.fu-berlin.de\/sites\/nein-heisst-nein\/Termine-SBDG\/Termine-25N-2024\" target=\"_blank\">hier<\/a>.<\/p>\n\n\n\n<ul class=\"wp-block-list\"><li>12.11.2024 | 14:00-16:00: <br><a rel=\"noreferrer noopener\" href=\"https:\/\/www.fu-berlin.de\/sites\/nein-heisst-nein\/Termine-SBDG\/Termine-25N-2024\/20241112_Kritische-Maennlichkeit-DE.html\" target=\"_blank\">Moderierter Dialog &#8222;Kritische M\u00e4nnlichkeit oder Kritik an M\u00e4nnlichkeit?&#8220;<\/a><\/li><li>14.11.2024 | 10:00-17:00 <br><a rel=\"noreferrer noopener\" href=\"https:\/\/www.fu-berlin.de\/sites\/diversity\/termine\/2024\/Veranstaltungen-DIV\/20241114-Workshop-geschlechtlicher-Vielfalt-begegnen-Lehrende-Beschaeftigte.html\" target=\"_blank\">Workshop f\u00fcr Lehrende und Besch\u00e4ftigte: \u201eGeschlechtlicher Vielfalt im Arbeitsalltag kompetent und wertsch\u00e4tzend begegnen\u201c<\/a> <\/li><li>15.11.2024 | 10:00-17:00<br><a rel=\"noreferrer noopener\" href=\"https:\/\/www.fu-berlin.de\/sites\/diversity\/termine\/2024\/Veranstaltungen-DIV\/20241115-Empowerment-Workshop-queere-Studierende.html\" target=\"_blank\">Empowerment-Workshop f\u00fcr queere Studierende<\/a><\/li><li>18.11.2024 | 14:00-18:00 <br><a rel=\"noreferrer noopener\" href=\"https:\/\/www.fu-berlin.de\/sites\/nein-heisst-nein\/Termine-SBDG\/Termine-25N-2024\/20241118_Empowermentworkshop-Deeskalationstraining-DE.html\" target=\"_blank\">Workshop &#8222;Empowerment durch feministische Selbstbehauptung und Selbstverteidigung&#8220;<\/a> <\/li><li>19.11.2024 | 14:00-18:00<br><a rel=\"noreferrer noopener\" href=\"https:\/\/www.fu-berlin.de\/sites\/nein-heisst-nein\/Termine-SBDG\/Termine-25N-2024\/20241119_Empowermentworkshop-Deeskalationstraining-EN.html\" target=\"_blank\">Workshop &#8222;Empowerment through feminist self-assertion and self-defense&#8220;<\/a><\/li><li>25.11.2024 | 10:00-12:00<br><a href=\"https:\/\/www.fu-berlin.de\/sites\/frauenbeauftragte\/termine\/2024\/20241125-podiumsdikussion-tag-gegen-sexualisierte-gewalt.html\" target=\"_blank\" rel=\"noreferrer noopener\">Podiumsdiskussion &#8222;Sexualisierte Bel\u00e4stigung, Diskriminierung und Gewalt an Hochschulen&#8220;<\/a><\/li><li>25.11.2024 | 14:00-16:00<br><a rel=\"noreferrer noopener\" href=\"https:\/\/www.fu-berlin.de\/sites\/nein-heisst-nein\/Termine-SBDG\/Termine-25N-2024\/20241125_Kritische-Maennlichkeit-EN.html\" target=\"_blank\">Moderated Discussion &#8222;Critical Masculinity or Criticisms of Masculinity?<\/a>&#8222;<\/li><\/ul>\n\n\n\n<p>An den Veranstaltungen kann im Rahmen der Arbeitszeit teilgenommen werden, sofern keine dienstlichen Gr\u00fcnde entgegenstehen.<\/p>\n\n\n\n<p class=\"has-medium-font-size\">Kontakt und weitere Informationen<\/p>\n\n\n\n<ul class=\"wp-block-list\"><li>Wendy Stollberg und Varvara Mironova: <a href=\"mailto:november25@campus.fu-berlin.de\" target=\"_blank\" rel=\"noreferrer noopener\">november25@campus.fu-berlin.de<\/a><\/li><\/ul>\n\n\n\n<ul class=\"wp-block-list\"><li>Die Webseite <a href=\"https:\/\/www.fu-berlin.de\/sites\/nein-heisst-nein\/index.html\" target=\"_blank\" rel=\"noreferrer noopener\">Nein hei\u00dft Nein <\/a>informiert dar\u00fcber, was sexualisierte Bel\u00e4stigung, Diskriminierung und Gewalt (SBDG) bezeichnet, gibt erste Hilfestellungen f\u00fcr eine gelingende Pr\u00e4vention. Dar\u00fcber hinaus finden Sie auf dieser Seite <a href=\"https:\/\/www.fu-berlin.de\/sites\/nein-heisst-nein\/NEU_Anlaufstellen\/index.html\" target=\"_blank\" rel=\"noreferrer noopener\">Anlaufstellen<\/a> und Beratungsangebote f\u00fcr Betroffene.<\/li><\/ul>\n\n\n\n<hr class=\"wp-block-separator has-alpha-channel-opacity\" \/>\n\n\n\n<p class=\"has-medium-font-size\">Angebote anderer Hochschulen<\/p>\n\n\n\n<p>Einen \u00dcberblick \u00fcber das <a href=\"https:\/\/www.lakof-berlin.de\/publikationen\/lakof_list_aktionen-hochschule_241024.pdf\" target=\"_blank\" rel=\"noreferrer noopener\">Angebot anderer Berliner Hochschulen<\/a> anl\u00e4sslich des Internationalen Tages zur Beseitigung von Gewalt gegen Frauen gibt die Landeskonferenz der Frauen- und Gleichstellungsbeauftragten an Berliner Hochschulen.<a id=\"_msocom_1\"><\/a><\/p>\n\n\n\n<p><a id=\"_msocom_1\"><\/a><\/p>\n\n\n\n<p>&nbsp;<\/p>\n","protected":false},"excerpt":{"rendered":"<p>12.\u201325. November 2024 \u2013 Der Internationale Tag zur Beseitigung von Gewalt gegen Frauen wird j\u00e4hrlich am 25.11. begangen. An der Freien Universit\u00e4t finden rund um dieses Datum verschiedene Veranstaltungen statt. Sie stehen unter dem Motto \u201eF\u00fcr die Hochschule! Gegen sexualisierte Bel\u00e4stigung, Diskriminierung und Gewalt\u201c und richten sich vor allem an Studierende, aber auch an andere &hellip; <a href=\"https:\/\/blogs.fu-berlin.de\/frauenbeauftragte\/2024\/11\/01\/aktionstage-gegen-sexualisierte-uebergriffe\/\" class=\"more-link\"><span class=\"screen-reader-text\">\u201eAktionstage gegen sexualisierte \u00dcbergriffe\u201c<\/span> weiterlesen<\/a><\/p>\n","protected":false},"author":6410,"featured_media":9688,"comment_status":"open","ping_status":"open","sticky":false,"template":"","format":"standard","meta":{"footnotes":""},"categories":[428608],"tags":[433140,215230,433967,90487,437425],"class_list":["post-9664","post","type-post","status-publish","format-standard","has-post-thumbnail","hentry","category-informiert","tag-sbdg","tag-gewalt","tag-nomeansno","tag-diskriminierung","tag-belaestigung"],"_links":{"self":[{"href":"https:\/\/blogs.fu-berlin.de\/frauenbeauftragte\/wp-json\/wp\/v2\/posts\/9664","targetHints":{"allow":["GET"]}}],"collection":[{"href":"https:\/\/blogs.fu-berlin.de\/frauenbeauftragte\/wp-json\/wp\/v2\/posts"}],"about":[{"href":"https:\/\/blogs.fu-berlin.de\/frauenbeauftragte\/wp-json\/wp\/v2\/types\/post"}],"author":[{"embeddable":true,"href":"https:\/\/blogs.fu-berlin.de\/frauenbeauftragte\/wp-json\/wp\/v2\/users\/6410"}],"replies":[{"embeddable":true,"href":"https:\/\/blogs.fu-berlin.de\/frauenbeauftragte\/wp-json\/wp\/v2\/comments?post=9664"}],"version-history":[{"count":35,"href":"https:\/\/blogs.fu-berlin.de\/frauenbeauftragte\/wp-json\/wp\/v2\/posts\/9664\/revisions"}],"predecessor-version":[{"id":10545,"href":"https:\/\/blogs.fu-berlin.de\/frauenbeauftragte\/wp-json\/wp\/v2\/posts\/9664\/revisions\/10545"}],"wp:featuredmedia":[{"embeddable":true,"href":"https:\/\/blogs.fu-berlin.de\/frauenbeauftragte\/wp-json\/wp\/v2\/media\/9688"}],"wp:attachment":[{"href":"https:\/\/blogs.fu-berlin.de\/frauenbeauftragte\/wp-json\/wp\/v2\/media?parent=9664"}],"wp:term":[{"taxonomy":"category","embeddable":true,"href":"https:\/\/blogs.fu-berlin.de\/frauenbeauftragte\/wp-json\/wp\/v2\/categories?post=9664"},{"taxonomy":"post_tag","embeddable":true,"href":"https:\/\/blogs.fu-berlin.de\/frauenbeauftragte\/wp-json\/wp\/v2\/tags?post=9664"}],"curies":[{"name":"wp","href":"https:\/\/api.w.org\/{rel}","templated":true}]}}