{"id":9774,"date":"2024-12-19T12:00:00","date_gmt":"2024-12-19T11:00:00","guid":{"rendered":"https:\/\/blogs.fu-berlin.de\/frauenbeauftragte\/?p=9774"},"modified":"2025-06-23T18:35:31","modified_gmt":"2025-06-23T16:35:31","slug":"ich-wunsche-mir-vertraulichkeit","status":"publish","type":"post","link":"https:\/\/blogs.fu-berlin.de\/frauenbeauftragte\/2024\/12\/19\/ich-wunsche-mir-vertraulichkeit\/","title":{"rendered":"&#8222;Ich w\u00fcnsche mir Vertraulichkeit&#8220;"},"content":{"rendered":"\n<div class=\"wp-block-media-text alignwide is-stacked-on-mobile\"><figure class=\"wp-block-media-text__media\"><img loading=\"lazy\" decoding=\"async\" width=\"1024\" height=\"768\" src=\"https:\/\/blogs.fu-berlin.de\/frauenbeauftragte\/files\/2025\/03\/25-11-24_Blog-2-1024x768.png\" alt=\"\" class=\"wp-image-10258 size-full\" srcset=\"https:\/\/blogs.fu-berlin.de\/frauenbeauftragte\/files\/2025\/03\/25-11-24_Blog-2-1024x768.png 1024w, https:\/\/blogs.fu-berlin.de\/frauenbeauftragte\/files\/2025\/03\/25-11-24_Blog-2-300x225.png 300w, https:\/\/blogs.fu-berlin.de\/frauenbeauftragte\/files\/2025\/03\/25-11-24_Blog-2-768x576.png 768w, https:\/\/blogs.fu-berlin.de\/frauenbeauftragte\/files\/2025\/03\/25-11-24_Blog-2-1536x1152.png 1536w, https:\/\/blogs.fu-berlin.de\/frauenbeauftragte\/files\/2025\/03\/25-11-24_Blog-2-1200x900.png 1200w, https:\/\/blogs.fu-berlin.de\/frauenbeauftragte\/files\/2025\/03\/25-11-24_Blog-2.png 2000w\" sizes=\"auto, (max-width: 709px) 85vw, (max-width: 909px) 67vw, (max-width: 1362px) 62vw, 840px\" \/><\/figure><div class=\"wp-block-media-text__content\">\n<p>Das Beratungsangebot bei sexualisierten \u00dcbergriffen an der Freien Universit\u00e4t soll und muss  vertraulich und niedrigschwellig sein. So steht es auf den Wunschzetteln von Studierenden und Besch\u00e4ftigten, die das Team geschlechter*gerecht seit November 2024 in einer Wunschbox sammelt, um zu erfahren, welche Voraussetzungen erf\u00fcllt sein m\u00fcssen, damit Betroffene Beratung in Anspruch nehmen.<\/p>\n\n\n\n<!--more-->\n<\/div><\/div>\n\n\n\n<p>Ein Drittel aller Studierenden und Mitarbeitenden erf\u00e4hrt an Hochschulen sexualisierte Bel\u00e4stigung. Zu diesem Ergebnis kommt das EU-Forschungsprojekt <a href=\"https:\/\/www.gesis.org\/cews\/drittmittelprojekte\/aktuelle-projekte\/unisafe\" target=\"_blank\" rel=\"noreferrer noopener\">UniSAFE<\/a>, das an \u00fcber 46 Hochschulen und Forschungseinrichtungen in Europa eine Umfrage zu geschlechtsspezifischer Gewalt in der Wissenschaft \u2013 und deren Konsequenzen \u2013 durchgef\u00fchrt hat.<\/p>\n\n\n\n<p>Was w\u00fcnschen sich Studierende und Mitarbeitende, die sexualisiertes und diskriminierendes Fehlverhalten an der Freien Universit\u00e4t erlebt oder beobachtet haben? Welche Voraussetzungen m\u00fcssen f\u00fcr sie erf\u00fcllt sein, damit sie sich nach einem \u00dcbergriff bei einer Anlaufstelle melden? Wie soll mit Meldungen von sexualisierter Bel\u00e4stigung, Diskriminierung und Gewalt (SBDG) und anderen Diskriminierungs- und Gewaltformen an der FU umgegangen werden? Um diese Fragen zu sammeln steht f\u00fcr FU-Mitglieder eine <a rel=\"noreferrer noopener\" href=\"https:\/\/www.fu-berlin.de\/sites\/nein-heisst-nein\/Aktuelles\/20241211_Wunschbox.html\" target=\"_blank\">digitale Wunschbox<\/a><a rel=\"noreferrer noopener\" href=\"https:\/\/ssl2.cms.fu-berlin.de\/fu-berlin\/sites\/nein-heisst-nein\/Anti-Gewalt-Aktionstage\/Anmeldungsformulare\/PM-Wunschbox\" target=\"_blank\">&nbsp;<\/a>bereit. \u00dcber dieses Medium k\u00f6nnen sie \u2013 anonym und vertraulich \u2013 W\u00fcnsche und Anregungen an die <a rel=\"noreferrer noopener\" href=\"https:\/\/www.fu-berlin.de\/sites\/frauenbeauftragte\/ueber-uns\/team\/referentinnen\/wendy-stollberg.html\" target=\"_blank\">zentrale Ansprechperson der FU bei sexualisierter Bel\u00e4stigung, Diskriminierung und Gewalt<\/a>, Wendy Stollberg, \u00fcbermitteln.<\/p>\n\n\n\n<blockquote class=\"wp-block-quote is-layout-flow wp-block-quote-is-layout-flow\"><p><strong>\u201eF\u00fcr die Hochschule! Gegen sexualisierte Bel\u00e4stigung, Diskriminierung und Gewalt\u201c<\/strong><\/p><cite><strong>Motto der Anti-Gewalt-Aktionstage 2024<\/strong><\/cite><\/blockquote>\n\n\n\n<p>Die Idee zur Wunschbox &nbsp;entstand bei den Vorbereitungen zu den <a rel=\"noreferrer noopener\" href=\"https:\/\/www.fu-berlin.de\/sites\/nein-heisst-nein\/Anti-Gewalt-Aktionstage\/Aktionstage-2024\/index.html\" target=\"_blank\">Anti-Gewalt-Aktionstagen<\/a>, die das Team geschlechter*gerecht regelm\u00e4\u00dfig rund um den 25. November, dem Internationalen Tag zur Beseitigung von Gewalt gegen Frauen, veranstaltet. \u201eF\u00fcr die Hochschule! Gegen sexualisierte Bel\u00e4stigung, Diskriminierung und Gewalt\u201c lautete das diesj\u00e4hrige Motto. Vor den Aktionstagen wurde die Wunschbox \u2013 analog und digital \u2013 bereits beim ersten <a rel=\"noreferrer noopener\" href=\"https:\/\/www.fu-berlin.de\/sites\/nein-heisst-nein\/Aktuelles\/20241029_Gesundheitstag.html\" target=\"_blank\">Gesundheitstag der FU f\u00fcr Studierende<\/a> am 6. November 2024 ge\u00f6ffnet. Am Infostand des Teams geschlechter*gerecht zeigten sich viele Besucher*innen interessiert am Thema Beratung und Unterst\u00fctzung bei sexualisierter Bel\u00e4stigung und nutzten \u2013 sichtlich dankbar \u2013 die Gelegenheit zum Gespr\u00e4ch mit Wendy Stollberg und ihren Teamkolleginnen.<\/p>\n\n\n\n<blockquote class=\"wp-block-quote is-layout-flow wp-block-quote-is-layout-flow\"><p><strong>\u201eIch w\u00fcnsche mir empathische Mitarbeitende, die mich ernst nehmen und respektieren\u201c&nbsp;<\/strong><\/p><cite>anonymer Wunschzettel<\/cite><\/blockquote>\n\n\n\n<p>Auf den Wunschzetteln von Studierenden und auch Besch\u00e4ftigten stehen \u201evertrauensvoller Umgang und vertrauensvolle Umgebung\u201c und der Wunsch nach mehr Personen am Fachbereich \u2013 bzw. an der Uni insgesamt \u2013, \u201edenen man sich anvertrauen kann\u201c. Wichtig finden sie ein niedrigschwelliges Beratungsangebot \u201eauch bei der Terminvergabe\u201c, und sie w\u00fcnschen sich mehr Information und Pr\u00e4senz von Ansprechpersonen, zum Beispiel bei Einf\u00fchrungsveranstaltungen: \u201eIch w\u00fcnsche mir, die Ansprechpersonen einmal gesehen zu haben: I need to know the faces\u201c, schreibt eine Studentin. Auch sollte es an der FU mehr Angebote zu kritischer M\u00e4nnlichkeit geben, die M\u00e4nner \u201ef\u00fcr das Thema und die Situation von Betroffenen sensibilisieren\u201c.<\/p>\n\n\n\n<blockquote class=\"wp-block-quote is-layout-flow wp-block-quote-is-layout-flow\"><p>&#8222;Als Ansprechperson m\u00f6chte ich meine Arbeit an den W\u00fcnschen und Bed\u00fcrfnissen der Betroffenen ausrichten&#8220;<\/p><cite>Wendy Stollberg, zentrale Ansprechperson der Freien Universit\u00e4t bei SBDG<\/cite><\/blockquote>\n\n\n\n<p>Der dringendste Wunsch von Betroffenen, n\u00e4mlich dem nach Vertraulichkeit und Anonymit\u00e4t, wird von den meisten Anlaufstellen erf\u00fcllt, ihre Mitarbeiter*innen bieten vertrauliche \u2013 und wenn gew\u00fcnscht \u2013 anonyme Kontaktaufnahme und Beratung an. \u201eAls Ansprechperson m\u00f6chte ich wissen\u201c, sagt Wendy Stollberg, \u201ewas sich Studierende und andere FU-Mitglieder im Umgang mit Meldungen von sexualisierter Bel\u00e4stigung, Diskriminierung und Gewalt w\u00fcnschen, und meine Arbeit daran ausrichten.\u201c<\/p>\n\n\n\n<p>Die eingegangenen W\u00fcnsche der Studierenden und Mitarbeitenden sollen kurz- und langfristig erf\u00fcllt, ihre Anregungen und Kritik aufgenommen werden. Der Bedarf an Beratung und Unterst\u00fctzung soll in gew\u00fcnschter Form die bereits etablierte Arbeit und Beratung zu sexualisierter Bel\u00e4stigung, Diskriminierung und Gewalt (SBDG) an der FU erg\u00e4nzen und unterschiedlichste Perspektiven ber\u00fccksichtigen. <\/p>\n\n\n\n<p>\u201eMit der Wunschbox m\u00f6chten wir auch die studentische Perspektive auf das Problem SBDG einnehmen\u201c, betont Varvara Mironova, Mitarbeiterin des Teams geschlechter*gerecht im Bereich SBDG und FU-Studentin. <\/p>\n\n\n\n<blockquote class=\"wp-block-quote is-layout-flow wp-block-quote-is-layout-flow\"><p><strong>\u201eWir w\u00fcnschen uns mehr Austausch mit Studierenden\u201c<\/strong><\/p><cite><strong>Varvara Mironova<\/strong>, Mitarbeiterin im Bereich SBDG<\/cite><\/blockquote>\n\n\n<div class=\"wp-block-image\">\n<figure class=\"alignright size-medium is-resized\"><img loading=\"lazy\" decoding=\"async\" src=\"https:\/\/blogs.fu-berlin.de\/frauenbeauftragte\/files\/2024\/12\/Varvara-Foto-beschnitten.mv_-300x284.png\" alt=\"\" class=\"wp-image-9913\" width=\"225\" height=\"213\" srcset=\"https:\/\/blogs.fu-berlin.de\/frauenbeauftragte\/files\/2024\/12\/Varvara-Foto-beschnitten.mv_-300x284.png 300w, https:\/\/blogs.fu-berlin.de\/frauenbeauftragte\/files\/2024\/12\/Varvara-Foto-beschnitten.mv_.png 327w\" sizes=\"auto, (max-width: 225px) 85vw, 225px\" \/><figcaption>Varvara Mironova, Foto: Gunnar Bernsk\u00f6tter<\/figcaption><\/figure><\/div>\n\n\n<p class=\"is-style-plain\">\u201eWie k\u00f6nnen wir die Beratung niedrigschwelliger gestalten? Wie vermitteln wir am besten die Informationen \u00fcber unsere Angebote, insbesondere an neue FU-Studierende?\u201c Um diese Fragen zu kl\u00e4ren, \u201ew\u00fcnschen wir uns mehr Austausch\u201c, sagt sie.<\/p>\n\n\n\n<p>Mit dem Angebot der Wunschbox geht an alle FU-Mitglieder die Frage \u201eHast du Lust und Energie, dich einzubringen und Ma\u00dfnahmen bei SBDG und gegen andere Formen von Diskriminierung und Gewalt an der FU mitzugestalten und auf den Weg zu bringen?\u201c  F\u00fcr Personen, die diese Frage bejahen und sich r\u00fcckgemeldet haben, bereiten Wendy Stollberg und <a rel=\"noreferrer noopener\" href=\"https:\/\/www.fu-berlin.de\/sites\/diversity\/kontakt\/index.html\" target=\"_blank\">Anita Orkiszewska<\/a>, Verantwortliche f\u00fcr Pr\u00e4vention von Diskriminierungen in der Stabsstelle Diversity und Antidiskriminierung, ein Treffen vor, das zur Beteiligung und Vernetzung sowie zur Auswertung und Umsetzung der eingereichten Wunschzettel einl\u00e4dt.  <\/p>\n\n\n<div class=\"wp-block-image\">\n<figure class=\"aligncenter size-large is-resized\"><img loading=\"lazy\" decoding=\"async\" src=\"https:\/\/blogs.fu-berlin.de\/frauenbeauftragte\/files\/2024\/12\/Wendy-Anita-Foto-final-1024x485.png\" alt=\"\" class=\"wp-image-9882\" width=\"512\" height=\"243\" srcset=\"https:\/\/blogs.fu-berlin.de\/frauenbeauftragte\/files\/2024\/12\/Wendy-Anita-Foto-final-1024x485.png 1024w, https:\/\/blogs.fu-berlin.de\/frauenbeauftragte\/files\/2024\/12\/Wendy-Anita-Foto-final-300x142.png 300w, https:\/\/blogs.fu-berlin.de\/frauenbeauftragte\/files\/2024\/12\/Wendy-Anita-Foto-final-768x364.png 768w, https:\/\/blogs.fu-berlin.de\/frauenbeauftragte\/files\/2024\/12\/Wendy-Anita-Foto-final-1536x728.png 1536w, https:\/\/blogs.fu-berlin.de\/frauenbeauftragte\/files\/2024\/12\/Wendy-Anita-Foto-final-1200x569.png 1200w, https:\/\/blogs.fu-berlin.de\/frauenbeauftragte\/files\/2024\/12\/Wendy-Anita-Foto-final.png 2042w\" sizes=\"auto, (max-width: 512px) 85vw, 512px\" \/><figcaption>&#8222;I need to know their faces&#8220;: Anita Orkiszewska und Wendy Stollberg (re.), Fotos: Michael Setzpfandt, Christian Demarco <\/figcaption><\/figure><\/div>\n\n\n<p>Letztendlich bieten die eingegangenen W\u00fcnsche all den Personen Orientierung, die an der Freien Universit\u00e4t Betroffene unterst\u00fctzen und im Bereich sexualisierte Bel\u00e4stigung, Diskriminierung und Gewalt arbeiten. <\/p>\n\n\n\n<blockquote class=\"wp-block-quote is-layout-flow wp-block-quote-is-layout-flow\"><p><strong>\u201eDas Thema muss auf Leitungsebene ernst genommen werden\u201c<\/strong><\/p><cite>anonymer Wunschzettel<\/cite><\/blockquote>\n\n\n\n<p>F\u00fcr die Hochschule und ihr Engagement gegen SBDG gilt es, pr\u00e4ventive Ma\u00dfnahmen weiter auszubauen, Betroffene, die mit sexualisierten \u00dcbergriffen konfrontiert sind und diese melden, zu sch\u00fctzen, ihrer Stigmatisierung vorzubeugen, ein geregeltes Beschwerdeverfahren zu etablieren und Konsequenzen bei sexualisiertem und diskriminiertem Fehlverhalten deutlich zu kommunizieren.<\/p>\n\n\n\n<hr class=\"wp-block-separator has-alpha-channel-opacity\" \/>\n\n\n\n<p>Die digitale Wunschbox bleibt ge\u00f6ffnet, <a href=\"https:\/\/ssl2.cms.fu-berlin.de\/fu-berlin\/sites\/nein-heisst-nein\/Anti-Gewalt-Aktionstage\/Anmeldungsformulare\/PM-Wunschbox\" target=\"_blank\" rel=\"noreferrer noopener\">hier<\/a> k\u00f6nnen Sie Ihre W\u00fcnsche und Anregungen \u00fcbermitteln. Eine Nennung Ihres Namens ist nicht erforderlich.<\/p>\n\n\n\n<hr class=\"wp-block-separator has-alpha-channel-opacity\" \/>\n\n\n\n<p><strong>Wo finden Betroffene Informationen und Hilfe?<\/strong><\/p>\n\n\n<div class=\"wp-block-image\">\n<figure class=\"alignright\"><img loading=\"lazy\" decoding=\"async\" width=\"300\" height=\"200\" src=\"https:\/\/blogs.fu-berlin.de\/frauenbeauftragte\/files\/2021\/10\/SDGB_Blog_Teaser-300x200.png\" alt=\"\" class=\"wp-image-336\" srcset=\"https:\/\/blogs.fu-berlin.de\/frauenbeauftragte\/files\/2021\/10\/SDGB_Blog_Teaser-300x200.png 300w, https:\/\/blogs.fu-berlin.de\/frauenbeauftragte\/files\/2021\/10\/SDGB_Blog_Teaser-1024x683.png 1024w, https:\/\/blogs.fu-berlin.de\/frauenbeauftragte\/files\/2021\/10\/SDGB_Blog_Teaser-768x512.png 768w, https:\/\/blogs.fu-berlin.de\/frauenbeauftragte\/files\/2021\/10\/SDGB_Blog_Teaser.png 1200w\" sizes=\"auto, (max-width: 300px) 85vw, 300px\" \/><\/figure><\/div>\n\n\n<p>Wenn Sie von sexualisierter Bel\u00e4stigung, Diskriminierung und Gewalt (SBDG) betroffen sind oder grenz\u00fcberschreitendes Verhalten beobachtet haben, bieten Ihnen FU-interne und externe Anlaufstellen Beratung und Unterst\u00fctzung an:<\/p>\n\n\n\n<ul class=\"wp-block-list\"><li><a rel=\"noreferrer noopener\" href=\"mailto:Zentrale%20Ansprechperson%20bei%20SBDG\" target=\"_blank\">Zentrale Ansprechperson bei SBDG<\/a>&nbsp;per E-Mail:&nbsp;<a rel=\"noreferrer noopener\" href=\"mailto:no-means-no@fu-berlin.de\" target=\"_blank\">no-means-no@fu-berlin.de<\/a>; per Telefon: 030 838 54970<\/li><li><a rel=\"noreferrer noopener\" href=\"https:\/\/www.fu-berlin.de\/sites\/frauenbeauftragte\/ueber-uns\/dfgb\/index.html\" target=\"_blank\">Frauen- und Gleichstellungsbeauftragte<\/a>&nbsp;an den Fachbereichen, Zentralinstituten und Zentraleinrichtungen<\/li><li>Weitere Anlaufstellen finden Sie auf der&nbsp;<a rel=\"noreferrer noopener\" href=\"https:\/\/www.fu-berlin.de\/sites\/nein-heisst-nein\/index.html\" target=\"_blank\">NEIN HEISST NEIN<\/a>&nbsp;Webseite<\/li><\/ul>\n\n\n\n<p><strong>Blog-Serie zu sexualisierter Bel\u00e4stigung, Diskriminierung und Gewalt<\/strong><\/p>\n\n\n\n<p>Am <a rel=\"noreferrer noopener\" href=\"https:\/\/www.fu-berlin.de\/sites\/nein-heisst-nein\/Anti-Gewalt-Aktionstage\/index.html\" target=\"_blank\">Internationalen Tag zur Beseitigung von Gewalt gegen Frauen<\/a>&nbsp;startete das Team geschlechter*gerecht eine Blogserie zu SBDG. \u00dcber j\u00e4hrliche Aktionstage hinaus berichten Wissenschaftler*innen, Gleichstellungsakteur*innen und Expert*innen aus Forschung und Praxis zum Thema sexualisierte Bel\u00e4stigung, Diskriminierung und Gewalt. Bisher erschienen ist ein Interview mit<strong> <\/strong>Dr. Sarah Bellows-Blakely <a rel=\"noreferrer noopener\" href=\"https:\/\/blogs.fu-berlin.de\/frauenbeauftragte\/2024\/11\/25\/wir-muessen-das-problem-benennen\/\" target=\"_blank\">\u201eWir m\u00fcssen das Problem benennen!\u201c<\/a>.<a id=\"_msocom_1\"><\/a><\/p>\n\n\n\n<p><a id=\"_msocom_1\"><\/a><\/p>\n\n\n\n<p>&nbsp;<\/p>\n","protected":false},"excerpt":{"rendered":"<p>Das Beratungsangebot bei sexualisierten \u00dcbergriffen an der Freien Universit\u00e4t soll und muss vertraulich und niedrigschwellig sein. So steht es auf den Wunschzetteln von Studierenden und Besch\u00e4ftigten, die das Team geschlechter*gerecht seit November 2024 in einer Wunschbox sammelt, um zu erfahren, welche Voraussetzungen erf\u00fcllt sein m\u00fcssen, damit Betroffene Beratung in Anspruch nehmen.<\/p>\n","protected":false},"author":6410,"featured_media":9688,"comment_status":"open","ping_status":"open","sticky":false,"template":"","format":"standard","meta":{"footnotes":""},"categories":[603,424297],"tags":[433140,215230,433967,90487,437425],"class_list":["post-9774","post","type-post","status-publish","format-standard","has-post-thumbnail","hentry","category-vorgestellt","category-positionen","tag-sbdg","tag-gewalt","tag-nomeansno","tag-diskriminierung","tag-belaestigung"],"_links":{"self":[{"href":"https:\/\/blogs.fu-berlin.de\/frauenbeauftragte\/wp-json\/wp\/v2\/posts\/9774","targetHints":{"allow":["GET"]}}],"collection":[{"href":"https:\/\/blogs.fu-berlin.de\/frauenbeauftragte\/wp-json\/wp\/v2\/posts"}],"about":[{"href":"https:\/\/blogs.fu-berlin.de\/frauenbeauftragte\/wp-json\/wp\/v2\/types\/post"}],"author":[{"embeddable":true,"href":"https:\/\/blogs.fu-berlin.de\/frauenbeauftragte\/wp-json\/wp\/v2\/users\/6410"}],"replies":[{"embeddable":true,"href":"https:\/\/blogs.fu-berlin.de\/frauenbeauftragte\/wp-json\/wp\/v2\/comments?post=9774"}],"version-history":[{"count":49,"href":"https:\/\/blogs.fu-berlin.de\/frauenbeauftragte\/wp-json\/wp\/v2\/posts\/9774\/revisions"}],"predecessor-version":[{"id":10544,"href":"https:\/\/blogs.fu-berlin.de\/frauenbeauftragte\/wp-json\/wp\/v2\/posts\/9774\/revisions\/10544"}],"wp:featuredmedia":[{"embeddable":true,"href":"https:\/\/blogs.fu-berlin.de\/frauenbeauftragte\/wp-json\/wp\/v2\/media\/9688"}],"wp:attachment":[{"href":"https:\/\/blogs.fu-berlin.de\/frauenbeauftragte\/wp-json\/wp\/v2\/media?parent=9774"}],"wp:term":[{"taxonomy":"category","embeddable":true,"href":"https:\/\/blogs.fu-berlin.de\/frauenbeauftragte\/wp-json\/wp\/v2\/categories?post=9774"},{"taxonomy":"post_tag","embeddable":true,"href":"https:\/\/blogs.fu-berlin.de\/frauenbeauftragte\/wp-json\/wp\/v2\/tags?post=9774"}],"curies":[{"name":"wp","href":"https:\/\/api.w.org\/{rel}","templated":true}]}}