{"id":9933,"date":"2025-01-23T15:02:00","date_gmt":"2025-01-23T14:02:00","guid":{"rendered":"https:\/\/blogs.fu-berlin.de\/frauenbeauftragte\/?p=9933"},"modified":"2025-06-23T18:34:08","modified_gmt":"2025-06-23T16:34:08","slug":"weiterbildungsangebot-fuer-fuehrungskraefte","status":"publish","type":"post","link":"https:\/\/blogs.fu-berlin.de\/frauenbeauftragte\/2025\/01\/23\/weiterbildungsangebot-fuer-fuehrungskraefte\/","title":{"rendered":"Weiterbildungsangebot f\u00fcr F\u00fchrungskr\u00e4fte"},"content":{"rendered":"\n<div class=\"wp-block-media-text alignwide is-stacked-on-mobile\"><figure class=\"wp-block-media-text__media\"><img loading=\"lazy\" decoding=\"async\" width=\"1024\" height=\"768\" src=\"https:\/\/blogs.fu-berlin.de\/frauenbeauftragte\/files\/2025\/03\/25-11-24_Blog-2-1024x768.png\" alt=\"\" class=\"wp-image-10258 size-full\" srcset=\"https:\/\/blogs.fu-berlin.de\/frauenbeauftragte\/files\/2025\/03\/25-11-24_Blog-2-1024x768.png 1024w, https:\/\/blogs.fu-berlin.de\/frauenbeauftragte\/files\/2025\/03\/25-11-24_Blog-2-300x225.png 300w, https:\/\/blogs.fu-berlin.de\/frauenbeauftragte\/files\/2025\/03\/25-11-24_Blog-2-768x576.png 768w, https:\/\/blogs.fu-berlin.de\/frauenbeauftragte\/files\/2025\/03\/25-11-24_Blog-2-1536x1152.png 1536w, https:\/\/blogs.fu-berlin.de\/frauenbeauftragte\/files\/2025\/03\/25-11-24_Blog-2-1200x900.png 1200w, https:\/\/blogs.fu-berlin.de\/frauenbeauftragte\/files\/2025\/03\/25-11-24_Blog-2.png 2000w\" sizes=\"auto, (max-width: 709px) 85vw, (max-width: 909px) 67vw, (max-width: 1362px) 62vw, 840px\" \/><\/figure><div class=\"wp-block-media-text__content\">\n<p><strong>Workshop | 20. Februar 2025 | 9 &#8211; 16 Uhr<\/strong> <strong>\u2013<\/strong> Der Workshop &#8222;Sexualisierte Bel\u00e4stigung, Diskriminierung und Gewalt am Arbeitsplatz \u2013 Hintergr\u00fcnde und Handlungsr\u00e4ume&#8220; ist ein Angebot f\u00fcr F\u00fchrungskr\u00e4fte und Personen mit Personal- und Ausbildungsverantwortung. Die Teilnehmer*innen erhalten eine Einf\u00fchrung in das Thema und werden f\u00fcr den Umgang mit sexualisierten \u00dcbergriffen am Arbeitsplatz geschult.<\/p>\n\n\n\n<!--more-->\n<\/div><\/div>\n\n\n\n<p>Das Weiterbildungsangebot f\u00fchrt umfangreich und aus unterschiedlichen Perspektiven in das Thema sexualisierte Bel\u00e4stigung, Diskriminierung und Gewalt (SBDG) ein und m\u00f6chte vor allem F\u00fchrungskr\u00e4fte f\u00fcr den Umgang damit sensibilisieren und professionalisieren. <\/p>\n\n\n\n<p class=\"has-medium-font-size\">Hintergr\u00fcnde<\/p>\n\n\n\n<p>Die Teilnehmer*innen werden mit dem rechtlichen Rahmen (insbesondere <a rel=\"noreferrer noopener\" href=\"https:\/\/www.gesetze-im-internet.de\/agg\/\" target=\"_blank\">Allgemeines Gleichbehandlungsgesetz<\/a> und <a rel=\"noreferrer noopener\" href=\"https:\/\/www.fu-berlin.de\/service\/zuvdocs\/amtsblatt\/2020\/ab412020.pdf\" target=\"_blank\">Richtlinie der Freien Universit\u00e4t Berlin zum Umgang mit SBDG<\/a>) vertraut gemacht und lernen, wodurch SBDG gekennzeichnet ist, welche Formen es gibt und welche Auswirkungen dieses Fehlverhalten am Arbeitsplatz f\u00fcr die Betroffenen und f\u00fcr das gesamte Arbeitsumfeld haben kann. <\/p>\n\n\n\n<p class=\"has-medium-font-size\">Handlungsr\u00e4ume<\/p>\n\n\n\n<p>Es wird der Frage nachgegangen, was F\u00fchrungskr\u00e4fte\/Personen mit Personal- und Ausbildungsverantwortung tun k\u00f6nnen oder m\u00fcssen, wenn sie sexualisierte \u00dcbergriffe beobachten oder diese an sie herangetragen werden. Dabei wird u.a. aufgezeigt, an welche Stellen sich betroffene Personen mit ihrer Beschwerde oder ihrem Wunsch nach vertraulicher Beratung wenden und welche Unterst\u00fctzung sie erwarten k\u00f6nnen.<\/p>\n\n\n\n<p class=\"has-medium-font-size\">Zielgruppe &amp; Ziele <\/p>\n\n\n\n<p>Die Zielgruppe sind F\u00fchrungskr\u00e4fte und Personen mit Personal- und Ausbildungsverantwortung von der FU Berlin oder Kooperationseinrichtungen. Die Teilnehmer*innen k\u00f6nnen sich ein Bild von Formen, Auswirkungen und der gesellschaftlichen und rechtlichen Einordnung von SBDG machen. Sie wissen um Handlungsm\u00f6glichkeiten bei sexualisierten \u00dcbergriffen und Unterst\u00fctzungsangebote innerhalb und au\u00dferhalb der FU Berlin.<\/p>\n\n\n\n<p class=\"has-medium-font-size\">Inhalte<\/p>\n\n\n\n<ul class=\"wp-block-list\"><li>Sensibilisierung und Aufkl\u00e4rung bez\u00fcglich SBDG<\/li><li>Rechte von Besch\u00e4ftigten und Pflichten der Arbeitgeber*innen<\/li><li>Unterst\u00fctzungs- und Beschwerdestellen innerhalb und au\u00dferhalb der FU Berlin<\/li><\/ul>\n\n\n\n<p class=\"has-medium-font-size\">Methoden<\/p>\n\n\n\n<ul class=\"wp-block-list\"><li>Vortrag<\/li><li>Diskussionen<\/li><li>Selbstreflexions\u00fcbungen<\/li><\/ul>\n\n\n\n<p class=\"has-medium-font-size\">Trainerinnen<\/p>\n\n\n\n<p>Durchgef\u00fchrt wird der Workshop von <a rel=\"noreferrer noopener\" href=\"https:\/\/www.fu-berlin.de\/sites\/frauenbeauftragte\/ueber-uns\/team\/referentinnen\/wendy-stollberg.html\" target=\"_blank\">Wendy Stollberg<\/a>, zentrale Ansprechperson bei sexualisierter Bel\u00e4stigung, Diskriminierung und Gewalt, und <a rel=\"noreferrer noopener\" href=\"https:\/\/www.mvbz.fu-berlin.de\/ueber-uns\/team\/pantelmann\/index.html\" target=\"_blank\">Dr. Heike Pantelmann<\/a>, Gesch\u00e4ftsf\u00fchrerin des Margherita-von-Brentano-Zentrums (MvBZ) und Mitherausgeberin des Buches<a href=\"http:\/\/\u201eSexualisierte Bel\u00e4stigung, Diskriminierung und Gewalt im Hochschulkontext\u201c.\"> <\/a><a rel=\"noreferrer noopener\" href=\"https:\/\/link.springer.com\/book\/10.1007\/978-3-658-40467-3\" target=\"_blank\">\u201eSexualisierte Bel\u00e4stigung, Diskriminierung und Gewalt im Hochschulkontext: Herausforderungen, Umgangsweisen und Pr\u00e4vention&#8220;.<\/a> <\/p>\n\n\n\n<p class=\"has-medium-font-size\">Im \u00dcberblick<strong> <\/strong><\/p>\n\n\n\n<p>Der Workshop ist eine Kooperationsveranstaltung des Teams geschlechter*gerecht, des <a rel=\"noreferrer noopener\" href=\"https:\/\/www.mvbz.fu-berlin.de\/index.html\" target=\"_blank\">Margherita-von-Brentano-Zentrums<\/a> und des <a rel=\"noreferrer noopener\" href=\"https:\/\/www.fu-berlin.de\/sites\/weiterbildung\/index.html\" target=\"_blank\">Weiterbildungszentrums<\/a> der Freien Universit\u00e4t Berlin. <\/p>\n\n\n\n<ul class=\"wp-block-list\"><li>Donnerstag, 20.02.2025 | 9 &#8211; 16 Uhr<\/li><li><a rel=\"noreferrer noopener\" href=\"https:\/\/veranstaltung.weiterbildung.fu-berlin.de\/Veranstaltung\/cmx669903ae9a624.html\" target=\"_blank\">Anmeldung<\/a><\/li><li>Veranstaltungsort: wird mit der Kurszusage angegeben<\/li><\/ul>\n\n\n\n<hr class=\"wp-block-separator has-alpha-channel-opacity\" \/>\n\n\n\n<p>Interessierte und Hochschulmitglieder, die konkreten Schulungsbedarf an ihrem Bereich haben, wenden sich mit ihrem Anliegen bitte an: <a rel=\"noreferrer noopener\" href=\"mailto:no-means-no@fu-berlin.de\" target=\"_blank\">no-means-no@fu-berlin.de<\/a>.<\/p>\n\n\n\n<hr class=\"wp-block-separator has-alpha-channel-opacity\" \/>\n\n\n\n<p><strong>Wo finden Betroffene Informationen und Hilfe?<\/strong><\/p>\n\n\n<div class=\"wp-block-image\">\n<figure class=\"alignright size-medium\"><img loading=\"lazy\" decoding=\"async\" width=\"300\" height=\"200\" src=\"https:\/\/blogs.fu-berlin.de\/frauenbeauftragte\/files\/2022\/11\/Blogbild2.Format-300x200.png\" alt=\"\" class=\"wp-image-3819\" srcset=\"https:\/\/blogs.fu-berlin.de\/frauenbeauftragte\/files\/2022\/11\/Blogbild2.Format-300x200.png 300w, https:\/\/blogs.fu-berlin.de\/frauenbeauftragte\/files\/2022\/11\/Blogbild2.Format-1024x682.png 1024w, https:\/\/blogs.fu-berlin.de\/frauenbeauftragte\/files\/2022\/11\/Blogbild2.Format-768x512.png 768w, https:\/\/blogs.fu-berlin.de\/frauenbeauftragte\/files\/2022\/11\/Blogbild2.Format-1200x799.png 1200w, https:\/\/blogs.fu-berlin.de\/frauenbeauftragte\/files\/2022\/11\/Blogbild2.Format.png 1504w\" sizes=\"auto, (max-width: 300px) 85vw, 300px\" \/><\/figure><\/div>\n\n\n<p>Wenn Sie von sexualisierter Bel\u00e4stigung, Diskriminierung und Gewalt (SBDG) betroffen sind oder grenz\u00fcberschreitendes Verhalten beobachtet haben, bieten Ihnen FU-interne und externe Anlaufstellen Beratung und Unterst\u00fctzung an:<\/p>\n\n\n\n<ul class=\"wp-block-list\"><li><a rel=\"noreferrer noopener\" href=\"mailto:Zentrale%20Ansprechperson%20bei%20SBDG\" target=\"_blank\">Zentrale Ansprechperson bei SBDG<\/a>&nbsp;per E-Mail:&nbsp;<a rel=\"noreferrer noopener\" href=\"mailto:no-means-no@fu-berlin.de\" target=\"_blank\">no-means-no@fu-berlin.de<\/a>; per Telefon: 030 838 54970<\/li><li><a rel=\"noreferrer noopener\" href=\"https:\/\/www.fu-berlin.de\/sites\/frauenbeauftragte\/ueber-uns\/dfgb\/index.html\" target=\"_blank\">Frauen- und Gleichstellungsbeauftragte<\/a>&nbsp;an den Fachbereichen, Zentralinstituten und Zentraleinrichtungen<\/li><li>Weitere Anlaufstellen finden Sie auf der&nbsp;<a rel=\"noreferrer noopener\" href=\"https:\/\/www.fu-berlin.de\/sites\/nein-heisst-nein\/index.html\" target=\"_blank\">NEIN HEISST NEIN<\/a>&nbsp;Webseite<\/li><\/ul>\n\n\n\n<p><strong>Blog-Serie zu sexualisierter Bel\u00e4stigung, Diskriminierung und Gewalt<\/strong><\/p>\n\n\n\n<p>Am <a rel=\"noreferrer noopener\" href=\"https:\/\/www.fu-berlin.de\/sites\/nein-heisst-nein\/Anti-Gewalt-Aktionstage\/index.html\" target=\"_blank\">Internationalen Tag zur Beseitigung von Gewalt gegen Frauen<\/a>&nbsp;startete das Team geschlechter*gerecht eine Blogserie zu SBDG. \u00dcber j\u00e4hrliche Aktionstage hinaus berichten Wissenschaftler*innen, Gleichstellungsakteur*innen und Expert*innen aus Forschung und Praxis zum Thema sexualisierte Bel\u00e4stigung, Diskriminierung und Gewalt. Bisher erschienen sind ein Interview mit Dr. Sarah Bellows-Blakely <a rel=\"noreferrer noopener\" href=\"https:\/\/blogs.fu-berlin.de\/frauenbeauftragte\/2024\/11\/25\/wir-muessen-das-problem-benennen\/\" target=\"_blank\">\u201eWir m\u00fcssen das Problem benennen!\u201c<\/a> und der Artikel <a rel=\"noreferrer noopener\" href=\"https:\/\/blogs.fu-berlin.de\/frauenbeauftragte\/2024\/12\/19\/ich-wunsche-mir-vertraulichkeit\/\" target=\"_blank\">\u201eIch w\u00fcnsche mir Vertraulichkeit&#8220;<\/a>.<\/p>\n\n\n\n<hr class=\"wp-block-separator has-alpha-channel-opacity\" \/>\n","protected":false},"excerpt":{"rendered":"<p>Workshop | 20. Februar 2025 | 9 &#8211; 16 Uhr \u2013 Der Workshop &#8222;Sexualisierte Bel\u00e4stigung, Diskriminierung und Gewalt am Arbeitsplatz \u2013 Hintergr\u00fcnde und Handlungsr\u00e4ume&#8220; ist ein Angebot f\u00fcr F\u00fchrungskr\u00e4fte und Personen mit Personal- und Ausbildungsverantwortung. Die Teilnehmer*innen erhalten eine Einf\u00fchrung in das Thema und werden f\u00fcr den Umgang mit sexualisierten \u00dcbergriffen am Arbeitsplatz geschult.<\/p>\n","protected":false},"author":6410,"featured_media":9688,"comment_status":"open","ping_status":"open","sticky":false,"template":"","format":"standard","meta":{"footnotes":""},"categories":[428608],"tags":[433140,215230,433967,306,437425],"class_list":["post-9933","post","type-post","status-publish","format-standard","has-post-thumbnail","hentry","category-informiert","tag-sbdg","tag-gewalt","tag-nomeansno","tag-weiterbildung","tag-belaestigung"],"_links":{"self":[{"href":"https:\/\/blogs.fu-berlin.de\/frauenbeauftragte\/wp-json\/wp\/v2\/posts\/9933","targetHints":{"allow":["GET"]}}],"collection":[{"href":"https:\/\/blogs.fu-berlin.de\/frauenbeauftragte\/wp-json\/wp\/v2\/posts"}],"about":[{"href":"https:\/\/blogs.fu-berlin.de\/frauenbeauftragte\/wp-json\/wp\/v2\/types\/post"}],"author":[{"embeddable":true,"href":"https:\/\/blogs.fu-berlin.de\/frauenbeauftragte\/wp-json\/wp\/v2\/users\/6410"}],"replies":[{"embeddable":true,"href":"https:\/\/blogs.fu-berlin.de\/frauenbeauftragte\/wp-json\/wp\/v2\/comments?post=9933"}],"version-history":[{"count":19,"href":"https:\/\/blogs.fu-berlin.de\/frauenbeauftragte\/wp-json\/wp\/v2\/posts\/9933\/revisions"}],"predecessor-version":[{"id":10542,"href":"https:\/\/blogs.fu-berlin.de\/frauenbeauftragte\/wp-json\/wp\/v2\/posts\/9933\/revisions\/10542"}],"wp:featuredmedia":[{"embeddable":true,"href":"https:\/\/blogs.fu-berlin.de\/frauenbeauftragte\/wp-json\/wp\/v2\/media\/9688"}],"wp:attachment":[{"href":"https:\/\/blogs.fu-berlin.de\/frauenbeauftragte\/wp-json\/wp\/v2\/media?parent=9933"}],"wp:term":[{"taxonomy":"category","embeddable":true,"href":"https:\/\/blogs.fu-berlin.de\/frauenbeauftragte\/wp-json\/wp\/v2\/categories?post=9933"},{"taxonomy":"post_tag","embeddable":true,"href":"https:\/\/blogs.fu-berlin.de\/frauenbeauftragte\/wp-json\/wp\/v2\/tags?post=9933"}],"curies":[{"name":"wp","href":"https:\/\/api.w.org\/{rel}","templated":true}]}}