{"id":9983,"date":"2025-01-31T11:15:00","date_gmt":"2025-01-31T10:15:00","guid":{"rendered":"https:\/\/blogs.fu-berlin.de\/frauenbeauftragte\/?p=9983"},"modified":"2025-01-31T14:37:36","modified_gmt":"2025-01-31T13:37:36","slug":"interesse-gender-studies-zu-studieren","status":"publish","type":"post","link":"https:\/\/blogs.fu-berlin.de\/frauenbeauftragte\/2025\/01\/31\/interesse-gender-studies-zu-studieren\/","title":{"rendered":"Interesse, Gender Studies zu studieren?"},"content":{"rendered":"\n<div class=\"wp-block-media-text alignwide is-stacked-on-mobile\"><figure class=\"wp-block-media-text__media\"><img loading=\"lazy\" decoding=\"async\" width=\"761\" height=\"507\" src=\"https:\/\/blogs.fu-berlin.de\/frauenbeauftragte\/files\/2023\/10\/Logo_Intersec_Conference.jpg\" alt=\"\" class=\"wp-image-7022 size-full\" srcset=\"https:\/\/blogs.fu-berlin.de\/frauenbeauftragte\/files\/2023\/10\/Logo_Intersec_Conference.jpg 761w, https:\/\/blogs.fu-berlin.de\/frauenbeauftragte\/files\/2023\/10\/Logo_Intersec_Conference-300x200.jpg 300w\" sizes=\"auto, (max-width: 709px) 85vw, (max-width: 909px) 67vw, (max-width: 984px) 61vw, (max-width: 1362px) 45vw, 600px\" \/><\/figure><div class=\"wp-block-media-text__content\">\n<p><strong>Online-Informationsveranstaltung | 14.02.2025 | 14 Uhr &#8211; <\/strong>Bewerber*innen und Interessierte f\u00fcr den <a rel=\"noreferrer noopener\" href=\"https:\/\/www.ma-gip.polsoz.fu-berlin.de\/index.html\" target=\"_blank\">Masterstudiengang Gender, Intersektionalit\u00e4t und Politik<\/a> an der FU Berlin k\u00f6nnen in einer digitalen Veranstaltung einen kurzen Einblick in den Studiengang erhalten sowie alle Fragen zum Studium und zur Bewerbung kl\u00e4ren. Eine Anmeldung ist nicht erforderlich. <\/p>\n\n\n\n<!--more-->\n<\/div><\/div>\n\n\n\n<p>Am Otto-Suhr-Institut f\u00fcr Politikwissenschaft der FU Berlin sind f\u00fcr das Masterstudium im Studiengang Gender, Intersektionalit\u00e4t und Politik zum Wintersemester 2025\/26 wieder Bewerbungen m\u00f6glich. Die Studiengangsverantwortliche ist <a rel=\"noreferrer noopener\" href=\"https:\/\/www.polsoz.fu-berlin.de\/polwiss\/forschung\/grundlagen\/gender-div\/team\/Mitarbeiter-innen\/guelay_caglar\/index.html\" target=\"_blank\">Professorin G\u00fclay \u00c7a\u011flar <\/a>im Arbeitsbereich Gender and Diversity. Die Informationsveranstaltung bietet einen \u00dcberblick \u00fcber das bereite Themenspektrum des Masters. <\/p>\n\n\n\n<p>Der Master Gender, Intersektionalit\u00e4t und Politik vermittelt ein solides Fachwissen \u00fcber die strukturellen, ideellen und normativen Grundlagen der Geschlechter- und Diversit\u00e4tspolitik in verschiedenen gesellschaftlichen, institutionellen und politischen Kontexten. Vertieft werden die Theorie- und Methodenkompetenzen insbesondere im Hinblick auf die Komplexit\u00e4t der Kategorie Geschlecht in ihrem Zusammenwirken mit anderen Differenzkategorien. Das Studium bef\u00e4higt, die Kategorie Geschlecht f\u00fcr die intersektionale Analyse von politischen Prozessen, Interaktionen, Strukturen und Institutionen in transnationalen Kontexten zu operationalisieren und in der Forschungspraxis anzuwenden.<\/p>\n\n\n\n<p class=\"has-medium-font-size\">Berufsperspektiven<\/p>\n\n\n\n<p>Absolvent*innen des Masterstudiengangs Gender, Intersektionalit\u00e4t und Politik sind f\u00fcr eine wissenschaftliche Laufbahn und Promotion in der universit\u00e4ren und au\u00dferuniversit\u00e4ren Forschung qualifiziert. Weiterhin erm\u00f6glicht das Studium, in wissensbasierten Bereichen der Politik zu arbeiten sowie in \u00f6ffentlichen Verwaltungen, internationalen Organisationen, Nichtregierungsorganisationen, Politikberatung, Unternehmensberatung, Stiftungen, Verb\u00e4nde, Erwachsenenbildung und politische Bildung, Medien oder im Verlagswesen.<\/p>\n\n\n\n<p class=\"has-medium-font-size\">Online-Zugang<\/p>\n\n\n\n<p>Webex Meeting:&nbsp;<a href=\"https:\/\/fu-berlin.webex.com\/fu-berlin\/j.php?MTID=m5b8e6b73d8385c6554a7ccae9e765111\">https:\/\/fu-berlin.webex.com\/fu-berlin\/j.php?MTID=m5b8e6b73d8385c6554a7ccae9e765111<\/a>&nbsp;<br>Passwort: ma-gip<br>Kontakt: <a href=\"mailto:ma-gip@polsoz.fu-berlin.de\">ma-gip@polsoz.fu-berlin.de<\/a><\/p>\n\n\n\n<p class=\"has-medium-font-size\">Einladung<\/p>\n\n\n\n<div data-wp-interactive=\"core\/file\" class=\"wp-block-file\"><object data-wp-bind--hidden=\"!state.hasPdfPreview\" hidden class=\"wp-block-file__embed\" data=\"https:\/\/blogs.fu-berlin.de\/frauenbeauftragte\/files\/2025\/01\/Gender-Intersektionalitaet-Politik_A3_RGB_WEB_FINAL_2025-002.pdf\" type=\"application\/pdf\" style=\"width:100%;height:600px\" aria-label=\"Einbettung von Einbettung von Gender-Intersektionalitaet-Politik_A3_RGB_WEB_FINAL_2025-002..\"><\/object><a id=\"wp-block-file--media-31f5de81-9d73-418c-90be-4bf69b6e1e08\" href=\"https:\/\/blogs.fu-berlin.de\/frauenbeauftragte\/files\/2025\/01\/Gender-Intersektionalitaet-Politik_A3_RGB_WEB_FINAL_2025-002.pdf\">Gender-Intersektionalitaet-Politik_A3_RGB_WEB_FINAL_2025-002<\/a><a href=\"https:\/\/blogs.fu-berlin.de\/frauenbeauftragte\/files\/2025\/01\/Gender-Intersektionalitaet-Politik_A3_RGB_WEB_FINAL_2025-002.pdf\" class=\"wp-block-file__button\" download aria-describedby=\"wp-block-file--media-31f5de81-9d73-418c-90be-4bf69b6e1e08\">Herunterladen<\/a><\/div>\n\n\n\n<hr class=\"wp-block-separator has-alpha-channel-opacity\" \/>\n","protected":false},"excerpt":{"rendered":"<p>Online-Informationsveranstaltung | 14.02.2025 | 14 Uhr &#8211; Bewerber*innen und Interessierte f\u00fcr den Masterstudiengang Gender, Intersektionalit\u00e4t und Politik an der FU Berlin k\u00f6nnen in einer digitalen Veranstaltung einen kurzen Einblick in den Studiengang erhalten sowie alle Fragen zum Studium und zur Bewerbung kl\u00e4ren. Eine Anmeldung ist nicht erforderlich.<\/p>\n","protected":false},"author":7120,"featured_media":7023,"comment_status":"open","ping_status":"open","sticky":false,"template":"","format":"standard","meta":{"footnotes":""},"categories":[428608],"tags":[57446,303556,233545],"class_list":["post-9983","post","type-post","status-publish","format-standard","has-post-thumbnail","hentry","category-informiert","tag-geschlechterforschung","tag-intersektionalitaet","tag-studierende"],"_links":{"self":[{"href":"https:\/\/blogs.fu-berlin.de\/frauenbeauftragte\/wp-json\/wp\/v2\/posts\/9983","targetHints":{"allow":["GET"]}}],"collection":[{"href":"https:\/\/blogs.fu-berlin.de\/frauenbeauftragte\/wp-json\/wp\/v2\/posts"}],"about":[{"href":"https:\/\/blogs.fu-berlin.de\/frauenbeauftragte\/wp-json\/wp\/v2\/types\/post"}],"author":[{"embeddable":true,"href":"https:\/\/blogs.fu-berlin.de\/frauenbeauftragte\/wp-json\/wp\/v2\/users\/7120"}],"replies":[{"embeddable":true,"href":"https:\/\/blogs.fu-berlin.de\/frauenbeauftragte\/wp-json\/wp\/v2\/comments?post=9983"}],"version-history":[{"count":9,"href":"https:\/\/blogs.fu-berlin.de\/frauenbeauftragte\/wp-json\/wp\/v2\/posts\/9983\/revisions"}],"predecessor-version":[{"id":9996,"href":"https:\/\/blogs.fu-berlin.de\/frauenbeauftragte\/wp-json\/wp\/v2\/posts\/9983\/revisions\/9996"}],"wp:featuredmedia":[{"embeddable":true,"href":"https:\/\/blogs.fu-berlin.de\/frauenbeauftragte\/wp-json\/wp\/v2\/media\/7023"}],"wp:attachment":[{"href":"https:\/\/blogs.fu-berlin.de\/frauenbeauftragte\/wp-json\/wp\/v2\/media?parent=9983"}],"wp:term":[{"taxonomy":"category","embeddable":true,"href":"https:\/\/blogs.fu-berlin.de\/frauenbeauftragte\/wp-json\/wp\/v2\/categories?post=9983"},{"taxonomy":"post_tag","embeddable":true,"href":"https:\/\/blogs.fu-berlin.de\/frauenbeauftragte\/wp-json\/wp\/v2\/tags?post=9983"}],"curies":[{"name":"wp","href":"https:\/\/api.w.org\/{rel}","templated":true}]}}