{"id":9999,"date":"2025-02-14T17:36:16","date_gmt":"2025-02-14T16:36:16","guid":{"rendered":"https:\/\/blogs.fu-berlin.de\/frauenbeauftragte\/?p=9999"},"modified":"2025-02-27T12:44:47","modified_gmt":"2025-02-27T11:44:47","slug":"gewalt-gegen-frauen-misogyne-online","status":"publish","type":"post","link":"https:\/\/blogs.fu-berlin.de\/frauenbeauftragte\/2025\/02\/14\/gewalt-gegen-frauen-misogyne-online\/","title":{"rendered":"Gewalt gegen Frauen: Misogynie online"},"content":{"rendered":"\n<div class=\"wp-block-media-text alignwide is-stacked-on-mobile\"><figure class=\"wp-block-media-text__media\"><img loading=\"lazy\" decoding=\"async\" width=\"1024\" height=\"682\" src=\"https:\/\/blogs.fu-berlin.de\/frauenbeauftragte\/files\/2025\/02\/mika-baumeister-MvNahx-yrqY-unsplash_copyright-1024x682.jpg\" alt=\"\" class=\"wp-image-10004 size-full\" srcset=\"https:\/\/blogs.fu-berlin.de\/frauenbeauftragte\/files\/2025\/02\/mika-baumeister-MvNahx-yrqY-unsplash_copyright-1024x682.jpg 1024w, https:\/\/blogs.fu-berlin.de\/frauenbeauftragte\/files\/2025\/02\/mika-baumeister-MvNahx-yrqY-unsplash_copyright-300x200.jpg 300w, https:\/\/blogs.fu-berlin.de\/frauenbeauftragte\/files\/2025\/02\/mika-baumeister-MvNahx-yrqY-unsplash_copyright-768x512.jpg 768w, https:\/\/blogs.fu-berlin.de\/frauenbeauftragte\/files\/2025\/02\/mika-baumeister-MvNahx-yrqY-unsplash_copyright-1536x1024.jpg 1536w, https:\/\/blogs.fu-berlin.de\/frauenbeauftragte\/files\/2025\/02\/mika-baumeister-MvNahx-yrqY-unsplash_copyright-1200x800.jpg 1200w, https:\/\/blogs.fu-berlin.de\/frauenbeauftragte\/files\/2025\/02\/mika-baumeister-MvNahx-yrqY-unsplash_copyright.jpg 2000w\" sizes=\"auto, (max-width: 709px) 85vw, (max-width: 909px) 67vw, (max-width: 1362px) 62vw, 840px\" \/><\/figure><div class=\"wp-block-media-text__content\">\n<p><strong>Vortrag | 26. Februar 2025 | 18:00 &#8211; 20:00 Uhr<\/strong> <strong>\u2013<\/strong> G\u00fclay \u00c7a\u011flar, Professorin f\u00fcr Politikwissenschaft mit dem Schwerpunkt Gender and Diversity am Otto-Suhr-Institut f\u00fcr Politikwissenschaft, stellt in der Veranstaltung <a rel=\"noreferrer noopener\" href=\"https:\/\/www.fu-berlin.de\/kalender\/2025\/02\/20250226-gewalt-gegen-frauen.html\" target=\"_blank\">Gewalt gegen Frauen &#8211; von Beschimpfungen im Netz bis zu Hass im Alltag<\/a> der Konrad-Adenauer-Stiftung Ergebnisse des transdisziplin\u00e4ren Forschungsprojekts \u201eMisogynie online\u201c vor.<\/p>\n\n\n\n<!--more-->\n<\/div><\/div>\n\n\n\n<p>In deutschen Online-R\u00e4umen hat sich in den letzten Jahrzehnten ein wachsendes Netzwerk von Gruppierungen etabliert, die frauenfeindliche Ideologien propagieren und eine radikale Ablehnung des Feminismus sowie der liberalen Gesellschaftsordnung vertreten. Diese Str\u00f6mungen, oft unter Begriffen wie \u201eIncel\u201c, \u201ePick-Up-Artists\u201c oder \u201eMen\u2019s Rights Activists\u201c zusammengefasst, bieten eine ideologische Plattform f\u00fcr die Verbreitung von M\u00e4nnlichkeitskrisen und Gewaltphantasien.<\/p>\n\n\n\n<p>In der Pilotstudie \u201e<a rel=\"noreferrer noopener\" href=\"https:\/\/www.scripts-berlin.eu\/de\/transfer-activities\/knowledge-exchange\/Projects-Cooperations\/2025_Misogynie\/index.html\" target=\"_blank\">Mapping the GerManosphere<\/a>\u201c kartographierte das Exzellencluster SCRIPTS in Kooperation mit dem Institute for Strategic Dialogue diese Gruppierungen und ihre Netzwerke, untersuchte ihre Einfl\u00fcsse auf die digitale Gesellschaft und dokumentierte die Auswirkungen ihrer Ideologien auf Betroffene. G\u00fclay \u00c7a\u011flar, Principal Investigator des Exzellenclusters und Wissenschaftliche Leitung des Margherita-von-Brentano-Zentrums, stellt in der Veranstaltung die Ergebnisse der Pilotstudie vor. <\/p>\n\n\n\n<hr class=\"wp-block-separator has-alpha-channel-opacity\" \/>\n\n\n\n<p class=\"has-medium-font-size\">Im \u00dcberblick<strong> <\/strong><\/p>\n\n\n\n<p><strong>Gewalt gegen Frauen &#8211; von Beschimpfungen im Netz bis zu Hass im Alltag<\/strong><\/p>\n\n\n\n<p><em>Vortrag<\/em>: Prof. Dr. G\u00fclay \u00c7a\u011flar, SCRIPTS, Freie Universit\u00e4t Berlin<\/p>\n\n\n\n<p><em>Statements und Diskussion<\/em><\/p>\n\n\n\n<ul class=\"wp-block-list\"><li>Marina Hackenbroch, Stellvertretende Bundesvorsitzende des Bundes Deutscher Kriminalbeamter e.V.<\/li><li>Peggy Staffa, Leiterin des Dienstleistungszentrums und Justiziarin der Konrad-Adenauer-Stiftung<\/li><\/ul>\n\n\n\n<p><em>Zeit &amp; Ort<\/em><\/p>\n\n\n\n<ul class=\"wp-block-list\"><li>Mittwoch, 26.02.2025 | 18:00 &#8211; 20:00 Uhr<\/li><li><a rel=\"noreferrer noopener\" href=\"https:\/\/aoweb.kas.de\/KAS_VaAnmeldung\/Teilnehmerdaten.aspx?id_v=80690&amp;a_A=1\" target=\"_blank\">Anmeldung<\/a> erforderlich<\/li><li>Veranstaltungsort: Akademie der Konrad-Adenauer-Stiftung e. V. |Tiergartenstr. 35 | 10785 Berlin<\/li><li>Weitere <a href=\"https:\/\/www.kas.de\/de\/veranstaltungen\/detail\/-\/content\/gewalt-gegen-frauen-im-netz-und-in-der-realitaet\" target=\"_blank\" rel=\"noreferrer noopener\">Informationen<\/a><\/li><\/ul>\n\n\n\n<hr class=\"wp-block-separator has-alpha-channel-opacity\" \/>\n\n\n\n<p><strong>Wo finden Betroffene Informationen und Hilfe bei sexualisierter Bel\u00e4stigung und Gewalt?<\/strong><\/p>\n\n\n<div class=\"wp-block-image\">\n<figure class=\"alignright size-medium\"><img loading=\"lazy\" decoding=\"async\" width=\"300\" height=\"200\" src=\"https:\/\/blogs.fu-berlin.de\/frauenbeauftragte\/files\/2022\/11\/Blogbild2.Format-300x200.png\" alt=\"\" class=\"wp-image-3819\" srcset=\"https:\/\/blogs.fu-berlin.de\/frauenbeauftragte\/files\/2022\/11\/Blogbild2.Format-300x200.png 300w, https:\/\/blogs.fu-berlin.de\/frauenbeauftragte\/files\/2022\/11\/Blogbild2.Format-1024x682.png 1024w, https:\/\/blogs.fu-berlin.de\/frauenbeauftragte\/files\/2022\/11\/Blogbild2.Format-768x512.png 768w, https:\/\/blogs.fu-berlin.de\/frauenbeauftragte\/files\/2022\/11\/Blogbild2.Format-1200x799.png 1200w, https:\/\/blogs.fu-berlin.de\/frauenbeauftragte\/files\/2022\/11\/Blogbild2.Format.png 1504w\" sizes=\"auto, (max-width: 300px) 85vw, 300px\" \/><\/figure><\/div>\n\n\n<p>Wenn Sie von sexualisierter Bel\u00e4stigung, Diskriminierung und Gewalt (SBDG) betroffen sind oder grenz\u00fcberschreitendes Verhalten beobachtet haben, bieten Ihnen FU-interne und externe Anlaufstellen Beratung und Unterst\u00fctzung an:<\/p>\n\n\n\n<ul class=\"wp-block-list\"><li><a rel=\"noreferrer noopener\" href=\"mailto:Zentrale%20Ansprechperson%20bei%20SBDG\" target=\"_blank\">Zentrale Ansprechperson bei SBDG<\/a>&nbsp;per E-Mail:&nbsp;<a rel=\"noreferrer noopener\" href=\"mailto:no-means-no@fu-berlin.de\" target=\"_blank\">no-means-no@fu-berlin.de<\/a>; per Telefon: 030 838 54970<\/li><li><a rel=\"noreferrer noopener\" href=\"https:\/\/www.fu-berlin.de\/sites\/frauenbeauftragte\/ueber-uns\/dfgb\/index.html\" target=\"_blank\">Frauen- und Gleichstellungsbeauftragte<\/a>&nbsp;an den Fachbereichen, Zentralinstituten und Zentraleinrichtungen<\/li><li>Weitere Anlaufstellen finden Sie auf der&nbsp;<a rel=\"noreferrer noopener\" href=\"https:\/\/www.fu-berlin.de\/sites\/nein-heisst-nein\/index.html\" target=\"_blank\">NEIN HEISST NEIN<\/a>&nbsp;Webseite<\/li><\/ul>\n\n\n\n<hr class=\"wp-block-separator has-alpha-channel-opacity\" \/>\n","protected":false},"excerpt":{"rendered":"<p>Vortrag | 26. Februar 2025 | 18:00 &#8211; 20:00 Uhr \u2013 G\u00fclay \u00c7a\u011flar, Professorin f\u00fcr Politikwissenschaft mit dem Schwerpunkt Gender and Diversity am Otto-Suhr-Institut f\u00fcr Politikwissenschaft, stellt in der Veranstaltung Gewalt gegen Frauen &#8211; von Beschimpfungen im Netz bis zu Hass im Alltag der Konrad-Adenauer-Stiftung Ergebnisse des transdisziplin\u00e4ren Forschungsprojekts \u201eMisogynie online\u201c vor.<\/p>\n","protected":false},"author":3850,"featured_media":10004,"comment_status":"open","ping_status":"open","sticky":false,"template":"","format":"standard","meta":{"footnotes":""},"categories":[428608],"tags":[433140,215230,433967,57446,437425],"class_list":["post-9999","post","type-post","status-publish","format-standard","has-post-thumbnail","hentry","category-informiert","tag-sbdg","tag-gewalt","tag-nomeansno","tag-geschlechterforschung","tag-belaestigung"],"_links":{"self":[{"href":"https:\/\/blogs.fu-berlin.de\/frauenbeauftragte\/wp-json\/wp\/v2\/posts\/9999","targetHints":{"allow":["GET"]}}],"collection":[{"href":"https:\/\/blogs.fu-berlin.de\/frauenbeauftragte\/wp-json\/wp\/v2\/posts"}],"about":[{"href":"https:\/\/blogs.fu-berlin.de\/frauenbeauftragte\/wp-json\/wp\/v2\/types\/post"}],"author":[{"embeddable":true,"href":"https:\/\/blogs.fu-berlin.de\/frauenbeauftragte\/wp-json\/wp\/v2\/users\/3850"}],"replies":[{"embeddable":true,"href":"https:\/\/blogs.fu-berlin.de\/frauenbeauftragte\/wp-json\/wp\/v2\/comments?post=9999"}],"version-history":[{"count":19,"href":"https:\/\/blogs.fu-berlin.de\/frauenbeauftragte\/wp-json\/wp\/v2\/posts\/9999\/revisions"}],"predecessor-version":[{"id":10021,"href":"https:\/\/blogs.fu-berlin.de\/frauenbeauftragte\/wp-json\/wp\/v2\/posts\/9999\/revisions\/10021"}],"wp:featuredmedia":[{"embeddable":true,"href":"https:\/\/blogs.fu-berlin.de\/frauenbeauftragte\/wp-json\/wp\/v2\/media\/10004"}],"wp:attachment":[{"href":"https:\/\/blogs.fu-berlin.de\/frauenbeauftragte\/wp-json\/wp\/v2\/media?parent=9999"}],"wp:term":[{"taxonomy":"category","embeddable":true,"href":"https:\/\/blogs.fu-berlin.de\/frauenbeauftragte\/wp-json\/wp\/v2\/categories?post=9999"},{"taxonomy":"post_tag","embeddable":true,"href":"https:\/\/blogs.fu-berlin.de\/frauenbeauftragte\/wp-json\/wp\/v2\/tags?post=9999"}],"curies":[{"name":"wp","href":"https:\/\/api.w.org\/{rel}","templated":true}]}}