{"id":1265,"date":"2021-10-02T12:32:00","date_gmt":"2021-10-02T10:32:00","guid":{"rendered":"https:\/\/blogs.fu-berlin.de\/fubest\/?p=1265"},"modified":"2022-08-24T16:09:30","modified_gmt":"2022-08-24T14:09:30","slug":"days-of-jewish-culture","status":"publish","type":"post","link":"https:\/\/blogs.fu-berlin.de\/fubest\/2021\/10\/02\/days-of-jewish-culture\/","title":{"rendered":"Days of Jewish Culture"},"content":{"rendered":"<p>Each year the Jewish cultural festival presents a diverse potpourri of theatrical performances, readings, discussions, exhibitions, church services, and concerts featuring outstanding performers from around the world. This year&#8217;s theme is &#8222;Shalom Berlin&#8220;. Please find the program <a href=\"https:\/\/www.juedische-kulturtage.org\/programm\">here<\/a>.<\/p>\n<pre><strong>When?<\/strong> November 7 - November 17, 2019\n<strong>Where?<\/strong> Synagoge Rykestra\u00dfe, Renaussance Theater, J\u00fcdisches Gemeindehaus Fasanenstra\u00dfe and more\n<strong>Admission:<\/strong> depends on the venue<\/pre>\n","protected":false},"excerpt":{"rendered":"<p>Each year the Jewish cultural festival presents a diverse potpourri of theatrical performances, readings, discussions, exhibitions, church services, and concerts featuring outstanding performers from around the world. This year&#8217;s theme is &#8222;Shalom Berlin&#8220;. Please find the program here. When? November 7 &#8211; November 17, 2019 Where? Synagoge Rykestra\u00dfe, Renaussance Theater, J\u00fcdisches Gemeindehaus Fasanenstra\u00dfe and more &hellip; <a href=\"https:\/\/blogs.fu-berlin.de\/fubest\/2021\/10\/02\/days-of-jewish-culture\/\" class=\"more-link\"><span class=\"screen-reader-text\">\u201eDays of Jewish Culture\u201c<\/span> weiterlesen<\/a><\/p>\n","protected":false},"author":95,"featured_media":0,"comment_status":"open","ping_status":"open","sticky":false,"template":"","format":"aside","meta":{"footnotes":""},"categories":[14568,263688],"tags":[263618,91425,1136,1359],"class_list":["post-1265","post","type-post","status-publish","format-aside","hentry","category-events","category-nov-19-events","tag-culture","tag-festival","tag-history","tag-judaism","post_format-post-format-aside"],"_links":{"self":[{"href":"https:\/\/blogs.fu-berlin.de\/fubest\/wp-json\/wp\/v2\/posts\/1265","targetHints":{"allow":["GET"]}}],"collection":[{"href":"https:\/\/blogs.fu-berlin.de\/fubest\/wp-json\/wp\/v2\/posts"}],"about":[{"href":"https:\/\/blogs.fu-berlin.de\/fubest\/wp-json\/wp\/v2\/types\/post"}],"author":[{"embeddable":true,"href":"https:\/\/blogs.fu-berlin.de\/fubest\/wp-json\/wp\/v2\/users\/95"}],"replies":[{"embeddable":true,"href":"https:\/\/blogs.fu-berlin.de\/fubest\/wp-json\/wp\/v2\/comments?post=1265"}],"version-history":[{"count":2,"href":"https:\/\/blogs.fu-berlin.de\/fubest\/wp-json\/wp\/v2\/posts\/1265\/revisions"}],"predecessor-version":[{"id":1534,"href":"https:\/\/blogs.fu-berlin.de\/fubest\/wp-json\/wp\/v2\/posts\/1265\/revisions\/1534"}],"wp:attachment":[{"href":"https:\/\/blogs.fu-berlin.de\/fubest\/wp-json\/wp\/v2\/media?parent=1265"}],"wp:term":[{"taxonomy":"category","embeddable":true,"href":"https:\/\/blogs.fu-berlin.de\/fubest\/wp-json\/wp\/v2\/categories?post=1265"},{"taxonomy":"post_tag","embeddable":true,"href":"https:\/\/blogs.fu-berlin.de\/fubest\/wp-json\/wp\/v2\/tags?post=1265"}],"curies":[{"name":"wp","href":"https:\/\/api.w.org\/{rel}","templated":true}]}}