{"id":127,"date":"2010-12-04T18:41:41","date_gmt":"2010-12-04T17:41:41","guid":{"rendered":"https:\/\/blogs.fu-berlin.de\/hauptstadtfaelle\/?p=127"},"modified":"2011-09-28T19:30:40","modified_gmt":"2011-09-28T18:30:40","slug":"der-aktuelle-fall-82010","status":"publish","type":"post","link":"https:\/\/blogs.fu-berlin.de\/hauptstadtfaelle\/2010\/12\/04\/der-aktuelle-fall-82010\/","title":{"rendered":"Der aktuelle Fall (8\/2010)"},"content":{"rendered":"<p>Am <a href=\"https:\/\/www.bundesverwaltungsgericht.de\/enid\/0,42dac9655f76696577092d0964657461696c093a096d6574615f6e72092d0931333433093a095f7472636964092d093133333231\/Entscheidungen\/Entscheidung_8n.html\">4. November 2010 hat das Bundesverwaltungsgericht<\/a> entschieden, dass die Bef\u00f6rderung eines Richters oder Beamten in ein h\u00f6heres Amt von einem unterlegenen Mitbewerber vor den Verwaltungsgerichten mit Erfolg angefochten werden kann, wenn der Dienstherr den ausgew\u00e4hlten Bewerber unter Verletzung des Grundrechts des Mitbewerbers auf wirkungsvollen Rechtsschutz ernannt hat. Der Grundsatz der \u00c4mterstabilit\u00e4t steht dem nicht entgegen.<br \/>\nDies widerspricht jedenfalls insofern st\u00e4ndiger bisheriger Rechtsprechung, als dass bislang davon ausgegangen wurde, dass aufgrund des Grundsatzes der \u00c4mterstabilit\u00e4t eine Konkurrentenklage gegen eine Mitbewerber keinen Erfolg mehr haben kann, wenn dieser ernannt und das Amt damit vergeben wurde. Dies galt selbst dann, wenn der Rechtsschutz des Konkurrenten absichtlich durch schnelle Ernennung vereitelt wurde. <\/p>\n<p>Was halten Sie von diesem Urteil?<\/p>\n","protected":false},"excerpt":{"rendered":"<p>Am 4. November 2010 hat das Bundesverwaltungsgericht entschieden, dass die Bef\u00f6rderung eines Richters oder Beamten in ein h\u00f6heres Amt von einem unterlegenen Mitbewerber vor den Verwaltungsgerichten mit Erfolg angefochten werden kann, wenn der Dienstherr den ausgew\u00e4hlten Bewerber unter Verletzung des Grundrechts des Mitbewerbers auf wirkungsvollen Rechtsschutz ernannt hat. Der Grundsatz der \u00c4mterstabilit\u00e4t steht dem nicht [&hellip;]<\/p>\n","protected":false},"author":537,"featured_media":0,"comment_status":"open","ping_status":"open","sticky":false,"template":"","format":"standard","meta":{"footnotes":""},"categories":[1],"tags":[],"class_list":["post-127","post","type-post","status-publish","format-standard","hentry","category-allgemein"],"_links":{"self":[{"href":"https:\/\/blogs.fu-berlin.de\/hauptstadtfaelle\/wp-json\/wp\/v2\/posts\/127","targetHints":{"allow":["GET"]}}],"collection":[{"href":"https:\/\/blogs.fu-berlin.de\/hauptstadtfaelle\/wp-json\/wp\/v2\/posts"}],"about":[{"href":"https:\/\/blogs.fu-berlin.de\/hauptstadtfaelle\/wp-json\/wp\/v2\/types\/post"}],"author":[{"embeddable":true,"href":"https:\/\/blogs.fu-berlin.de\/hauptstadtfaelle\/wp-json\/wp\/v2\/users\/537"}],"replies":[{"embeddable":true,"href":"https:\/\/blogs.fu-berlin.de\/hauptstadtfaelle\/wp-json\/wp\/v2\/comments?post=127"}],"version-history":[{"count":5,"href":"https:\/\/blogs.fu-berlin.de\/hauptstadtfaelle\/wp-json\/wp\/v2\/posts\/127\/revisions"}],"predecessor-version":[{"id":155,"href":"https:\/\/blogs.fu-berlin.de\/hauptstadtfaelle\/wp-json\/wp\/v2\/posts\/127\/revisions\/155"}],"wp:attachment":[{"href":"https:\/\/blogs.fu-berlin.de\/hauptstadtfaelle\/wp-json\/wp\/v2\/media?parent=127"}],"wp:term":[{"taxonomy":"category","embeddable":true,"href":"https:\/\/blogs.fu-berlin.de\/hauptstadtfaelle\/wp-json\/wp\/v2\/categories?post=127"},{"taxonomy":"post_tag","embeddable":true,"href":"https:\/\/blogs.fu-berlin.de\/hauptstadtfaelle\/wp-json\/wp\/v2\/tags?post=127"}],"curies":[{"name":"wp","href":"https:\/\/api.w.org\/{rel}","templated":true}]}}