{"id":142,"date":"2011-09-28T19:22:02","date_gmt":"2011-09-28T18:22:02","guid":{"rendered":"https:\/\/blogs.fu-berlin.de\/hauptstadtfaelle\/?p=142"},"modified":"2011-09-28T19:22:49","modified_gmt":"2011-09-28T18:22:49","slug":"der-aktuelle-fall-32011","status":"publish","type":"post","link":"https:\/\/blogs.fu-berlin.de\/hauptstadtfaelle\/2011\/09\/28\/der-aktuelle-fall-32011\/","title":{"rendered":"Der aktuelle Fall (3\/2011)"},"content":{"rendered":"<p><strong><a href=\"https:\/\/www.bundesverfassungsgericht.de\/entscheidungen\/rs20110907_2bvr098710.html\">Bundesverfassunsgericht<\/a> und <a href=\"https:\/\/www.tagesschau.de\/inland\/bundesverfassungsgerichtwulff100.html\">Bundespr\u00e4sident<\/a> sprechen sich jeweils f\u00fcr eine St\u00e4rkung der Rechte des Parlaments aus. <\/strong><\/p>\n<p>Bundespr\u00e4sident Christian Wulff w\u00fcrdigte beim Festakt zum 60-j\u00e4hrigen Bestehen des Bundesverfassungsgericht dessen Rechtsprechung, u.a. da das Gericht immer wieder die Einbindung des Parlaments verlange. Dabei bezieht sich der Bundespr\u00e4sident neben dem <a href=\"https:\/\/www.bundesverfassungsgericht.de\/entscheidungen\/es20090630_2bve000208.html\">Lissabon-Urteil<\/a> auch auf das Euro-Rettungsschirm-Urteil von Anfang September 2011. Hier hat der Zweite Senat entschieden, dass das zur Griechenland-Hilfe erm\u00e4chtigende W\u00e4hrungsunion-Finanzstabilit\u00e4tsgesetz und das den Euro-Rettungsschirm betreffende Gesetz zur \u00dcbernahme von Gew\u00e4hrleistungen im Rahmen eines europ\u00e4ischen Stabilisierungsmechanismus (Euro-Stabilisierungsmechanismus-Gesetz) verfassungskonform sind.<br \/>\n\u00a7 1 Abs. 4 des Euro-Stabilisierungsmechanismus-Gesetzes ist allerdings nur bei verfassungskonformer Auslegung mit dem Grundgesetz vereinbar. Die Vorschrift ist dahingehend auszulegen, dass die Bundesregierung vor \u00dcbernahme von Gew\u00e4hrleistungen im Sinne des Gesetzes verpflichtet ist, die vorherige Zustimmung des Haushaltsausschusses einzuholen. <\/p>\n<p>Finden Sie auch, dass die St\u00e4rkung der Rechte des Parlaments notwendig ist?<\/p>\n","protected":false},"excerpt":{"rendered":"<p>Bundesverfassunsgericht und Bundespr\u00e4sident sprechen sich jeweils f\u00fcr eine St\u00e4rkung der Rechte des Parlaments aus. Bundespr\u00e4sident Christian Wulff w\u00fcrdigte beim Festakt zum 60-j\u00e4hrigen Bestehen des Bundesverfassungsgericht dessen Rechtsprechung, u.a. da das Gericht immer wieder die Einbindung des Parlaments verlange. Dabei bezieht sich der Bundespr\u00e4sident neben dem Lissabon-Urteil auch auf das Euro-Rettungsschirm-Urteil von Anfang September 2011. Hier [&hellip;]<\/p>\n","protected":false},"author":537,"featured_media":0,"comment_status":"open","ping_status":"open","sticky":false,"template":"","format":"standard","meta":{"footnotes":""},"categories":[1],"tags":[],"class_list":["post-142","post","type-post","status-publish","format-standard","hentry","category-allgemein"],"_links":{"self":[{"href":"https:\/\/blogs.fu-berlin.de\/hauptstadtfaelle\/wp-json\/wp\/v2\/posts\/142","targetHints":{"allow":["GET"]}}],"collection":[{"href":"https:\/\/blogs.fu-berlin.de\/hauptstadtfaelle\/wp-json\/wp\/v2\/posts"}],"about":[{"href":"https:\/\/blogs.fu-berlin.de\/hauptstadtfaelle\/wp-json\/wp\/v2\/types\/post"}],"author":[{"embeddable":true,"href":"https:\/\/blogs.fu-berlin.de\/hauptstadtfaelle\/wp-json\/wp\/v2\/users\/537"}],"replies":[{"embeddable":true,"href":"https:\/\/blogs.fu-berlin.de\/hauptstadtfaelle\/wp-json\/wp\/v2\/comments?post=142"}],"version-history":[{"count":10,"href":"https:\/\/blogs.fu-berlin.de\/hauptstadtfaelle\/wp-json\/wp\/v2\/posts\/142\/revisions"}],"predecessor-version":[{"id":152,"href":"https:\/\/blogs.fu-berlin.de\/hauptstadtfaelle\/wp-json\/wp\/v2\/posts\/142\/revisions\/152"}],"wp:attachment":[{"href":"https:\/\/blogs.fu-berlin.de\/hauptstadtfaelle\/wp-json\/wp\/v2\/media?parent=142"}],"wp:term":[{"taxonomy":"category","embeddable":true,"href":"https:\/\/blogs.fu-berlin.de\/hauptstadtfaelle\/wp-json\/wp\/v2\/categories?post=142"},{"taxonomy":"post_tag","embeddable":true,"href":"https:\/\/blogs.fu-berlin.de\/hauptstadtfaelle\/wp-json\/wp\/v2\/tags?post=142"}],"curies":[{"name":"wp","href":"https:\/\/api.w.org\/{rel}","templated":true}]}}