{"id":165,"date":"2012-03-21T11:17:02","date_gmt":"2012-03-21T10:17:02","guid":{"rendered":"https:\/\/blogs.fu-berlin.de\/hauptstadtfaelle\/?p=165"},"modified":"2012-03-21T11:20:07","modified_gmt":"2012-03-21T10:20:07","slug":"der-aktuelle-fall-12012","status":"publish","type":"post","link":"https:\/\/blogs.fu-berlin.de\/hauptstadtfaelle\/2012\/03\/21\/der-aktuelle-fall-12012\/","title":{"rendered":"Der aktuelle Fall (1\/2012)"},"content":{"rendered":"<p>Aus Anlass des 60. Geburtstages des Vorstandsvorsitzenden der Deutschen Bank AG, Josef Ackermann, veranstaltete die Bundeskanzlerin im April 2008 im Bundeskanzleramt ein Abendessen mit G\u00e4sten aus Politik, Wirtschaft und Unterhaltung. Das <a href=\"https:\/\/www.berlin.de\/sen\/justiz\/gerichte\/ovg\/presse\/archiv\/20120320.1635.367728.html\">OVG Berlin-Brandenburg hat am 20. M\u00e4rz 2012<\/a> das Urteil des <a href=\"https:\/\/www.gerichtsentscheidungen.berlin-brandenburg.de\/jportal\/portal\/t\/x2h\/bs\/10\/page\/sammlung.psml?pid=Dokumentanzeige&amp;showdoccase=1&amp;js_peid=Trefferliste&amp;documentnumber=148&amp;numberofresults=185&amp;fromdoctodoc=yes&amp;doc.id=JURE110011394%3Ajuris-r00&amp;doc.part=L&amp;doc.price=0.0&amp;doc.hl=1#focuspoint\">VG Berlin vom 7. April 2011 <\/a>aufrecht erhalten, nach dem der Zugang zu der im Bundeskanzleramt erarbeiteten Redevorlage, der G\u00e4steliste und der Tisch- und Sitzordnung durch \u00dcberlassung von Kopien in ungeschw\u00e4rzter Form zu gew\u00e4hren sei. Die Klage wurde auf das Informationsfreiheitsgesetz gest\u00fctzt. Hinsichtlich der begehrten Einsicht in den Terminkalender der Bundeskanzlerin und der Vorlage weiterer Unterlagen hat das VG Berlin die Klage abgewiesen. Die Berufung der Beklagten wurde voll zur\u00fcckgewiesen, die Berufung der Kl\u00e4ger hatte in einem Punkt Erfolg: Die Beklagte ist nun \u00fcberdies verpflichtet worden, die im zeitlichen Zusammenhang mit dem Abendessen stehende Sammelrechnung der Kanzlerk\u00fcche \u00fcber die Beschaffung von Lebensmitteln in teilweise geschw\u00e4rzter Form an die Kl\u00e4ger herauszugeben. Nach Auffassung des Senats sind lediglich bestimmte schutzw\u00fcrdige personenbezogene Daten wie etwa die Steuernummer oder Bankverbindungen von dem Anspruch auf Informationszugang ausgenommen. <\/p>\n<p>Was halten Sie davon?<\/p>\n","protected":false},"excerpt":{"rendered":"<p>Aus Anlass des 60. Geburtstages des Vorstandsvorsitzenden der Deutschen Bank AG, Josef Ackermann, veranstaltete die Bundeskanzlerin im April 2008 im Bundeskanzleramt ein Abendessen mit G\u00e4sten aus Politik, Wirtschaft und Unterhaltung. Das OVG Berlin-Brandenburg hat am 20. M\u00e4rz 2012 das Urteil des VG Berlin vom 7. April 2011 aufrecht erhalten, nach dem der Zugang zu der [&hellip;]<\/p>\n","protected":false},"author":537,"featured_media":0,"comment_status":"open","ping_status":"open","sticky":false,"template":"","format":"standard","meta":{"footnotes":""},"categories":[1],"tags":[],"class_list":["post-165","post","type-post","status-publish","format-standard","hentry","category-allgemein"],"_links":{"self":[{"href":"https:\/\/blogs.fu-berlin.de\/hauptstadtfaelle\/wp-json\/wp\/v2\/posts\/165","targetHints":{"allow":["GET"]}}],"collection":[{"href":"https:\/\/blogs.fu-berlin.de\/hauptstadtfaelle\/wp-json\/wp\/v2\/posts"}],"about":[{"href":"https:\/\/blogs.fu-berlin.de\/hauptstadtfaelle\/wp-json\/wp\/v2\/types\/post"}],"author":[{"embeddable":true,"href":"https:\/\/blogs.fu-berlin.de\/hauptstadtfaelle\/wp-json\/wp\/v2\/users\/537"}],"replies":[{"embeddable":true,"href":"https:\/\/blogs.fu-berlin.de\/hauptstadtfaelle\/wp-json\/wp\/v2\/comments?post=165"}],"version-history":[{"count":4,"href":"https:\/\/blogs.fu-berlin.de\/hauptstadtfaelle\/wp-json\/wp\/v2\/posts\/165\/revisions"}],"predecessor-version":[{"id":171,"href":"https:\/\/blogs.fu-berlin.de\/hauptstadtfaelle\/wp-json\/wp\/v2\/posts\/165\/revisions\/171"}],"wp:attachment":[{"href":"https:\/\/blogs.fu-berlin.de\/hauptstadtfaelle\/wp-json\/wp\/v2\/media?parent=165"}],"wp:term":[{"taxonomy":"category","embeddable":true,"href":"https:\/\/blogs.fu-berlin.de\/hauptstadtfaelle\/wp-json\/wp\/v2\/categories?post=165"},{"taxonomy":"post_tag","embeddable":true,"href":"https:\/\/blogs.fu-berlin.de\/hauptstadtfaelle\/wp-json\/wp\/v2\/tags?post=165"}],"curies":[{"name":"wp","href":"https:\/\/api.w.org\/{rel}","templated":true}]}}