{"id":224,"date":"2013-02-21T10:34:28","date_gmt":"2013-02-21T09:34:28","guid":{"rendered":"https:\/\/blogs.fu-berlin.de\/hauptstadtfaelle\/?p=224"},"modified":"2013-02-21T10:34:28","modified_gmt":"2013-02-21T09:34:28","slug":"der-aktuelle-fall-12013","status":"publish","type":"post","link":"https:\/\/blogs.fu-berlin.de\/hauptstadtfaelle\/2013\/02\/21\/der-aktuelle-fall-12013\/","title":{"rendered":"Der aktuelle Fall (1\/2013)"},"content":{"rendered":"<p>Am <a href=\"https:\/\/www.bverwg.de\/presse\/pressemitteilungen\/pressemitteilung.php?jahr=2013&amp;nr=11\">20. Februar 2013 hat das Bundesverwaltungsgericht entschieden<\/a>, dass die Pressegesetze der L\u00e4nder auf den Bundesnachrichtendienst als Bundesbeh\u00f6rde nicht anwendbar sind. Mangels einer bundesgesetzlichen Regelung des presserechtlichen Auskunftsanspruchs kann dieser aber unmittelbar auf das Grundrecht der Pressefreiheit aus Art.\u00a0<a href=\"https:\/\/dejure.org\/gesetze\/GG\/5.html\" target=\"_blank\" title=\"Art. 5 GG\">5<\/a>\u00a0Abs.\u00a01\u00a0Satz\u00a02 GG gest\u00fctzt werden.<\/p>\n<p>Die <a href=\"https:\/\/www.vertreter-des-bundesinteresses.de\/VBI\/DE\/Home\/Startseite_node.html\">Vertreter des Bundesinteresses beim\u00a0 Bundesverwaltungsgericht<\/a> hatte argumentiert, dass nicht nur die Landespressegesetze auf Bundesbeh\u00f6rden keine Anwendung finden k\u00f6nnten &#8211; so wurde bislang von den Gerichten der Auskunfstanspruch gehandhabt -, sondern dass zudem auch aus dem Pressegrundrecht kein Anspruch ableitbar sei, weil dieses lediglich ein Abwehrrecht darstelle.<\/p>\n<p>Der nunmehr anerkannte grundrechtliche Anspruch gilt indes nur f\u00fcr einen \u201eMindeststandard\u201c an Informationen. Au\u00dferdem k\u00f6nnen Interessen von Privatleuten oder Beh\u00f6rden an der Vertraulichkeit dem Anspruch entgegenstehen. Nach Ansicht der Richter besitze der Bundestag die Kompetenz &#8211; was vorher ebenfalls bestritten wurde &#8211; weitergehende Auskunftspflichten festzulegen.<\/p>\n<p>Was halten Sie davon?<\/p>\n","protected":false},"excerpt":{"rendered":"<p>Am 20. Februar 2013 hat das Bundesverwaltungsgericht entschieden, dass die Pressegesetze der L\u00e4nder auf den Bundesnachrichtendienst als Bundesbeh\u00f6rde nicht anwendbar sind. Mangels einer bundesgesetzlichen Regelung des presserechtlichen Auskunftsanspruchs kann dieser aber unmittelbar auf das Grundrecht der Pressefreiheit aus Art.\u00a05\u00a0Abs.\u00a01\u00a0Satz\u00a02 GG gest\u00fctzt werden. Die Vertreter des Bundesinteresses beim\u00a0 Bundesverwaltungsgericht hatte argumentiert, dass nicht nur die Landespressegesetze [&hellip;]<\/p>\n","protected":false},"author":537,"featured_media":0,"comment_status":"open","ping_status":"open","sticky":false,"template":"","format":"standard","meta":{"footnotes":""},"categories":[1],"tags":[],"class_list":["post-224","post","type-post","status-publish","format-standard","hentry","category-allgemein"],"_links":{"self":[{"href":"https:\/\/blogs.fu-berlin.de\/hauptstadtfaelle\/wp-json\/wp\/v2\/posts\/224","targetHints":{"allow":["GET"]}}],"collection":[{"href":"https:\/\/blogs.fu-berlin.de\/hauptstadtfaelle\/wp-json\/wp\/v2\/posts"}],"about":[{"href":"https:\/\/blogs.fu-berlin.de\/hauptstadtfaelle\/wp-json\/wp\/v2\/types\/post"}],"author":[{"embeddable":true,"href":"https:\/\/blogs.fu-berlin.de\/hauptstadtfaelle\/wp-json\/wp\/v2\/users\/537"}],"replies":[{"embeddable":true,"href":"https:\/\/blogs.fu-berlin.de\/hauptstadtfaelle\/wp-json\/wp\/v2\/comments?post=224"}],"version-history":[{"count":4,"href":"https:\/\/blogs.fu-berlin.de\/hauptstadtfaelle\/wp-json\/wp\/v2\/posts\/224\/revisions"}],"predecessor-version":[{"id":228,"href":"https:\/\/blogs.fu-berlin.de\/hauptstadtfaelle\/wp-json\/wp\/v2\/posts\/224\/revisions\/228"}],"wp:attachment":[{"href":"https:\/\/blogs.fu-berlin.de\/hauptstadtfaelle\/wp-json\/wp\/v2\/media?parent=224"}],"wp:term":[{"taxonomy":"category","embeddable":true,"href":"https:\/\/blogs.fu-berlin.de\/hauptstadtfaelle\/wp-json\/wp\/v2\/categories?post=224"},{"taxonomy":"post_tag","embeddable":true,"href":"https:\/\/blogs.fu-berlin.de\/hauptstadtfaelle\/wp-json\/wp\/v2\/tags?post=224"}],"curies":[{"name":"wp","href":"https:\/\/api.w.org\/{rel}","templated":true}]}}