{"id":239,"date":"2013-12-11T19:39:58","date_gmt":"2013-12-11T18:39:58","guid":{"rendered":"https:\/\/blogs.fu-berlin.de\/hauptstadtfaelle\/?p=239"},"modified":"2013-12-11T19:39:58","modified_gmt":"2013-12-11T18:39:58","slug":"der-aktuelle-fall-32013","status":"publish","type":"post","link":"https:\/\/blogs.fu-berlin.de\/hauptstadtfaelle\/2013\/12\/11\/der-aktuelle-fall-32013\/","title":{"rendered":"Der aktuelle Fall (3\/2013)"},"content":{"rendered":"<p>Am 29. November 2013 wies <a href=\"https:\/\/www.youtube.com\/watch?v=0S93iOHA9Zs\">Sigmar Gabriel im ZDF-Interview mit Marietta Slomka <\/a>darauf hin, dass die Abstimmung der SPD-Mitglieder \u00fcber das Zustandekommen einer Koalition mit der CDU nicht verfasssungswidrig sei. Diese Auffassung best\u00e4tigte das <a href=\"https:\/\/www.bundesverfassungsgericht.de\/entscheidungen\/qk20131206_2bvq005513.html\">Bundesverfassungsgericht am 6. Dezember 2013.<\/a> Der Antragsteller brachte vor, dass die Abstimmung gegen Art. <a href=\"https:\/\/dejure.org\/gesetze\/GG\/38.html\" target=\"_blank\" title=\"Art. 38 GG\">38<\/a> Abs. 1 GG sowie gegen Art. <a href=\"https:\/\/dejure.org\/gesetze\/GG\/21.html\" target=\"_blank\" title=\"Art. 21 GG\">21<\/a> Abs. 1 GG versto\u00dfe, da die Abgeordneten in ihren Entscheidungen frei seien bzw. weil die SPD so einen zu weitgehenden Einfluss gegen\u00fcber den Abgeordneten erhalte. Das Bundesverfassungsgericht begr\u00fcndete seine Entscheidung damit, dass in einem eventuellen Hauptsacheverfahren &#8211; einer Verfassungsbeschwerde &#8211; kein tauglicher Beschwerdegegenstand vorl\u00e4ge. Grund daf\u00fcr sei, dass die Abstimmung innerhalb der SPD kein Akt \u00f6ffentlicher Gewalt sei. Die SPD wirke n\u00e4mlich in den staatlichen Bereich lediglich hinein, geh\u00f6re ihm aber nicht an. Des Weiteren wies das Bundesverfassungsgericht darauf hin, dass die Abgeordneten politisch in Partei und Fraktion eingebunden seien und dies verfassungsrechtlich erlaubt und gewollt sei. Gleichzeitig betonte es die Freiheit der Abgeordneten. Die Abstimmung begr\u00fcnde aber keine Verpflichtungen, die \u00fcber die mit der Fraktionsdisziplin verbundenen Verpflichtungen hinausgehe.<\/p>\n<p>Was halten Sie davon?<\/p>\n","protected":false},"excerpt":{"rendered":"<p>Am 29. November 2013 wies Sigmar Gabriel im ZDF-Interview mit Marietta Slomka darauf hin, dass die Abstimmung der SPD-Mitglieder \u00fcber das Zustandekommen einer Koalition mit der CDU nicht verfasssungswidrig sei. Diese Auffassung best\u00e4tigte das Bundesverfassungsgericht am 6. Dezember 2013. Der Antragsteller brachte vor, dass die Abstimmung gegen Art. 38 Abs. 1 GG sowie gegen Art. [&hellip;]<\/p>\n","protected":false},"author":537,"featured_media":0,"comment_status":"open","ping_status":"open","sticky":false,"template":"","format":"standard","meta":{"footnotes":""},"categories":[1],"tags":[],"class_list":["post-239","post","type-post","status-publish","format-standard","hentry","category-allgemein"],"_links":{"self":[{"href":"https:\/\/blogs.fu-berlin.de\/hauptstadtfaelle\/wp-json\/wp\/v2\/posts\/239","targetHints":{"allow":["GET"]}}],"collection":[{"href":"https:\/\/blogs.fu-berlin.de\/hauptstadtfaelle\/wp-json\/wp\/v2\/posts"}],"about":[{"href":"https:\/\/blogs.fu-berlin.de\/hauptstadtfaelle\/wp-json\/wp\/v2\/types\/post"}],"author":[{"embeddable":true,"href":"https:\/\/blogs.fu-berlin.de\/hauptstadtfaelle\/wp-json\/wp\/v2\/users\/537"}],"replies":[{"embeddable":true,"href":"https:\/\/blogs.fu-berlin.de\/hauptstadtfaelle\/wp-json\/wp\/v2\/comments?post=239"}],"version-history":[{"count":12,"href":"https:\/\/blogs.fu-berlin.de\/hauptstadtfaelle\/wp-json\/wp\/v2\/posts\/239\/revisions"}],"predecessor-version":[{"id":252,"href":"https:\/\/blogs.fu-berlin.de\/hauptstadtfaelle\/wp-json\/wp\/v2\/posts\/239\/revisions\/252"}],"wp:attachment":[{"href":"https:\/\/blogs.fu-berlin.de\/hauptstadtfaelle\/wp-json\/wp\/v2\/media?parent=239"}],"wp:term":[{"taxonomy":"category","embeddable":true,"href":"https:\/\/blogs.fu-berlin.de\/hauptstadtfaelle\/wp-json\/wp\/v2\/categories?post=239"},{"taxonomy":"post_tag","embeddable":true,"href":"https:\/\/blogs.fu-berlin.de\/hauptstadtfaelle\/wp-json\/wp\/v2\/tags?post=239"}],"curies":[{"name":"wp","href":"https:\/\/api.w.org\/{rel}","templated":true}]}}