{"id":263,"date":"2014-04-16T13:28:41","date_gmt":"2014-04-16T12:28:41","guid":{"rendered":"https:\/\/blogs.fu-berlin.de\/hauptstadtfaelle\/?p=263"},"modified":"2014-04-16T13:28:41","modified_gmt":"2014-04-16T12:28:41","slug":"der-aktuelle-fall-32014","status":"publish","type":"post","link":"https:\/\/blogs.fu-berlin.de\/hauptstadtfaelle\/2014\/04\/16\/der-aktuelle-fall-32014\/","title":{"rendered":"Der aktuelle Fall (3\/2014)"},"content":{"rendered":"<p>Am 8. April 2014 hat der EuGH ein <a href=\"https:\/\/curia.europa.eu\/juris\/document\/document.jsf?text=&amp;docid=150642&amp;pageIndex=0&amp;doclang=DE&amp;mode=req&amp;dir=&amp;occ=first&amp;part=1\">Urteil <\/a>verk\u00fcndet, das von Beobachtern in seiner Bedeutung mit dem Volksz\u00e4hlungsurteil des Bundesverfassungsgerichts von 1983 gleichgestellt wird. Der EuGH hat die Vorratsdatenspeicherungs-Richtlinie aufgehoben. Sie versto\u00dfe gegen die Grundrecht auf Achtung des Privatlebens und auf Schutz personenbezogener Daten. Der EuGH moniert, dass die anlasslose Speicherung von Telefon- und Internetverbindungsdaten dazu f\u00fchre, dass sehr genaue Schl\u00fcsse auf das Privatleben gezogen werden k\u00f6nnen, u.a. Aufenthaltsorte, Alltagsgewohnheiten oder soziale Beziehungen. Die Richtlinie stelle daher einen besonders schwerwiegenden Eingriff dar. Zwar diene sie einem legitimen Zweck, n\u00e4mlich der Bek\u00e4mpfung schwerer Kriminalit\u00e4t und damit letztlich der \u00f6ffentlichen Sicherheit, sei aber aufgrund ihrer Weite nicht verh\u00e4ltnism\u00e4\u00dfig. Erstens erstrecke sich die Richtlinie generell auf s\u00e4mtliche Personen, elektronische Kommunikationsmittel und Verkehrsdaten, ohne irgendeine Differenzierung, Einschr\u00e4nkung oder Ausnahme anhand des Ziels der Bek\u00e4mpfung schwerer Straftaten vorzusehen. Zweitens sehe die Richtlinie kein objektives Kriterium vor, das es erm\u00f6gliche, den Zugang<b> <\/b>der zust\u00e4ndigen nationalen Beh\u00f6rden zu den Daten<b> <\/b>und deren Nutzung auf besonders schwere Straftaten zu beschr\u00e4nken. Au\u00dferdem moniert der Gerichtshof die Speicherdauer sowie die Tatsache, dass nicht gesichert sei, dass ein Missbrauch durch Dritte vermieden werde. Schlie\u00dflich m\u00fcssten die Daten im Unionsgebiet gespeichert werden.<\/p>\n<p>&nbsp;<\/p>\n<p>Was halten Sie davon?<\/p>\n","protected":false},"excerpt":{"rendered":"<p>Am 8. April 2014 hat der EuGH ein Urteil verk\u00fcndet, das von Beobachtern in seiner Bedeutung mit dem Volksz\u00e4hlungsurteil des Bundesverfassungsgerichts von 1983 gleichgestellt wird. Der EuGH hat die Vorratsdatenspeicherungs-Richtlinie aufgehoben. Sie versto\u00dfe gegen die Grundrecht auf Achtung des Privatlebens und auf Schutz personenbezogener Daten. Der EuGH moniert, dass die anlasslose Speicherung von Telefon- und [&hellip;]<\/p>\n","protected":false},"author":537,"featured_media":0,"comment_status":"open","ping_status":"open","sticky":false,"template":"","format":"standard","meta":{"footnotes":""},"categories":[1],"tags":[],"class_list":["post-263","post","type-post","status-publish","format-standard","hentry","category-allgemein"],"_links":{"self":[{"href":"https:\/\/blogs.fu-berlin.de\/hauptstadtfaelle\/wp-json\/wp\/v2\/posts\/263","targetHints":{"allow":["GET"]}}],"collection":[{"href":"https:\/\/blogs.fu-berlin.de\/hauptstadtfaelle\/wp-json\/wp\/v2\/posts"}],"about":[{"href":"https:\/\/blogs.fu-berlin.de\/hauptstadtfaelle\/wp-json\/wp\/v2\/types\/post"}],"author":[{"embeddable":true,"href":"https:\/\/blogs.fu-berlin.de\/hauptstadtfaelle\/wp-json\/wp\/v2\/users\/537"}],"replies":[{"embeddable":true,"href":"https:\/\/blogs.fu-berlin.de\/hauptstadtfaelle\/wp-json\/wp\/v2\/comments?post=263"}],"version-history":[{"count":2,"href":"https:\/\/blogs.fu-berlin.de\/hauptstadtfaelle\/wp-json\/wp\/v2\/posts\/263\/revisions"}],"predecessor-version":[{"id":267,"href":"https:\/\/blogs.fu-berlin.de\/hauptstadtfaelle\/wp-json\/wp\/v2\/posts\/263\/revisions\/267"}],"wp:attachment":[{"href":"https:\/\/blogs.fu-berlin.de\/hauptstadtfaelle\/wp-json\/wp\/v2\/media?parent=263"}],"wp:term":[{"taxonomy":"category","embeddable":true,"href":"https:\/\/blogs.fu-berlin.de\/hauptstadtfaelle\/wp-json\/wp\/v2\/categories?post=263"},{"taxonomy":"post_tag","embeddable":true,"href":"https:\/\/blogs.fu-berlin.de\/hauptstadtfaelle\/wp-json\/wp\/v2\/tags?post=263"}],"curies":[{"name":"wp","href":"https:\/\/api.w.org\/{rel}","templated":true}]}}