{"id":271,"date":"2014-06-11T17:13:45","date_gmt":"2014-06-11T16:13:45","guid":{"rendered":"https:\/\/blogs.fu-berlin.de\/hauptstadtfaelle\/?p=271"},"modified":"2014-06-11T17:13:45","modified_gmt":"2014-06-11T16:13:45","slug":"der-aktuelle-fall-42014","status":"publish","type":"post","link":"https:\/\/blogs.fu-berlin.de\/hauptstadtfaelle\/2014\/06\/11\/der-aktuelle-fall-42014\/","title":{"rendered":"Der aktuelle Fall (4\/2014)"},"content":{"rendered":"<p>Im Gespr\u00e4ch mit Sch\u00fclern sagte der Bundespr\u00e4sident zur NPD-Verbotsdebatte: &#8222;Wir k\u00f6nnen die Partei verbieten, aber die Spinner und Ideologen und die Fanatiker, die haben wir dann nicht aus der Welt geschafft.&#8220;<\/p>\n<p>\u00dcber diese Aussage hatte nun das <a href=\"https:\/\/www.bundesverfassungsgericht.de\/entscheidungen\/es20140610_2bve000413.html\">Bundesverfassungsgericht zu entscheiden<\/a>. Es kam zu dem Ergebnis, dass der Bundespr\u00e4sident grunds\u00e4tzlich selbst entscheidet, wie er seine Repr\u00e4sentations- und Integrationsaufgaben mit Leben erf\u00fcllt. Hierbei hat selbstverst\u00e4ndlich die Verfassung und die Gesetze zu achten, darunter auch das Recht der politischen Parteien auf Chancengleichheit. Daraus folge aber nicht, dass er sich nicht zu Parteien und deren Mitgliedern \u00e4u\u00dfern d\u00fcrfe. Er d\u00fcrfe aber seine Integrationsaufgabe nicht evident vernachl\u00e4ssigen und damit willk\u00fcrlich Partei ergreifen. Dennoch sei der Bundespr\u00e4sident nicht gehindert, sein Anliegen auch in zugespitzter Wortwahl vorzubringen, wenn er dies f\u00fcr angezeigt h\u00e4lt. Die\u00a0 Grenzen seien \u00c4u\u00dferungen, die keinen Beitrag zur sachlichen Auseinandersetzung liefern, sondern ausgrenzend wirken, wie dies grunds\u00e4tzlich bei beleidigenden \u00c4u\u00dferungen der Fall ist, die in anderen Zusammenh\u00e4ngen als \u201eSchm\u00e4hkritik\u201c qualifiziert werden.<\/p>\n<p>&nbsp;<\/p>\n<p>Was halten Sie davon?<\/p>\n","protected":false},"excerpt":{"rendered":"<p>Im Gespr\u00e4ch mit Sch\u00fclern sagte der Bundespr\u00e4sident zur NPD-Verbotsdebatte: &#8222;Wir k\u00f6nnen die Partei verbieten, aber die Spinner und Ideologen und die Fanatiker, die haben wir dann nicht aus der Welt geschafft.&#8220; \u00dcber diese Aussage hatte nun das Bundesverfassungsgericht zu entscheiden. Es kam zu dem Ergebnis, dass der Bundespr\u00e4sident grunds\u00e4tzlich selbst entscheidet, wie er seine Repr\u00e4sentations- [&hellip;]<\/p>\n","protected":false},"author":537,"featured_media":0,"comment_status":"open","ping_status":"open","sticky":false,"template":"","format":"standard","meta":{"footnotes":""},"categories":[1],"tags":[],"class_list":["post-271","post","type-post","status-publish","format-standard","hentry","category-allgemein"],"_links":{"self":[{"href":"https:\/\/blogs.fu-berlin.de\/hauptstadtfaelle\/wp-json\/wp\/v2\/posts\/271","targetHints":{"allow":["GET"]}}],"collection":[{"href":"https:\/\/blogs.fu-berlin.de\/hauptstadtfaelle\/wp-json\/wp\/v2\/posts"}],"about":[{"href":"https:\/\/blogs.fu-berlin.de\/hauptstadtfaelle\/wp-json\/wp\/v2\/types\/post"}],"author":[{"embeddable":true,"href":"https:\/\/blogs.fu-berlin.de\/hauptstadtfaelle\/wp-json\/wp\/v2\/users\/537"}],"replies":[{"embeddable":true,"href":"https:\/\/blogs.fu-berlin.de\/hauptstadtfaelle\/wp-json\/wp\/v2\/comments?post=271"}],"version-history":[{"count":2,"href":"https:\/\/blogs.fu-berlin.de\/hauptstadtfaelle\/wp-json\/wp\/v2\/posts\/271\/revisions"}],"predecessor-version":[{"id":273,"href":"https:\/\/blogs.fu-berlin.de\/hauptstadtfaelle\/wp-json\/wp\/v2\/posts\/271\/revisions\/273"}],"wp:attachment":[{"href":"https:\/\/blogs.fu-berlin.de\/hauptstadtfaelle\/wp-json\/wp\/v2\/media?parent=271"}],"wp:term":[{"taxonomy":"category","embeddable":true,"href":"https:\/\/blogs.fu-berlin.de\/hauptstadtfaelle\/wp-json\/wp\/v2\/categories?post=271"},{"taxonomy":"post_tag","embeddable":true,"href":"https:\/\/blogs.fu-berlin.de\/hauptstadtfaelle\/wp-json\/wp\/v2\/tags?post=271"}],"curies":[{"name":"wp","href":"https:\/\/api.w.org\/{rel}","templated":true}]}}