{"id":67,"date":"2010-02-11T16:42:16","date_gmt":"2010-02-11T15:42:16","guid":{"rendered":"https:\/\/blogs.fu-berlin.de\/hauptstadtfaelle\/?p=67"},"modified":"2010-02-11T16:46:06","modified_gmt":"2010-02-11T15:46:06","slug":"der-aktuelle-fall-2","status":"publish","type":"post","link":"https:\/\/blogs.fu-berlin.de\/hauptstadtfaelle\/2010\/02\/11\/der-aktuelle-fall-2\/","title":{"rendered":"Der Aktuelle Fall (2\/2010)"},"content":{"rendered":"<p>Mit <a href=\"https:\/\/www.bundesverfassungsgericht.de\/entscheidungen\/ls20100209_1bvl000109.html\">Urteil vom 9. Februar 2010<\/a> hat das Bundesverfassungsgericht entschieden, dass die Hartz IV-Gesetzgebung in Teilen verfassungswidrig ist.<\/p>\n<p>Die S\u00fcddeutsche Zeitung schrieb \u201eKarlsruhe schafft Grundrecht f\u00fcr die Armen\u201c. Gleichzeitig spielt Karlsruhe dem Gesetzgeber den Ball wieder zu: Dieser hat bis Ende des Jahres Zeit die Reform zu reformieren.<\/p>\n<p>\u00a0<\/p>\n<p>Was haltet Ihr davon?<\/p>\n<p>\u00a0<\/p>\n<p>\u00a0<\/p>\n<p>Die Leits\u00e4tze des Urteils lauten:<\/p>\n<p>\u00a0<\/p>\n<ul>\n<li>Das Grundrecht auf Gew\u00e4hrleistung eines menschenw\u00fcrdigen Existenzminimums aus Art.\u00a0<a href=\"https:\/\/dejure.org\/gesetze\/GG\/1.html\" target=\"_blank\" title=\"Art. 1 GG\">1<\/a> Abs. 1 GG in Verbindung mit dem Sozialstaatsprinzip des Art.\u00a0<a href=\"https:\/\/dejure.org\/gesetze\/GG\/20.html\" target=\"_blank\" title=\"Art. 20 GG\">20<\/a> Abs. 1 GG sichert jedem Hilfebed\u00fcrftigen diejenigen materiellen Voraussetzungen zu, die f\u00fcr seine physische Existenz und f\u00fcr ein Mindestma\u00df an Teilhabe am gesellschaftlichen, kulturellen und politischen Leben unerl\u00e4sslich sind. \u00a0<\/li>\n<li>Dieses Grundrecht aus Art.\u00a0<a href=\"https:\/\/dejure.org\/gesetze\/GG\/1.html\" target=\"_blank\" title=\"Art. 1 GG\">1<\/a> Abs. 1 GG hat als Gew\u00e4hrleistungsrecht in seiner Verbindung mit Art.\u00a0<a href=\"https:\/\/dejure.org\/gesetze\/GG\/20.html\" target=\"_blank\" title=\"Art. 20 GG\">20<\/a> Abs. 1 GG neben dem absolut wirkenden Anspruch aus Art.\u00a0<a href=\"https:\/\/dejure.org\/gesetze\/GG\/1.html\" target=\"_blank\" title=\"Art. 1 GG\">1<\/a> Abs. 1 GG auf Achtung der W\u00fcrde jedes Einzelnen eigenst\u00e4ndige Bedeutung. Es ist dem Grunde nach unverf\u00fcgbar und muss eingel\u00f6st werden, bedarf aber der Konkretisierung und stetigen Aktualisierung durch den Gesetzgeber, der die zu erbringenden Leistungen an dem jeweiligen Entwicklungsstand des Gemeinwesens und den bestehenden Lebensbedingungen auszurichten hat. Dabei steht ihm ein Gestaltungsspielraum zu. \u00a0<\/li>\n<li>Zur Ermittlung des Anspruchumfangs hat der Gesetzgeber alle existenznotwendigen Aufwendungen in einem transparenten und sachgerechten Verfahren realit\u00e4tsgerecht sowie nachvollziehbar auf der Grundlage verl\u00e4sslicher Zahlen und schl\u00fcssiger Berechnungsverfahren zu bemessen. \u00a0<\/li>\n<li>Der Gesetzgeber kann den typischen Bedarf zur Sicherung des menschenw\u00fcrdigen Existenzminimums durch einen monatlichen Festbetrag decken, muss aber f\u00fcr einen dar\u00fcber hinausgehenden unabweisbaren, laufenden, nicht nur einmaligen, besonderen Bedarf einen zus\u00e4tzlichen Leistungsanspruch einr\u00e4umen.<\/li>\n<\/ul>\n","protected":false},"excerpt":{"rendered":"<p>Mit Urteil vom 9. Februar 2010 hat das Bundesverfassungsgericht entschieden, dass die Hartz IV-Gesetzgebung in Teilen verfassungswidrig ist. Die S\u00fcddeutsche Zeitung schrieb \u201eKarlsruhe schafft Grundrecht f\u00fcr die Armen\u201c. Gleichzeitig spielt Karlsruhe dem Gesetzgeber den Ball wieder zu: Dieser hat bis Ende des Jahres Zeit die Reform zu reformieren. \u00a0 Was haltet Ihr davon? \u00a0 \u00a0 [&hellip;]<\/p>\n","protected":false},"author":273,"featured_media":0,"comment_status":"open","ping_status":"open","sticky":false,"template":"","format":"standard","meta":{"footnotes":""},"categories":[1476],"tags":[],"class_list":["post-67","post","type-post","status-publish","format-standard","hentry","category-der-aktuelle-fall"],"_links":{"self":[{"href":"https:\/\/blogs.fu-berlin.de\/hauptstadtfaelle\/wp-json\/wp\/v2\/posts\/67","targetHints":{"allow":["GET"]}}],"collection":[{"href":"https:\/\/blogs.fu-berlin.de\/hauptstadtfaelle\/wp-json\/wp\/v2\/posts"}],"about":[{"href":"https:\/\/blogs.fu-berlin.de\/hauptstadtfaelle\/wp-json\/wp\/v2\/types\/post"}],"author":[{"embeddable":true,"href":"https:\/\/blogs.fu-berlin.de\/hauptstadtfaelle\/wp-json\/wp\/v2\/users\/273"}],"replies":[{"embeddable":true,"href":"https:\/\/blogs.fu-berlin.de\/hauptstadtfaelle\/wp-json\/wp\/v2\/comments?post=67"}],"version-history":[{"count":7,"href":"https:\/\/blogs.fu-berlin.de\/hauptstadtfaelle\/wp-json\/wp\/v2\/posts\/67\/revisions"}],"predecessor-version":[{"id":69,"href":"https:\/\/blogs.fu-berlin.de\/hauptstadtfaelle\/wp-json\/wp\/v2\/posts\/67\/revisions\/69"}],"wp:attachment":[{"href":"https:\/\/blogs.fu-berlin.de\/hauptstadtfaelle\/wp-json\/wp\/v2\/media?parent=67"}],"wp:term":[{"taxonomy":"category","embeddable":true,"href":"https:\/\/blogs.fu-berlin.de\/hauptstadtfaelle\/wp-json\/wp\/v2\/categories?post=67"},{"taxonomy":"post_tag","embeddable":true,"href":"https:\/\/blogs.fu-berlin.de\/hauptstadtfaelle\/wp-json\/wp\/v2\/tags?post=67"}],"curies":[{"name":"wp","href":"https:\/\/api.w.org\/{rel}","templated":true}]}}