{"id":1774,"date":"2021-06-27T17:41:28","date_gmt":"2021-06-27T15:41:28","guid":{"rendered":"https:\/\/blogs.fu-berlin.de\/hci1-sose2021\/?p=1774"},"modified":"2021-06-27T17:41:28","modified_gmt":"2021-06-27T15:41:28","slug":"likert-skala","status":"publish","type":"post","link":"https:\/\/blogs.fu-berlin.de\/hci1-sose2021\/2021\/06\/27\/likert-skala\/","title":{"rendered":"Likert-Skala"},"content":{"rendered":"\n<blockquote class=\"wp-block-quote is-layout-flow wp-block-quote-is-layout-flow\"><p>It is easy for the respondent to evaluate and respond to complex questions since they have a range to choose from, being closer to what they think and how they feel.<\/p><cite>Heloise Montini<\/cite><\/blockquote>\n\n\n\n<p>Die Likert-Skala ist ein Verfahren zur Messung pers\u00f6nlicher Einstellungen. Die Skalen bestehen aus mehreren Items vom Likert-Typ. Diese sind Aussagen, denen die Befragten auf einer vorgegebenen mehrstufigen Antwortskala mehr oder weniger stark zustimmen oder die sie ablehnen k\u00f6nnen. Die Punktwerte der einzelnen Antworten werden ungewichtet addiert und ergeben so den Wert der Skala. Die Bezeichnung Likert-Skala ist nicht zu verwechseln mit der Antwortskala eines einzelnen Items vom Likert-Typ.<\/p>\n\n\n\n<figure class=\"wp-block-image size-large\"><img loading=\"lazy\" decoding=\"async\" width=\"316\" height=\"480\" src=\"https:\/\/blogs.fu-berlin.de\/hci1-sose2021\/files\/2021\/06\/316px-Example_Likert_Scale.svg_.png\" alt=\"\" class=\"wp-image-1775\" srcset=\"https:\/\/blogs.fu-berlin.de\/hci1-sose2021\/files\/2021\/06\/316px-Example_Likert_Scale.svg_.png 316w, https:\/\/blogs.fu-berlin.de\/hci1-sose2021\/files\/2021\/06\/316px-Example_Likert_Scale.svg_-198x300.png 198w\" sizes=\"auto, (max-width: 316px) 85vw, 316px\" \/><figcaption>Beispiel einer Likert-Skala<\/figcaption><\/figure>\n\n\n\n<h2 class=\"wp-block-heading\">Grundidee<\/h2>\n\n\n\n<p>Man interessiert sich f\u00fcr die Einstellung der Versuchsperson, ein bestimmtes Objekt betreffend. Alle dazugeh\u00f6rigen Items werden als strikt positive oder negative Aussagen formuliert. Der Likert-Skala liegt die \u00dcberlegung zu Grunde, dass die Versuchsperson die Aussage eines einzelnen Items umso mehr ablehnt, je weiter ihre Einstellung von der Formulierung des Items abweicht. In der Gesamtheit werden dann die Antworten auf den Grad der Einstellung abgebildet. In der konkreten Ausf\u00fchrung eines Fragebogens bilden die Antwortm\u00f6glichkeiten f\u00fcr ein Item den Grad der Zustimmung oder Ablehnung der befragten Person zur Aussage des Items ab. Die m\u00f6glichen Antworten sind als nat\u00fcrliche Zahlen kodiert und aufsteigend angeordnet.<\/p>\n\n\n\n<h2 class=\"wp-block-heading\">Skalenniveau<\/h2>\n\n\n\n<p>Antworten auf die einzelnen Items einer Likert-Skala sind formal ordinal- beziehungsweise rangskaliert.<\/p>\n\n\n\n<figure class=\"wp-block-image size-large\"><img loading=\"lazy\" decoding=\"async\" width=\"853\" height=\"526\" src=\"https:\/\/blogs.fu-berlin.de\/hci1-sose2021\/files\/2021\/06\/likert-example-2.png\" alt=\"\" class=\"wp-image-1776\" srcset=\"https:\/\/blogs.fu-berlin.de\/hci1-sose2021\/files\/2021\/06\/likert-example-2.png 853w, https:\/\/blogs.fu-berlin.de\/hci1-sose2021\/files\/2021\/06\/likert-example-2-300x185.png 300w, https:\/\/blogs.fu-berlin.de\/hci1-sose2021\/files\/2021\/06\/likert-example-2-768x474.png 768w\" sizes=\"auto, (max-width: 709px) 85vw, (max-width: 909px) 67vw, (max-width: 1362px) 62vw, 840px\" \/><figcaption>Weiteres Beispiel einer Likert-Skala<\/figcaption><\/figure>\n\n\n\n<p>Das Ergebnis f\u00fcr ein Likert-Skala-Item kann daher durch den Median oder Modus als Lageparameter zusammengefasst werden. Dar\u00fcber, ob man auch den Mittelwert verwenden darf, gibt es unterschiedliche Auffassungen.<\/p>\n\n\n\n<h2 class=\"wp-block-heading\">Rensis Likert<\/h2>\n\n\n\n<p>geboren: 5. August 1903 in Cheyenne, Wyoming; <\/p>\n\n\n\n<p>gestorben: 3. September 1981 in Ann Arbor, Michigan<\/p>\n\n\n\n<p>Likert studierte an der University of Michigan und der Columbia University. Er ist Gr\u00fcnder des Institute for Social Research an der University of Michigan. 1960 wurde er in die American Academy of Arts and Sciences gew\u00e4hlt.<\/p>\n\n\n\n<h2 class=\"wp-block-heading\">Quellen<\/h2>\n\n\n\n<ul class=\"wp-block-list\"><li><a href=\"https:\/\/de.wikipedia.org\/wiki\/Likert-Skala\">https:\/\/de.wikipedia.org\/wiki\/Likert-Skala<\/a><\/li><li>https:\/\/de.wikipedia.org\/wiki\/Ordinalskala<\/li><li>https:\/\/www.mightyforms.com\/blog\/likert-scale-questions-definition<\/li><li>https:\/\/de.wikipedia.org\/wiki\/Rensis_Likert<\/li><\/ul>\n\n\n\n<p><\/p>\n","protected":false},"excerpt":{"rendered":"<p>It is easy for the respondent to evaluate and respond to complex questions since they have a range to choose from, being closer to what they think and how they feel. Heloise Montini Die Likert-Skala ist ein Verfahren zur Messung pers\u00f6nlicher Einstellungen. Die Skalen bestehen aus mehreren Items vom Likert-Typ. Diese sind Aussagen, denen die &hellip; <a href=\"https:\/\/blogs.fu-berlin.de\/hci1-sose2021\/2021\/06\/27\/likert-skala\/\" class=\"more-link\"><span class=\"screen-reader-text\">\u201eLikert-Skala\u201c<\/span> weiterlesen<\/a><\/p>\n","protected":false},"author":6143,"featured_media":0,"comment_status":"open","ping_status":"open","sticky":false,"template":"","format":"standard","meta":{"_bbp_topic_count":0,"_bbp_reply_count":0,"_bbp_total_topic_count":0,"_bbp_total_reply_count":0,"_bbp_voice_count":0,"_bbp_anonymous_reply_count":0,"_bbp_topic_count_hidden":0,"_bbp_reply_count_hidden":0,"_bbp_forum_subforum_count":0,"footnotes":""},"categories":[84009,397246,399276],"tags":[],"class_list":["post-1774","post","type-post","status-publish","format-standard","hentry","category-glossar","category-week-11","category-lu10"],"_links":{"self":[{"href":"https:\/\/blogs.fu-berlin.de\/hci1-sose2021\/wp-json\/wp\/v2\/posts\/1774","targetHints":{"allow":["GET"]}}],"collection":[{"href":"https:\/\/blogs.fu-berlin.de\/hci1-sose2021\/wp-json\/wp\/v2\/posts"}],"about":[{"href":"https:\/\/blogs.fu-berlin.de\/hci1-sose2021\/wp-json\/wp\/v2\/types\/post"}],"author":[{"embeddable":true,"href":"https:\/\/blogs.fu-berlin.de\/hci1-sose2021\/wp-json\/wp\/v2\/users\/6143"}],"replies":[{"embeddable":true,"href":"https:\/\/blogs.fu-berlin.de\/hci1-sose2021\/wp-json\/wp\/v2\/comments?post=1774"}],"version-history":[{"count":1,"href":"https:\/\/blogs.fu-berlin.de\/hci1-sose2021\/wp-json\/wp\/v2\/posts\/1774\/revisions"}],"predecessor-version":[{"id":1777,"href":"https:\/\/blogs.fu-berlin.de\/hci1-sose2021\/wp-json\/wp\/v2\/posts\/1774\/revisions\/1777"}],"wp:attachment":[{"href":"https:\/\/blogs.fu-berlin.de\/hci1-sose2021\/wp-json\/wp\/v2\/media?parent=1774"}],"wp:term":[{"taxonomy":"category","embeddable":true,"href":"https:\/\/blogs.fu-berlin.de\/hci1-sose2021\/wp-json\/wp\/v2\/categories?post=1774"},{"taxonomy":"post_tag","embeddable":true,"href":"https:\/\/blogs.fu-berlin.de\/hci1-sose2021\/wp-json\/wp\/v2\/tags?post=1774"}],"curies":[{"name":"wp","href":"https:\/\/api.w.org\/{rel}","templated":true}]}}