{"id":391,"date":"2023-05-23T13:50:44","date_gmt":"2023-05-23T11:50:44","guid":{"rendered":"https:\/\/blogs.fu-berlin.de\/hci2023\/?p=391"},"modified":"2023-05-24T17:06:00","modified_gmt":"2023-05-24T15:06:00","slug":"a4-1-p6-vorbereitung-der-interviews","status":"publish","type":"post","link":"https:\/\/blogs.fu-berlin.de\/hci2023\/2023\/05\/23\/a4-1-p6-vorbereitung-der-interviews\/","title":{"rendered":"[A4.1, P6] &#8211; Vorbereitung der Interviews"},"content":{"rendered":"\n<h2 class=\"wp-block-heading\">Anlaufstellen f\u00fcr Teilnehmer<\/h2>\n\n\n\n<ul class=\"wp-block-list\"><li>Deutscher Blinden- und Sehbehindertenverband e.V. (<a href=\"https:\/\/www.dbsv.org\/\" target=\"_blank\" rel=\"noreferrer noopener\">DBSV e.V.<\/a>)<ul><li>Allgemeiner Blinden- und Sehbehindertenverein Berlin gegr. 1874 e.V. (<a href=\"https:\/\/www.absv.de\/\" target=\"_blank\" rel=\"noreferrer noopener\">ABSV e.V.<\/a>)<ul><li>Telefonnummer:&nbsp;030\/8 95 88-0<\/li><li>info@absv.de<\/li><\/ul><\/li><\/ul><\/li><li>Bundesverband staatlich anerkannter Blindenwerkst\u00e4tten e.V. (<a href=\"https:\/\/www.bsab-ev.de\/\" target=\"_blank\" rel=\"noreferrer noopener\">BsaB e.V.<\/a>)<ul><li>Kontaktformular auf <a href=\"https:\/\/www.bsab-ev.de\/kontakt\/\" target=\"_blank\" rel=\"noreferrer noopener\">Website<\/a><\/li><\/ul><\/li><li><a href=\"https:\/\/sozialhelden.de\/\" target=\"_blank\" rel=\"noreferrer noopener\">Sozialheld*innen<\/a><ul><li>beratung@sozialhelden.de<\/li><\/ul><\/li><\/ul>\n\n\n\n<h2 class=\"wp-block-heading\">Text f\u00fcr Anfrage<\/h2>\n\n\n\n<blockquote class=\"wp-block-quote is-layout-flow wp-block-quote-is-layout-flow\"><p>Liebe *Kontaktpersonen*,<br><br>im Rahmen des Moduls Human-Computer-Interaction des Fachgebiets Informatik an der Freien Universit\u00e4t Berlin forschen wir in diesem Semester zu den Themen der elektronischen Patientenakte und Digitalen Gesundheitsanwendungen.<br><br>Unser Projekt besch\u00e4ftigt sich dabei insbesondere mit digitaler Barrierefreiheit. Zu diesem Thema m\u00f6chten wir Interviews mit direkt von fehlender Barrierefreiheit betroffenen Personen f\u00fchren, um W\u00fcnsche und Anforderungen zu erfassen und verstehen zu k\u00f6nnen. Dabei suchen wir vor Allem den Kontakt zu sehbehinderten Menschen, da digitale Anwendungen in Ihrer Konzeption zumeist auf visuellen Aspekten aufgebaut werden.<br><br>Zu diesem Zweck wenden wir uns an Sie mit dem Wunsch um Vermittlung von Ansprechpartner:innen in diesem Gebiet oder m\u00f6glicherweise auch Teilnehmer:innen f\u00fcr die Interviews.<br><br>Wir freuen uns darauf, von Ihnen zu h\u00f6ren.<br><br>Mit freundlichen Gr\u00fc\u00dfen<br><br>i.A. *Absender*<\/p><\/blockquote>\n\n\n\n<h2 class=\"wp-block-heading\">To-Do<\/h2>\n\n\n\n<ul class=\"wp-block-list\" id=\"block-35f95c9b-9de4-45f6-93e0-85542e18f78c\"><li>Vorbereitung des Consent Form -&gt; Barrierefreiheit?<\/li><li>(Abschlie\u00dfende \u00dcberarbeitung der Interviewfragen)<\/li><\/ul>\n\n\n\n<h2 class=\"wp-block-heading\">Fortschritt f\u00fcr Interviews<\/h2>\n\n\n\n<h3 class=\"wp-block-heading\">ABSV e.V.<\/h3>\n\n\n\n<ul class=\"wp-block-list\"><li>Termin vereinbart (26.05.23 &#8211; 10 Uhr)<\/li><li>Termin best\u00e4tigt und Informationsblatt f\u00fcr Datenschutz verschickt<\/li><\/ul>\n\n\n\n<h3 class=\"wp-block-heading\">Sozialheld*innen<\/h3>\n\n\n\n<ul class=\"wp-block-list\"><li>Kontaktanfrage abgeschickt &#8211; Antwort: &#8222;Leider haben wir gerade keine Kapazit\u00e4t pro bono Leute zu vermitteln.&#8220;<\/li><\/ul>\n\n\n\n<h3 class=\"wp-block-heading\">BsaB e.V.<\/h3>\n\n\n\n<ul class=\"wp-block-list\"><li>Kontaktanfrage abgeschickt<\/li><\/ul>\n\n\n\n<h3 class=\"wp-block-heading\">Private Kontakte<\/h3>\n\n\n\n<ul class=\"wp-block-list\"><li>Telefonnummer f\u00fcr eine Person vorhanden &#8211; auf AB gesprochen &#8211; R\u00fcckmeldung ausstehend<\/li><li>E-Mail an weitere Person versendet &#8211; R\u00fcckmeldung ausstehend<\/li><\/ul>\n\n\n\n<h2 class=\"wp-block-heading\">\u00dcberarbeitetes Interview<\/h2>\n\n\n\n<h3 class=\"wp-block-heading\">Einleitung<\/h3>\n\n\n\n<p><em>Willkommen zu diesem Interview. Als Erstes m\u00f6chten wir Ihnen daf\u00fcr danken, dass Sie sich die Zeit nehmen, mit uns zu sprechen und somit einen wesentlichen Beitrag zu unserer Forschung zu leisten.<\/em><\/p>\n\n\n\n<p><em>Wir m\u00f6chten gern noch einmal m\u00fcndlich in der Aufnahme best\u00e4tigen, dass sie der Durchf\u00fchrung dieses Interviews sowie der Aufzeichnung und Verarbeitung der erhobenen Daten gem\u00e4\u00df der Einverst\u00e4ndniserkl\u00e4rung zustimmen. Sie haben die Einverst\u00e4ndniserkl\u00e4rung gelesen und unterzeichnet?<\/em><\/p>\n\n\n\n<p>&#8230;<\/p>\n\n\n\n<p><em>Dann k\u00f6nnen wir fortfahren.<\/em><\/p>\n\n\n\n<p><em>Im Folgenden werden wir Ihnen einige Fragen stellen, die uns dabei helfen sollen, Ihren Umgang mit digitalen Anwendungen im Rahmen Ihrer Sehbehinderung einordnen zu k\u00f6nnen. Dadurch erhoffen wir uns wertvolle Einblicke und ein besseres Verst\u00e4ndnis f\u00fcr Ihre W\u00fcnsche und Bed\u00fcrfnisse in dieser Angelegenheit.<\/em><\/p>\n\n\n\n<p><em>Wir m\u00f6chten direkt vorweg nehmen, dass wir uns erst seit kurzem mit diesem Thema besch\u00e4ftigen und bitten dahingehend um ihr Verst\u00e4ndnis. Uns ist der respektvolle und sensible Umgang mit Ihnen und Ihrer Sehbehinderung wichtig und wir m\u00f6chten dahingehend gern auf Ihre W\u00fcnsche eingehen.<\/em><\/p>\n\n\n\n<p><em>Daf\u00fcr m\u00f6chten<strong> <\/strong>wir gern als Erstes von Ihnen erfahren, welche Begriffe im Verlauf des Interviews verwendet werden sollen.<\/em><\/p>\n\n\n\n<p>&#8230;<\/p>\n\n\n\n<p><em>Vielen Dank f\u00fcr die Spezifizierung, wir werden das im Folgenden beachten.<\/em><\/p>\n\n\n\n<p><em>Kommen wir nun also zur ersten Frage des Interviews, auf der wir anschlie\u00dfend aufbauen wollen.<\/em><\/p>\n\n\n\n<h3 class=\"wp-block-heading\">Fragen<\/h3>\n\n\n\n<ol class=\"wp-block-list\"><li>Wie beschreiben Sie die Art und Auspr\u00e4gung Ihrer Sehbeeintr\u00e4chtigung?<\/li><li>Welche digitalen Anwendungen nutzen Sie in Ihrem Alltag? Damit meinen wir Applikationen, Programme, Internetdienste und \u00c4hnliches.<ul><li>Welche Ger\u00e4te nutzen Sie f\u00fcr die Nutzung dieser Anwendungen?<\/li><li>Welche Betriebssysteme sind damit verbunden?<\/li><li>W\u00fcrden sie gern mehr digitale Anwendungen in Ihr Leben integrieren?<\/li><li>Welche technischen H\u00fcrden fallen Ihnen dahingehend auf?<\/li><li>Haben Sie ein besonders positives Beispiel f\u00fcr eine f\u00fcr Sie sehr gute Umsetzung digitaler Barrierefreiheit f\u00fcr uns? Kennen Sie auch ein Negativ-Beispiel?<\/li><\/ul><\/li><li>Welche Hilfsmittel im Umgang mit digitalen Anwendungen wie Apps oder Websites verwenden Sie?<ul><li>Als wie hilfreich bewerten Sie diese Hilfsmittel?<\/li><li>Wie verbreitet sind diese Hilfsmittel Ihrer Erfahrung nach?<\/li><\/ul><\/li><li>Welche Erfahrungen haben Sie bisher mit digitalen Angeboten im Gesundheitswesen gemacht?<ul><li>Wie bewerten Sie den Einsatz digitaler Angebote im Gesundheitswesen auf Basis Ihrer Erfahrungen?<\/li><li>Wie zufrieden sind Sie mit der Barrierefreiheit dieser Angebote?<\/li><li>Haben Sie bereits von der elektronischen Patientenakte geh\u00f6rt?<\/li><li>Welche Gedanken oder Eindr\u00fccke verbinden Sie damit?<\/li><\/ul><\/li><\/ol>\n\n\n\n<p>Elektronische Patientenakte: Digitale Sammlung der Patientendaten zur individuellen Abfrage und dem Teilen mit \u00c4rzten. Im Januar 2021 eingef\u00fchrt, im M\u00e4rz 2023 Entwurf zum Wechsel von Opt-In zu Opt-Out vorgelegt. Dementsprechend ein Wechsel der Strategie von ausdr\u00fccklicher Anmeldung f\u00fcr die Nutzung der Dienste zum gegenteiligen ausdr\u00fccklichen Widersprechen zur nicht-Nutzung der Dienste.<\/p>\n\n\n\n<h3 class=\"wp-block-heading\">Schlussteil<\/h3>\n\n\n\n<p><em>Damit kommen wir zum Ende des Interviews.<br>Sofern Sie dem in der Einverst\u00e4ndniserkl\u00e4rung ausdr\u00fccklich zugestimmt haben, behalten wir uns vor, Sie gegebenenfalls zuk\u00fcnftig noch mit weiterf\u00fchrenden Fragen zu kontaktieren.<br>Bei Interesse k\u00f6nnen wir Sie au\u00dferdem gern \u00fcber die Ergebnisse unserer Forschung auf dem Laufenden halten.<br>Vielen Dank f\u00fcr Ihre Zeit und Mitarbeit.<\/em><\/p>\n\n\n\n<h2 class=\"wp-block-heading\">Offene Fragen<\/h2>\n\n\n\n<ol class=\"wp-block-list\"><li>Consent Form -&gt; Barrierefreiheit<\/li><li>Tool f\u00fcr Online-Treffen -&gt; Barrierefreiheit von Webex? Unterst\u00fctzung von anderen Systemen FU-seitig<\/li><li>Respektabler Umgang mit Sehbehinderungen<\/li><li>Ansprechen von Anlaufstellen -&gt; Welche Stellen eignen sich? Offizielle Netzwerke oder Arbeitgeber f\u00fcr Sehbehinderte?<\/li><li>Spezifizierung der Anwendung? -&gt; iOS\/Android\/Windows\/Linux\/Mac<\/li><\/ol>\n\n\n\n<h3 class=\"wp-block-heading\">Antworten oder Anmerkungen<\/h3>\n\n\n\n<ol class=\"wp-block-list\"><li>Consent Form wird von Mitarbeiterin aufgesetzt<\/li><li>Zoom bei digitalem Treffen verwenden?<\/li><li>Best\u00e4tigung<\/li><li>Zugang schwierig, verschiedene Richtungen gut, <strong>Kooperationspartner von Sozialhelden<\/strong><\/li><li>Vermutlich auf ein OS festlegen<\/li><\/ol>\n\n\n\n<p>Anforderungen f\u00fcr Anwendungen im Gesundheitswesen (rechtliche Bestimmungen)<\/p>\n\n\n\n<p><\/p>\n","protected":false},"excerpt":{"rendered":"<p>Anlaufstellen f\u00fcr Teilnehmer Deutscher Blinden- und Sehbehindertenverband e.V. (DBSV e.V.) Allgemeiner Blinden- und Sehbehindertenverein Berlin gegr. 1874 e.V. (ABSV e.V.) Telefonnummer:&nbsp;030\/8 95 88-0 info@absv.de Bundesverband staatlich anerkannter Blindenwerkst\u00e4tten e.V. (BsaB e.V.) Kontaktformular auf Website Sozialheld*innen beratung@sozialhelden.de Text f\u00fcr Anfrage Liebe *Kontaktpersonen*, im Rahmen des Moduls Human-Computer-Interaction des Fachgebiets Informatik an der Freien Universit\u00e4t Berlin forschen &hellip; <a href=\"https:\/\/blogs.fu-berlin.de\/hci2023\/2023\/05\/23\/a4-1-p6-vorbereitung-der-interviews\/\" class=\"more-link\"><span class=\"screen-reader-text\">\u201e[A4.1, P6] &#8211; Vorbereitung der Interviews\u201c<\/span> weiterlesen<\/a><\/p>\n","protected":false},"author":7693,"featured_media":0,"comment_status":"open","ping_status":"open","sticky":false,"template":"","format":"standard","meta":{"_bbp_topic_count":0,"_bbp_reply_count":0,"_bbp_total_topic_count":0,"_bbp_total_reply_count":0,"_bbp_voice_count":0,"_bbp_anonymous_reply_count":0,"_bbp_topic_count_hidden":0,"_bbp_reply_count_hidden":0,"_bbp_forum_subforum_count":0,"footnotes":""},"categories":[482331],"tags":[],"class_list":["post-391","post","type-post","status-publish","format-standard","hentry","category-team6"],"_links":{"self":[{"href":"https:\/\/blogs.fu-berlin.de\/hci2023\/wp-json\/wp\/v2\/posts\/391","targetHints":{"allow":["GET"]}}],"collection":[{"href":"https:\/\/blogs.fu-berlin.de\/hci2023\/wp-json\/wp\/v2\/posts"}],"about":[{"href":"https:\/\/blogs.fu-berlin.de\/hci2023\/wp-json\/wp\/v2\/types\/post"}],"author":[{"embeddable":true,"href":"https:\/\/blogs.fu-berlin.de\/hci2023\/wp-json\/wp\/v2\/users\/7693"}],"replies":[{"embeddable":true,"href":"https:\/\/blogs.fu-berlin.de\/hci2023\/wp-json\/wp\/v2\/comments?post=391"}],"version-history":[{"count":18,"href":"https:\/\/blogs.fu-berlin.de\/hci2023\/wp-json\/wp\/v2\/posts\/391\/revisions"}],"predecessor-version":[{"id":445,"href":"https:\/\/blogs.fu-berlin.de\/hci2023\/wp-json\/wp\/v2\/posts\/391\/revisions\/445"}],"wp:attachment":[{"href":"https:\/\/blogs.fu-berlin.de\/hci2023\/wp-json\/wp\/v2\/media?parent=391"}],"wp:term":[{"taxonomy":"category","embeddable":true,"href":"https:\/\/blogs.fu-berlin.de\/hci2023\/wp-json\/wp\/v2\/categories?post=391"},{"taxonomy":"post_tag","embeddable":true,"href":"https:\/\/blogs.fu-berlin.de\/hci2023\/wp-json\/wp\/v2\/tags?post=391"}],"curies":[{"name":"wp","href":"https:\/\/api.w.org\/{rel}","templated":true}]}}