{"id":467,"date":"2023-05-30T14:00:06","date_gmt":"2023-05-30T12:00:06","guid":{"rendered":"https:\/\/blogs.fu-berlin.de\/hci2023\/?p=467"},"modified":"2023-08-18T14:22:47","modified_gmt":"2023-08-18T12:22:47","slug":"a5-p6-eine-persona-fuer-die-persoenlichkeit","status":"publish","type":"post","link":"https:\/\/blogs.fu-berlin.de\/hci2023\/2023\/05\/30\/a5-p6-eine-persona-fuer-die-persoenlichkeit\/","title":{"rendered":"[A5, P6] &#8211; Eine Persona mit Pers\u00f6nlichkeit"},"content":{"rendered":"\n<h2 class=\"wp-block-heading\">1. Erstellen einer Persona<\/h2>\n\n\n\n<p><strong>Name<\/strong>: Marius Lederer<\/p>\n\n\n\n<p><strong>Alter<\/strong>: 36<\/p>\n\n\n\n<p><strong>Beruf <\/strong>: Informatiker \/ Selbstst\u00e4ndig (Freelancer)<\/p>\n\n\n\n<p><strong>Ausbildung <\/strong>: Fachinformatiker f\u00fcr Anwendungsentwicklung<\/p>\n\n\n\n<figure class=\"wp-block-image size-full is-resized\"><img loading=\"lazy\" decoding=\"async\" src=\"https:\/\/blogs.fu-berlin.de\/hci2023\/files\/2023\/06\/Download.jpeg\" alt=\"\" class=\"wp-image-644\" width=\"154\" height=\"154\" srcset=\"https:\/\/blogs.fu-berlin.de\/hci2023\/files\/2023\/06\/Download.jpeg 1024w, https:\/\/blogs.fu-berlin.de\/hci2023\/files\/2023\/06\/Download-300x300.jpeg 300w, https:\/\/blogs.fu-berlin.de\/hci2023\/files\/2023\/06\/Download-150x150.jpeg 150w, https:\/\/blogs.fu-berlin.de\/hci2023\/files\/2023\/06\/Download-768x768.jpeg 768w\" sizes=\"auto, (max-width: 154px) 85vw, 154px\" \/><\/figure>\n\n\n\n<p><strong>Biographie<\/strong>:&nbsp;<\/p>\n\n\n\n<p>Marius Lederer ist ein 36-j\u00e4hriger Informatiker und Selbstst\u00e4ndiger, der als Freelancer arbeitet. Nachdem er seine Ausbildung zum Fachinformatiker f\u00fcr Anwendungsentwicklung absolviert hatte, entschied er sich, sich auf die Qualit\u00e4tssicherung von Software zu spezialisieren. Er erh\u00e4lt regelm\u00e4\u00dfig Auftr\u00e4ge \u00fcber eine Vermittlungsfirma, bei denen er Software im Hinblick auf Usability und allgemeine Stabilit\u00e4t testet. Marius zeichnet seine gr\u00fcndliche Arbeitsweise und sein ausgepr\u00e4gtes Verst\u00e4ndnis f\u00fcr die Bed\u00fcrfnisse der Benutzer aus. Mit Hilfe seiner Fachkenntnisse und Erfahrungen unterst\u00fctzt er Unternehmen, Software mit hohen Qualit\u00e4tsstandards zu entwickeln.<\/p>\n\n\n\n<h2 class=\"wp-block-heading\">2. Beschreiben eines Szenarios<\/h2>\n\n\n\n<p>Marius Lederer sitzt in seinem B\u00fcro und bearbeitet seine E-Mails, als er eine Nachricht von seiner Vermittlungsfirma erh\u00e4lt. Die Firma schl\u00e4gt ihm einen neuen Auftrag vor, bei dem er die digitale Barrierefreiheit einer Anwendung eines Unternehmens \u00fcberpr\u00fcfen soll. Marius freut sich \u00fcber den Auftrag, wird sich aber bewusst, dass er bisher wenig Erfahrung mit diesem speziellen Thema hat.<\/p>\n\n\n\n<p>Um sich optimal auf den Auftrag vorzubereiten, beschlie\u00dft Marius, gr\u00fcndlich zu recherchieren und nach passenden Tools und Ressourcen zu suchen. Ihm ist bekannt, dass er sich umfassend \u00fcber aktuelle Standards f\u00fcr Barrierefreiheit und -richtlinien informieren muss, um eine fundierte \u00dcberpr\u00fcfung durchf\u00fchren zu k\u00f6nnen.<\/p>\n\n\n\n<p>W\u00e4hrend seiner Recherche st\u00f6\u00dft Marius auf unser Projekt zur digitalen Barrierefreiheit. Es handelt sich um eine Plattform, die Entwicklern dabei helfen soll, die Barrierefreiheit von Anwendungen zu \u00fcberpr\u00fcfen und zu verbessern. Die Plattform bietet einige Tools und Ressourcen, darunter automatisierte Pr\u00fcfungen und liefert gleichzeitig recht ausf\u00fchrliche Berichte.<\/p>\n\n\n\n<p>Marius bewertet die von uns entwickelte Plattform als wertvolle Unterst\u00fctzung bei der Durchf\u00fchrung seiner Aufgabe. Er beschlie\u00dft, das Tool zu nutzen, um die Barrierefreiheit der Anwendung zu \u00fcberpr\u00fcfen, die er im Auftrag des Technologieunternehmens analysieren soll.<\/p>\n\n\n\n<p>Er ist \u00fcberzeugt davon, dass er mit den Tools und Ressourcen des Projekts die digitale Barrierefreiheit der Anwendung umfassend bewerten und konkrete Empfehlungen zur Verbesserung geben kann.<\/p>\n\n\n\n<p>Dank seiner gr\u00fcndlichen Recherche und der Nutzung der von uns entwickelten Plattform ist Marius gut vorbereitet, um den Auftrag erfolgreich auszuf\u00fchren. Er freut sich darauf, seine Expertise in der digitalen Barrierefreiheit einzusetzen und dazu beizutragen, dass die Anwendung f\u00fcr alle Benutzer zug\u00e4nglich und nutzbar wird.<\/p>\n\n\n\n<h3 class=\"wp-block-heading\">Erg\u00e4nzung<\/h3>\n\n\n\n<p>In der Arbeit mit der zu \u00fcberpr\u00fcfenden Anwendung der Unternehmens verwendet Marius die von uns implementierte L\u00f6sung.<\/p>\n\n\n\n<p>Dabei wird die Anwendung auf m\u00f6gliche Schwachstellen untersucht und gibt ebendiese f\u00fcr Marius aus. Er kann die Probleme sammeln und die vorgeschlagenen L\u00f6sungsm\u00f6glichkeiten hinsichtlich ihrer Machbarkeit evaluieren.<\/p>\n\n\n\n<p>Anschlie\u00dfend kann Marius je nach Art seines Auftrags, die durch die Software festgestellten Probleme an seinen Kunden r\u00fcckmelden oder auch an der Behebung der Probleme arbeiten.<\/p>\n\n\n\n<h2 class=\"wp-block-heading\">Erster (ehemaliger) Entwurf<\/h2>\n\n\n\n<figure class=\"wp-block-image size-full\"><img loading=\"lazy\" decoding=\"async\" width=\"857\" height=\"672\" src=\"https:\/\/blogs.fu-berlin.de\/hci2023\/files\/2023\/05\/Bildschirmfoto-vom-2023-05-30-14-09-10.png\" alt=\"\" class=\"wp-image-491\" srcset=\"https:\/\/blogs.fu-berlin.de\/hci2023\/files\/2023\/05\/Bildschirmfoto-vom-2023-05-30-14-09-10.png 857w, https:\/\/blogs.fu-berlin.de\/hci2023\/files\/2023\/05\/Bildschirmfoto-vom-2023-05-30-14-09-10-300x235.png 300w, https:\/\/blogs.fu-berlin.de\/hci2023\/files\/2023\/05\/Bildschirmfoto-vom-2023-05-30-14-09-10-768x602.png 768w\" sizes=\"auto, (max-width: 709px) 85vw, (max-width: 909px) 67vw, (max-width: 1362px) 62vw, 840px\" \/><\/figure>\n","protected":false},"excerpt":{"rendered":"<p>1. Erstellen einer Persona Name: Marius Lederer Alter: 36 Beruf : Informatiker \/ Selbstst\u00e4ndig (Freelancer) Ausbildung : Fachinformatiker f\u00fcr Anwendungsentwicklung Biographie:&nbsp; Marius Lederer ist ein 36-j\u00e4hriger Informatiker und Selbstst\u00e4ndiger, der als Freelancer arbeitet. Nachdem er seine Ausbildung zum Fachinformatiker f\u00fcr Anwendungsentwicklung absolviert hatte, entschied er sich, sich auf die Qualit\u00e4tssicherung von Software zu spezialisieren. Er &hellip; <a href=\"https:\/\/blogs.fu-berlin.de\/hci2023\/2023\/05\/30\/a5-p6-eine-persona-fuer-die-persoenlichkeit\/\" class=\"more-link\"><span class=\"screen-reader-text\">\u201e[A5, P6] &#8211; Eine Persona mit Pers\u00f6nlichkeit\u201c<\/span> weiterlesen<\/a><\/p>\n","protected":false},"author":7693,"featured_media":0,"comment_status":"open","ping_status":"open","sticky":false,"template":"","format":"standard","meta":{"_bbp_topic_count":0,"_bbp_reply_count":0,"_bbp_total_topic_count":0,"_bbp_total_reply_count":0,"_bbp_voice_count":0,"_bbp_anonymous_reply_count":0,"_bbp_topic_count_hidden":0,"_bbp_reply_count_hidden":0,"_bbp_forum_subforum_count":0,"footnotes":""},"categories":[482331],"tags":[],"class_list":["post-467","post","type-post","status-publish","format-standard","hentry","category-team6"],"_links":{"self":[{"href":"https:\/\/blogs.fu-berlin.de\/hci2023\/wp-json\/wp\/v2\/posts\/467","targetHints":{"allow":["GET"]}}],"collection":[{"href":"https:\/\/blogs.fu-berlin.de\/hci2023\/wp-json\/wp\/v2\/posts"}],"about":[{"href":"https:\/\/blogs.fu-berlin.de\/hci2023\/wp-json\/wp\/v2\/types\/post"}],"author":[{"embeddable":true,"href":"https:\/\/blogs.fu-berlin.de\/hci2023\/wp-json\/wp\/v2\/users\/7693"}],"replies":[{"embeddable":true,"href":"https:\/\/blogs.fu-berlin.de\/hci2023\/wp-json\/wp\/v2\/comments?post=467"}],"version-history":[{"count":11,"href":"https:\/\/blogs.fu-berlin.de\/hci2023\/wp-json\/wp\/v2\/posts\/467\/revisions"}],"predecessor-version":[{"id":861,"href":"https:\/\/blogs.fu-berlin.de\/hci2023\/wp-json\/wp\/v2\/posts\/467\/revisions\/861"}],"wp:attachment":[{"href":"https:\/\/blogs.fu-berlin.de\/hci2023\/wp-json\/wp\/v2\/media?parent=467"}],"wp:term":[{"taxonomy":"category","embeddable":true,"href":"https:\/\/blogs.fu-berlin.de\/hci2023\/wp-json\/wp\/v2\/categories?post=467"},{"taxonomy":"post_tag","embeddable":true,"href":"https:\/\/blogs.fu-berlin.de\/hci2023\/wp-json\/wp\/v2\/tags?post=467"}],"curies":[{"name":"wp","href":"https:\/\/api.w.org\/{rel}","templated":true}]}}