{"id":497,"date":"2023-06-06T13:28:03","date_gmt":"2023-06-06T11:28:03","guid":{"rendered":"https:\/\/blogs.fu-berlin.de\/hci2023\/?p=497"},"modified":"2023-06-13T12:48:55","modified_gmt":"2023-06-13T10:48:55","slug":"a6-p5-statements","status":"publish","type":"post","link":"https:\/\/blogs.fu-berlin.de\/hci2023\/2023\/06\/06\/a6-p5-statements\/","title":{"rendered":"[A6, P5] &#8211; Statements"},"content":{"rendered":"\n<h4 class=\"wp-block-heading\">Problem Statement<\/h4>\n\n\n\n<p>Maria Schmidt <strong>needs a way to<\/strong> learn more about her symptoms, having options (like courses or exercises) alleviating the symptoms, while also managing her medications, like vitamin D pills or Aspirin, in the same place, <strong>because<\/strong> she wants to have a compact solution instead of having several different apps for her different needs (medication plan, explanation of medication regarding her symptoms, information to her symptoms, exercises to help her with her symptoms,&#8230;). <strong>We will know this to be true when we see:<\/strong> Her app activity decreases or stops, because her health improves to a point, that she feels like she doesn&#8217;t need to use the app permanently. She is able to interact with her kids in a more active way again by doing activities without being exhausted.<\/p>\n\n\n\n<h4 class=\"wp-block-heading\">HYPOTHESIS STATEMENT<\/h4>\n\n\n\n<p><strong>We believe that by<\/strong> improving the \u201cMedication\u201d section towards a usable format&nbsp;<strong>for<\/strong> Maria Schmidt<strong>, we will achieve<\/strong>&nbsp;or at least get closer to her desire of having an &#8222;all-in-on&#8220; app regarding her Long-Covid illness. This will lead to her taking her medication regularly and understanding why they help her and for which symptom. Then she will be able to interact with her kids in a more active way again by doing activities without being exhausted, or at least with being less exhausted.<\/p>\n\n\n\n<h3 class=\"wp-block-heading\">Bug\/Verbesserung<\/h3>\n\n\n\n<ul class=\"wp-block-list\"><li>Kategorie \u201eMedikamente\u201c unter \u201eProfil\u201c<\/li><li><strong>Aktueller Stand<\/strong>: <ul><li>Neues Medikament wird hinzugef\u00fcgt<\/li><li>Einnahmeoptionen bez\u00fcglich der Zeiten werden eingetragen (t\u00e4glich\/w\u00f6chentlich\/monatlich)&amp;(Uhrzeit\/ggf. Wochentag oder Tag im Monat)<\/li><li>Option der Benachrichtigung <\/li><li>Im Anschluss wird das Medikament unter \u201eAls n\u00e4chstes Einnehmen\u201c und auch \u201eAlle Medikamente\u201c gelistet<\/li><\/ul><\/li><li><strong>Probleme<\/strong>: <ul><li>Beim Eintragen des Medikaments: <ul><li>Keine Beschreibung hinzuf\u00fcgbar <\/li><li>Keine Option, um zu erinnern, welche Symptome das lindern soll <\/li><li>Option des Einscannens via Barcode des Medikaments, wo dann automatisch gewisse Eintr\u00e4ge erg\u00e4nzt werden<\/li><li>Keine Option hinzuzuf\u00fcgen, ob bestimmte Einnahme-&#8222;Vorschriften\u201c wichtig sind (bspw. n\u00fcchterner Magen) <\/li><li>Keine Option f\u00fcr Notizen, ggf. auch zu den einzelnen Einnahmezeitpunkten individuell <\/li><li>Bei w\u00f6chentlich und monatlich steht bei Auswahlfeld nur \u201ekeine Auswahl\u201c, statt erstmal hinzuweisen, dass man dort den Wochentag oder den Tag im Monat w\u00e4hlen kann <\/li><li>Bei monatlich gibt es hierbei nur statisch die Auswahl von 1 bis 30. Man muss davon ausgehen, dass es sich generell um die Auswahl vom Tag im Monat handelt, hierbei aber wieder problematisch wie die Auswirkungen auf 31\/28 Tage Monate sind. \u00dcberhaupt nicht intuitiv. <\/li><\/ul><\/li><li>Bei der Medikamenten-\u00dcbersicht: <ul><li>Fehlende Struktur <\/li><li>Komplett ungeordnet von den Zeiten<ul><li>Selbst, wenn es bei der Erstellung in zeitlicher Reihenfolge erstellt wurde (8Uhr, 10Uhr, 14Uhr, 18Uhr) ist dann in der \u00dcbersicht eine falsche Reihenfolge (18Uhr, 10Uhr, 14Uhr, 8Uhr). <\/li><\/ul><\/li><li>Im Reiter \u201eAls n\u00e4chstes Einnehmen\u201c wird nach Medikament sortiert und nicht nachdem, was als n\u00e4chstes eingenommen werden muss. Selbst innerhalb des Medikaments stimmt die Reihenfolge nicht mit der eigentlichen Zeitfolge \u00fcberein. <br>=&gt; Man muss sich selber heraussuchen, welches Medikament gerade dran ist und dieses dann als erledigt markieren <\/li><li>Uhrzeiten sind generell zu klein\/unauff\u00e4llig dargestellt <\/li><li>Beim runterscrollen verschwindet der aktuelle Name der \u00dcbersicht (bspw. \u201eAls n\u00e4chstes Einnehmen\u201c oder \u201eAlle Medikamente\u201c. Wenn man viele Medikamente hat, kann man sich fragen, wo man gerade ist <\/li><\/ul><\/li><\/ul><\/li><\/ul>\n\n\n\n<figure class=\"wp-block-gallery has-nested-images columns-default is-cropped wp-block-gallery-1 is-layout-flex wp-block-gallery-is-layout-flex\">\n<figure class=\"wp-block-image size-large\"><img loading=\"lazy\" decoding=\"async\" width=\"576\" height=\"1024\" data-id=\"544\" src=\"https:\/\/blogs.fu-berlin.de\/hci2023\/files\/2023\/06\/IMG-20230606-WA0002-576x1024.jpg\" alt=\"\" class=\"wp-image-544\" srcset=\"https:\/\/blogs.fu-berlin.de\/hci2023\/files\/2023\/06\/IMG-20230606-WA0002-576x1024.jpg 576w, https:\/\/blogs.fu-berlin.de\/hci2023\/files\/2023\/06\/IMG-20230606-WA0002-169x300.jpg 169w, https:\/\/blogs.fu-berlin.de\/hci2023\/files\/2023\/06\/IMG-20230606-WA0002.jpg 750w\" sizes=\"auto, (max-width: 576px) 85vw, 576px\" \/><\/figure>\n\n\n\n<figure class=\"wp-block-image size-large\"><img loading=\"lazy\" decoding=\"async\" width=\"576\" height=\"1024\" data-id=\"539\" src=\"https:\/\/blogs.fu-berlin.de\/hci2023\/files\/2023\/06\/IMG-20230606-WA0005-576x1024.jpg\" alt=\"\" class=\"wp-image-539\" srcset=\"https:\/\/blogs.fu-berlin.de\/hci2023\/files\/2023\/06\/IMG-20230606-WA0005-576x1024.jpg 576w, https:\/\/blogs.fu-berlin.de\/hci2023\/files\/2023\/06\/IMG-20230606-WA0005-169x300.jpg 169w, https:\/\/blogs.fu-berlin.de\/hci2023\/files\/2023\/06\/IMG-20230606-WA0005.jpg 750w\" sizes=\"auto, (max-width: 576px) 85vw, 576px\" \/><\/figure>\n\n\n\n<figure class=\"wp-block-image size-large\"><img loading=\"lazy\" decoding=\"async\" width=\"576\" height=\"1024\" data-id=\"540\" src=\"https:\/\/blogs.fu-berlin.de\/hci2023\/files\/2023\/06\/IMG-20230606-WA0004-576x1024.jpg\" alt=\"\" class=\"wp-image-540\" srcset=\"https:\/\/blogs.fu-berlin.de\/hci2023\/files\/2023\/06\/IMG-20230606-WA0004-576x1024.jpg 576w, https:\/\/blogs.fu-berlin.de\/hci2023\/files\/2023\/06\/IMG-20230606-WA0004-169x300.jpg 169w, https:\/\/blogs.fu-berlin.de\/hci2023\/files\/2023\/06\/IMG-20230606-WA0004.jpg 750w\" sizes=\"auto, (max-width: 576px) 85vw, 576px\" \/><\/figure>\n\n\n\n<figure class=\"wp-block-image size-large\"><img loading=\"lazy\" decoding=\"async\" width=\"576\" height=\"1024\" data-id=\"543\" src=\"https:\/\/blogs.fu-berlin.de\/hci2023\/files\/2023\/06\/IMG-20230606-WA0001-576x1024.jpg\" alt=\"\" class=\"wp-image-543\" srcset=\"https:\/\/blogs.fu-berlin.de\/hci2023\/files\/2023\/06\/IMG-20230606-WA0001-576x1024.jpg 576w, https:\/\/blogs.fu-berlin.de\/hci2023\/files\/2023\/06\/IMG-20230606-WA0001-169x300.jpg 169w, https:\/\/blogs.fu-berlin.de\/hci2023\/files\/2023\/06\/IMG-20230606-WA0001.jpg 750w\" sizes=\"auto, (max-width: 576px) 85vw, 576px\" \/><\/figure>\n\n\n\n<figure class=\"wp-block-image size-large\"><img loading=\"lazy\" decoding=\"async\" width=\"576\" height=\"1024\" data-id=\"537\" src=\"https:\/\/blogs.fu-berlin.de\/hci2023\/files\/2023\/06\/IMG-20230606-WA0008-576x1024.jpg\" alt=\"\" class=\"wp-image-537\" srcset=\"https:\/\/blogs.fu-berlin.de\/hci2023\/files\/2023\/06\/IMG-20230606-WA0008-576x1024.jpg 576w, https:\/\/blogs.fu-berlin.de\/hci2023\/files\/2023\/06\/IMG-20230606-WA0008-169x300.jpg 169w, https:\/\/blogs.fu-berlin.de\/hci2023\/files\/2023\/06\/IMG-20230606-WA0008.jpg 750w\" sizes=\"auto, (max-width: 576px) 85vw, 576px\" \/><\/figure>\n\n\n\n<figure class=\"wp-block-image size-large\"><img loading=\"lazy\" decoding=\"async\" width=\"576\" height=\"1024\" data-id=\"541\" src=\"https:\/\/blogs.fu-berlin.de\/hci2023\/files\/2023\/06\/IMG-20230606-WA0007-576x1024.jpg\" alt=\"\" class=\"wp-image-541\" srcset=\"https:\/\/blogs.fu-berlin.de\/hci2023\/files\/2023\/06\/IMG-20230606-WA0007-576x1024.jpg 576w, https:\/\/blogs.fu-berlin.de\/hci2023\/files\/2023\/06\/IMG-20230606-WA0007-169x300.jpg 169w, https:\/\/blogs.fu-berlin.de\/hci2023\/files\/2023\/06\/IMG-20230606-WA0007.jpg 750w\" sizes=\"auto, (max-width: 576px) 85vw, 576px\" \/><\/figure>\n<\/figure>\n\n\n\n<ul class=\"wp-block-list\"><li><strong>Verbesserungen<\/strong>: <ul><li>Reihenfolge muss unbedingt beachtet werden! <\/li><li>Keine Sortierung nach Medikamenten, oder falls schon, dann nur optional <\/li><li>gr\u00f6\u00dfere Darstellung der Uhrzeit <\/li><li>Mehr Optionen bei der Erstellung der Medikation (wie oben beschrieben: Allgemeine Beschreibung, Individuelle Notiz zur Einnahmezeit,&#8230;)<\/li><li>Option des Einscannens des Bar-Codes des Medikaments, um feststehende Parameter zu dem Medikament automatisch eintragen zu lassen bei der Erstellung <\/li><li>Intuitiveres\/Flexibleres Handling bei Monatlich und w\u00f6chentlicher Einnahme <\/li><li>Option die \u00dcbersicht nicht als Liste, sondern in Kalender-Form darzustellen<\/li><li>Option das vielleicht sogar in den Apple\/Google Kalender exportieren zu k\u00f6nnen? &#8211; Unter starker Warnung bez\u00fcglich Privatsph\u00e4re etc. <\/li><li>Optionales hinzuf\u00fcgen von Informationen, welche Symptome das Medikament lindern soll. Bsp.: Aspirin &#8211; Kopfschmerzen<br>Damit man, vor allem auch bei vielen Medikamenten nicht die \u00dcbersicht verliert und man wei\u00df, wof\u00fcr man das Medikament nutzt. <\/li><\/ul><\/li><\/ul>\n\n\n\n<h3 class=\"wp-block-heading\">Storyboard und QOC<\/h3>\n\n\n\n<div class=\"wp-block-columns is-layout-flex wp-container-core-columns-is-layout-9d6595d7 wp-block-columns-is-layout-flex\">\n<div class=\"wp-block-column is-layout-flow wp-block-column-is-layout-flow\">\n<figure class=\"wp-block-image size-large\"><img loading=\"lazy\" decoding=\"async\" width=\"1024\" height=\"954\" src=\"https:\/\/blogs.fu-berlin.de\/hci2023\/files\/2023\/06\/image-1-1024x954.png\" alt=\"\" class=\"wp-image-585\" srcset=\"https:\/\/blogs.fu-berlin.de\/hci2023\/files\/2023\/06\/image-1-1024x954.png 1024w, https:\/\/blogs.fu-berlin.de\/hci2023\/files\/2023\/06\/image-1-300x280.png 300w, https:\/\/blogs.fu-berlin.de\/hci2023\/files\/2023\/06\/image-1-768x716.png 768w, https:\/\/blogs.fu-berlin.de\/hci2023\/files\/2023\/06\/image-1-1200x1118.png 1200w, https:\/\/blogs.fu-berlin.de\/hci2023\/files\/2023\/06\/image-1.png 1280w\" sizes=\"auto, (max-width: 709px) 85vw, (max-width: 909px) 67vw, (max-width: 1362px) 62vw, 840px\" \/><\/figure>\n<\/div>\n\n\n\n<div class=\"wp-block-column is-layout-flow wp-block-column-is-layout-flow\">\n<figure class=\"wp-block-image size-large\"><img loading=\"lazy\" decoding=\"async\" width=\"1024\" height=\"970\" src=\"https:\/\/blogs.fu-berlin.de\/hci2023\/files\/2023\/06\/image-2-1024x970.png\" alt=\"\" class=\"wp-image-586\" srcset=\"https:\/\/blogs.fu-berlin.de\/hci2023\/files\/2023\/06\/image-2-1024x970.png 1024w, https:\/\/blogs.fu-berlin.de\/hci2023\/files\/2023\/06\/image-2-300x284.png 300w, https:\/\/blogs.fu-berlin.de\/hci2023\/files\/2023\/06\/image-2-768x728.png 768w, https:\/\/blogs.fu-berlin.de\/hci2023\/files\/2023\/06\/image-2-1200x1137.png 1200w, https:\/\/blogs.fu-berlin.de\/hci2023\/files\/2023\/06\/image-2.png 1280w\" sizes=\"auto, (max-width: 709px) 85vw, (max-width: 909px) 67vw, (max-width: 1362px) 62vw, 840px\" \/><\/figure>\n<\/div>\n<\/div>\n\n\n\n<p>Maria Schmidt sitzt mit ihrem Bekannten Tom in einem Caf\u00e9 und unterh\u00e4lt sich. Pl\u00f6tzlich f\u00e4llt ihr ein, dass sie vermutlich noch Medikamente gegen ihre Long-Covid Symptome nehmen muss. <\/p>\n\n\n\n<figure class=\"wp-block-gallery has-nested-images columns-4 is-cropped wp-block-gallery-2 is-layout-flex wp-block-gallery-is-layout-flex\">\n<figure class=\"wp-block-image size-large\"><img loading=\"lazy\" decoding=\"async\" width=\"506\" height=\"1024\" data-id=\"608\" src=\"https:\/\/blogs.fu-berlin.de\/hci2023\/files\/2023\/06\/1-506x1024.png\" alt=\"\" class=\"wp-image-608\" srcset=\"https:\/\/blogs.fu-berlin.de\/hci2023\/files\/2023\/06\/1-506x1024.png 506w, https:\/\/blogs.fu-berlin.de\/hci2023\/files\/2023\/06\/1-148x300.png 148w, https:\/\/blogs.fu-berlin.de\/hci2023\/files\/2023\/06\/1.png 640w\" sizes=\"auto, (max-width: 506px) 85vw, 506px\" \/><\/figure>\n\n\n\n<figure class=\"wp-block-image size-large\"><img loading=\"lazy\" decoding=\"async\" width=\"506\" height=\"1024\" data-id=\"611\" src=\"https:\/\/blogs.fu-berlin.de\/hci2023\/files\/2023\/06\/2-506x1024.png\" alt=\"\" class=\"wp-image-611\" srcset=\"https:\/\/blogs.fu-berlin.de\/hci2023\/files\/2023\/06\/2-506x1024.png 506w, https:\/\/blogs.fu-berlin.de\/hci2023\/files\/2023\/06\/2-148x300.png 148w, https:\/\/blogs.fu-berlin.de\/hci2023\/files\/2023\/06\/2.png 640w\" sizes=\"auto, (max-width: 506px) 85vw, 506px\" \/><\/figure>\n\n\n\n<figure class=\"wp-block-image size-large\"><img loading=\"lazy\" decoding=\"async\" width=\"506\" height=\"1024\" data-id=\"610\" src=\"https:\/\/blogs.fu-berlin.de\/hci2023\/files\/2023\/06\/3-506x1024.png\" alt=\"\" class=\"wp-image-610\" srcset=\"https:\/\/blogs.fu-berlin.de\/hci2023\/files\/2023\/06\/3-506x1024.png 506w, https:\/\/blogs.fu-berlin.de\/hci2023\/files\/2023\/06\/3-148x300.png 148w, https:\/\/blogs.fu-berlin.de\/hci2023\/files\/2023\/06\/3.png 640w\" sizes=\"auto, (max-width: 506px) 85vw, 506px\" \/><\/figure>\n\n\n\n<figure class=\"wp-block-image size-large\"><img loading=\"lazy\" decoding=\"async\" width=\"640\" height=\"1294\" data-id=\"609\" src=\"https:\/\/blogs.fu-berlin.de\/hci2023\/files\/2023\/06\/4-506x1024.png\" alt=\"\" class=\"wp-image-609\" srcset=\"https:\/\/blogs.fu-berlin.de\/hci2023\/files\/2023\/06\/4-506x1024.png 506w, https:\/\/blogs.fu-berlin.de\/hci2023\/files\/2023\/06\/4-148x300.png 148w, https:\/\/blogs.fu-berlin.de\/hci2023\/files\/2023\/06\/4.png 640w\" sizes=\"auto, (max-width: 709px) 85vw, (max-width: 909px) 67vw, (max-width: 984px) 61vw, (max-width: 1362px) 45vw, 600px\" \/><\/figure>\n<\/figure>\n\n\n\n<figure class=\"wp-block-image size-large\"><img loading=\"lazy\" decoding=\"async\" width=\"1024\" height=\"952\" src=\"https:\/\/blogs.fu-berlin.de\/hci2023\/files\/2023\/06\/image-1024x952.png\" alt=\"\" class=\"wp-image-583\" srcset=\"https:\/\/blogs.fu-berlin.de\/hci2023\/files\/2023\/06\/image-1024x952.png 1024w, https:\/\/blogs.fu-berlin.de\/hci2023\/files\/2023\/06\/image-300x279.png 300w, https:\/\/blogs.fu-berlin.de\/hci2023\/files\/2023\/06\/image-768x714.png 768w, https:\/\/blogs.fu-berlin.de\/hci2023\/files\/2023\/06\/image-1200x1116.png 1200w, https:\/\/blogs.fu-berlin.de\/hci2023\/files\/2023\/06\/image.png 1280w\" sizes=\"auto, (max-width: 709px) 85vw, (max-width: 909px) 67vw, (max-width: 1362px) 62vw, 840px\" \/><\/figure>\n\n\n\n<p>Maria ist erfreut, dass das alles so einfach und flexibel klappt und kann sich ungest\u00f6rt weiter mit Tom unterhalten.<\/p>\n","protected":false},"excerpt":{"rendered":"<p>Problem Statement Maria Schmidt needs a way to learn more about her symptoms, having options (like courses or exercises) alleviating the symptoms, while also managing her medications, like vitamin D pills or Aspirin, in the same place, because she wants to have a compact solution instead of having several different apps for her different needs &hellip; <a href=\"https:\/\/blogs.fu-berlin.de\/hci2023\/2023\/06\/06\/a6-p5-statements\/\" class=\"more-link\"><span class=\"screen-reader-text\">\u201e[A6, P5] &#8211; Statements\u201c<\/span> weiterlesen<\/a><\/p>\n","protected":false},"author":7694,"featured_media":0,"comment_status":"open","ping_status":"open","sticky":false,"template":"","format":"standard","meta":{"_bbp_topic_count":0,"_bbp_reply_count":0,"_bbp_total_topic_count":0,"_bbp_total_reply_count":0,"_bbp_voice_count":0,"_bbp_anonymous_reply_count":0,"_bbp_topic_count_hidden":0,"_bbp_reply_count_hidden":0,"_bbp_forum_subforum_count":0,"footnotes":""},"categories":[482900,482126],"tags":[],"class_list":["post-497","post","type-post","status-publish","format-standard","hentry","category-diga","category-team5"],"_links":{"self":[{"href":"https:\/\/blogs.fu-berlin.de\/hci2023\/wp-json\/wp\/v2\/posts\/497","targetHints":{"allow":["GET"]}}],"collection":[{"href":"https:\/\/blogs.fu-berlin.de\/hci2023\/wp-json\/wp\/v2\/posts"}],"about":[{"href":"https:\/\/blogs.fu-berlin.de\/hci2023\/wp-json\/wp\/v2\/types\/post"}],"author":[{"embeddable":true,"href":"https:\/\/blogs.fu-berlin.de\/hci2023\/wp-json\/wp\/v2\/users\/7694"}],"replies":[{"embeddable":true,"href":"https:\/\/blogs.fu-berlin.de\/hci2023\/wp-json\/wp\/v2\/comments?post=497"}],"version-history":[{"count":7,"href":"https:\/\/blogs.fu-berlin.de\/hci2023\/wp-json\/wp\/v2\/posts\/497\/revisions"}],"predecessor-version":[{"id":613,"href":"https:\/\/blogs.fu-berlin.de\/hci2023\/wp-json\/wp\/v2\/posts\/497\/revisions\/613"}],"wp:attachment":[{"href":"https:\/\/blogs.fu-berlin.de\/hci2023\/wp-json\/wp\/v2\/media?parent=497"}],"wp:term":[{"taxonomy":"category","embeddable":true,"href":"https:\/\/blogs.fu-berlin.de\/hci2023\/wp-json\/wp\/v2\/categories?post=497"},{"taxonomy":"post_tag","embeddable":true,"href":"https:\/\/blogs.fu-berlin.de\/hci2023\/wp-json\/wp\/v2\/tags?post=497"}],"curies":[{"name":"wp","href":"https:\/\/api.w.org\/{rel}","templated":true}]}}