{"id":160,"date":"2015-06-09T19:20:41","date_gmt":"2015-06-09T19:20:41","guid":{"rendered":"https:\/\/blogs.fu-berlin.de\/icmchatde\/?p=160"},"modified":"2015-07-15T09:35:39","modified_gmt":"2015-07-15T09:35:39","slug":"rueckblick-inverted-classroom-one-size-fits-all-juni-2015","status":"publish","type":"post","link":"https:\/\/blogs.fu-berlin.de\/icmchatde\/2015\/06\/09\/rueckblick-inverted-classroom-one-size-fits-all-juni-2015\/","title":{"rendered":"R\u00fcckblick: Inverted Classroom &#8211; one size fits all? Juni 2015"},"content":{"rendered":"<p>Funktioniert der Inverted Classroom in allen Fachdisziplinen? Welche Anpassungen m\u00fcssen vorgenommen werden? Wie viel Diversit\u00e4t vertr\u00e4gt die Methode? Und ist das Inverted Classroom Modell wirklich eine neue Lehrmethode?<\/p>\n<p>Daniel Lambach ist auf diese Fragen eingegangen und hat seine Erfahrungen dargestellt &#8211; gefolgt von einer spannenden Diskussion.<\/p>\n<p><strong>Hier ist die Aufzeichnung der ICM Werkstatt vom 8. Juni 2015.<\/strong><\/p>\n<p>[jwplayer mediaid=&#8220;194&#8243;]<\/p>\n","protected":false},"excerpt":{"rendered":"<p>Funktioniert der Inverted Classroom in allen Fachdisziplinen? Welche Anpassungen m\u00fcssen vorgenommen werden? Wie viel Diversit\u00e4t vertr\u00e4gt die Methode? Und ist das Inverted Classroom Modell wirklich eine neue Lehrmethode? Daniel Lambach ist auf diese Fragen eingegangen und hat seine Erfahrungen dargestellt &#8211; gefolgt von einer spannenden Diskussion. Hier ist die Aufzeichnung der ICM Werkstatt vom 8. &hellip; <a href=\"https:\/\/blogs.fu-berlin.de\/icmchatde\/2015\/06\/09\/rueckblick-inverted-classroom-one-size-fits-all-juni-2015\/\" class=\"more-link\"><span class=\"screen-reader-text\">\u201eR\u00fcckblick: Inverted Classroom &#8211; one size fits all? Juni 2015\u201c<\/span> weiterlesen<\/a><\/p>\n","protected":false},"author":2247,"featured_media":0,"comment_status":"open","ping_status":"open","sticky":false,"template":"","format":"standard","meta":{"footnotes":""},"categories":[1548],"tags":[1630,277,116,52628,39950],"class_list":["post-160","post","type-post","status-publish","format-standard","hentry","category-archiv","tag-erfahrungen","tag-hochschule","tag-politik","tag-praxis","tag-rueckblick"],"_links":{"self":[{"href":"https:\/\/blogs.fu-berlin.de\/icmchatde\/wp-json\/wp\/v2\/posts\/160","targetHints":{"allow":["GET"]}}],"collection":[{"href":"https:\/\/blogs.fu-berlin.de\/icmchatde\/wp-json\/wp\/v2\/posts"}],"about":[{"href":"https:\/\/blogs.fu-berlin.de\/icmchatde\/wp-json\/wp\/v2\/types\/post"}],"author":[{"embeddable":true,"href":"https:\/\/blogs.fu-berlin.de\/icmchatde\/wp-json\/wp\/v2\/users\/2247"}],"replies":[{"embeddable":true,"href":"https:\/\/blogs.fu-berlin.de\/icmchatde\/wp-json\/wp\/v2\/comments?post=160"}],"version-history":[{"count":6,"href":"https:\/\/blogs.fu-berlin.de\/icmchatde\/wp-json\/wp\/v2\/posts\/160\/revisions"}],"predecessor-version":[{"id":195,"href":"https:\/\/blogs.fu-berlin.de\/icmchatde\/wp-json\/wp\/v2\/posts\/160\/revisions\/195"}],"wp:attachment":[{"href":"https:\/\/blogs.fu-berlin.de\/icmchatde\/wp-json\/wp\/v2\/media?parent=160"}],"wp:term":[{"taxonomy":"category","embeddable":true,"href":"https:\/\/blogs.fu-berlin.de\/icmchatde\/wp-json\/wp\/v2\/categories?post=160"},{"taxonomy":"post_tag","embeddable":true,"href":"https:\/\/blogs.fu-berlin.de\/icmchatde\/wp-json\/wp\/v2\/tags?post=160"}],"curies":[{"name":"wp","href":"https:\/\/api.w.org\/{rel}","templated":true}]}}