{"id":310,"date":"2015-10-28T16:59:30","date_gmt":"2015-10-28T16:59:30","guid":{"rendered":"https:\/\/blogs.fu-berlin.de\/icmchatde\/?p=310"},"modified":"2015-10-28T16:59:30","modified_gmt":"2015-10-28T16:59:30","slug":"aufzeichnung-ein-jahr-flipped-classroom-an-der-realschule-mit-sebastian-stoll","status":"publish","type":"post","link":"https:\/\/blogs.fu-berlin.de\/icmchatde\/2015\/10\/28\/aufzeichnung-ein-jahr-flipped-classroom-an-der-realschule-mit-sebastian-stoll\/","title":{"rendered":"Aufzeichnung: Ein Jahr Flipped Classroom an der Realschule mit Sebastian Stoll"},"content":{"rendered":"<p>Hier ist sie nun, die Aufzeichnung des <strong>Oktober 2015 ICM Chat<\/strong>!<\/p>\n<p>[jwplayer mediaid=&#8220;311&#8243;]<\/p>\n<p><strong>Sebastian Stoll<\/strong>\u00a0(<a href=\"https:\/\/www.180grad-flip.de\/\">www.180grad-flip.d<\/a>) hat das erste Jahr Flipped Classroom hinter sich und berichtet von seinen Erfahrungen mit der Umsetzung und den H\u00fcrden seines Vorhabens. Ein sehr informativer Austausch mit vielen Impulsen f\u00fcr alle, die sich ebenfalls f\u00fcr Flipped Classroom interessieren.<\/p>\n<p>Den Beitrag gerne teilen \ud83d\ude42<\/p>\n","protected":false},"excerpt":{"rendered":"<p>Hier ist sie nun, die Aufzeichnung des Oktober 2015 ICM Chat! [jwplayer mediaid=&#8220;311&#8243;] Sebastian Stoll\u00a0(www.180grad-flip.d) hat das erste Jahr Flipped Classroom hinter sich und berichtet von seinen Erfahrungen mit der Umsetzung und den H\u00fcrden seines Vorhabens. Ein sehr informativer Austausch mit vielen Impulsen f\u00fcr alle, die sich ebenfalls f\u00fcr Flipped Classroom interessieren. Den Beitrag gerne &hellip; <a href=\"https:\/\/blogs.fu-berlin.de\/icmchatde\/2015\/10\/28\/aufzeichnung-ein-jahr-flipped-classroom-an-der-realschule-mit-sebastian-stoll\/\" class=\"more-link\"><span class=\"screen-reader-text\">\u201eAufzeichnung: Ein Jahr Flipped Classroom an der Realschule mit Sebastian Stoll\u201c<\/span> weiterlesen<\/a><\/p>\n","protected":false},"author":2247,"featured_media":0,"comment_status":"open","ping_status":"open","sticky":false,"template":"","format":"standard","meta":{"footnotes":""},"categories":[9,1548],"tags":[1630,1668,12142],"class_list":["post-310","post","type-post","status-publish","format-standard","hentry","category-allgemein","category-archiv","tag-erfahrungen","tag-schule","tag-videos"],"_links":{"self":[{"href":"https:\/\/blogs.fu-berlin.de\/icmchatde\/wp-json\/wp\/v2\/posts\/310","targetHints":{"allow":["GET"]}}],"collection":[{"href":"https:\/\/blogs.fu-berlin.de\/icmchatde\/wp-json\/wp\/v2\/posts"}],"about":[{"href":"https:\/\/blogs.fu-berlin.de\/icmchatde\/wp-json\/wp\/v2\/types\/post"}],"author":[{"embeddable":true,"href":"https:\/\/blogs.fu-berlin.de\/icmchatde\/wp-json\/wp\/v2\/users\/2247"}],"replies":[{"embeddable":true,"href":"https:\/\/blogs.fu-berlin.de\/icmchatde\/wp-json\/wp\/v2\/comments?post=310"}],"version-history":[{"count":3,"href":"https:\/\/blogs.fu-berlin.de\/icmchatde\/wp-json\/wp\/v2\/posts\/310\/revisions"}],"predecessor-version":[{"id":314,"href":"https:\/\/blogs.fu-berlin.de\/icmchatde\/wp-json\/wp\/v2\/posts\/310\/revisions\/314"}],"wp:attachment":[{"href":"https:\/\/blogs.fu-berlin.de\/icmchatde\/wp-json\/wp\/v2\/media?parent=310"}],"wp:term":[{"taxonomy":"category","embeddable":true,"href":"https:\/\/blogs.fu-berlin.de\/icmchatde\/wp-json\/wp\/v2\/categories?post=310"},{"taxonomy":"post_tag","embeddable":true,"href":"https:\/\/blogs.fu-berlin.de\/icmchatde\/wp-json\/wp\/v2\/tags?post=310"}],"curies":[{"name":"wp","href":"https:\/\/api.w.org\/{rel}","templated":true}]}}