{"id":334,"date":"2015-12-13T18:13:38","date_gmt":"2015-12-13T18:13:38","guid":{"rendered":"https:\/\/blogs.fu-berlin.de\/icmchatde\/?p=334"},"modified":"2016-05-13T09:57:03","modified_gmt":"2016-05-13T09:57:03","slug":"icm-thema-mit-flipped-classroom-verantwortung-fuer-das-eigene-lernen-lehren","status":"publish","type":"post","link":"https:\/\/blogs.fu-berlin.de\/icmchatde\/2015\/12\/13\/icm-thema-mit-flipped-classroom-verantwortung-fuer-das-eigene-lernen-lehren\/","title":{"rendered":"ICM Thema: Mit Flipped Classroom Verantwortung f\u00fcr das eigene Lernen lehren"},"content":{"rendered":"<h2>Mit Flipped Classroom Verantwortung f\u00fcr das eigene Lernen lehren<\/h2>\n<p>Update 22.12.2015: Die Aufzeichnung ist nun hier verf\u00fcgbar. Wir w\u00fcnschen viel Spa\u00df beim Anschauen!<\/p>\n<p>[videojs_video url=&#8220;https:\/\/www.antonbollen.de\/video\/ICM-December-2015.mp4&#8243;]<\/p>\n<p>Von den heutigen Sch\u00fclern h\u00f6rt man immer wieder die gleichen ausreden, wenn es ums Lernen geht:<\/p>\n<ul>\n<li>\u201eIch konnte das nicht. Bitte erkl\u00e4ren Sie es mir noch einmal.\u201c \u2013 eigentlich nicht aufgepasst<\/li>\n<li>\u201eIch war krank, ich kann das nicht.\u201c \u2013 h\u00e4tte sich selbst um das Nachholen k\u00fcmmern m\u00fcssen<\/li>\n<li>\u201eIch wusste nicht, was auf war.\u201c \u2013 h\u00e4tte es sich aufschreiben m\u00fcssen<\/li>\n<\/ul>\n<p>Und, und, und. Die Sch\u00fcler wissen, wie Sie Ihre entstandenden Schw\u00e4chen kaschieren k\u00f6nnen und nehmen stattdessen den Lehrer in die Pflicht.<\/p>\n<p><a href=\"https:\/\/blogs.fu-berlin.de\/icmchatde\/files\/2015\/12\/sebastian.jpg\"><img loading=\"lazy\" decoding=\"async\" class=\"aligncenter  wp-image-335\" src=\"https:\/\/blogs.fu-berlin.de\/icmchatde\/files\/2015\/12\/sebastian.jpg\" alt=\"sebastian\" width=\"469\" height=\"352\" srcset=\"https:\/\/blogs.fu-berlin.de\/icmchatde\/files\/2015\/12\/sebastian.jpg 872w, https:\/\/blogs.fu-berlin.de\/icmchatde\/files\/2015\/12\/sebastian-300x225.jpg 300w\" sizes=\"auto, (max-width: 469px) 85vw, 469px\" \/><\/a><\/p>\n<p>Mit Flipped Classroom besteht die M\u00f6glichkeit, sich von diesen Ausreden zu l\u00f6sen. Mit den Videos kann der Sch\u00fcler Vers\u00e4umtes st\u00e4ndig wiederholen, auch wenn er krank war. Dar\u00fcber hinaus entsteht eine Transparenz in Form eines Digitalen Klassenzimmers. Trotzdem sind die Sch\u00fcler versucht, sich neue Ausreden einfallen zu lassen. Dabei w\u00e4re es so einfach: W\u00fcrden die Sch\u00fcler selbst Verantwortung f\u00fcr Ihr Lernen \u00fcbernehmen, w\u00e4re Unterricht um Einiges einfacher. Flipped Classroom kann dazu die Br\u00fccke sein. Wie, das m\u00f6chte ich versuchen in der Keynote am Montag beim #ICMChatde beschreiben. Der Keynote folgt eine wie immer spannende Diskussion mit allen Teilnehmern.<\/p>\n","protected":false},"excerpt":{"rendered":"<p>Mit Flipped Classroom Verantwortung f\u00fcr das eigene Lernen lehren Update 22.12.2015: Die Aufzeichnung ist nun hier verf\u00fcgbar. Wir w\u00fcnschen viel Spa\u00df beim Anschauen! [videojs_video url=&#8220;https:\/\/www.antonbollen.de\/video\/ICM-December-2015.mp4&#8243;] Von den heutigen Sch\u00fclern h\u00f6rt man immer wieder die gleichen ausreden, wenn es ums Lernen geht: \u201eIch konnte das nicht. Bitte erkl\u00e4ren Sie es mir noch einmal.\u201c \u2013 eigentlich nicht &hellip; <a href=\"https:\/\/blogs.fu-berlin.de\/icmchatde\/2015\/12\/13\/icm-thema-mit-flipped-classroom-verantwortung-fuer-das-eigene-lernen-lehren\/\" class=\"more-link\"><span class=\"screen-reader-text\">\u201eICM Thema: Mit Flipped Classroom Verantwortung f\u00fcr das eigene Lernen lehren\u201c<\/span> weiterlesen<\/a><\/p>\n","protected":false},"author":2247,"featured_media":0,"comment_status":"open","ping_status":"open","sticky":false,"template":"","format":"standard","meta":{"footnotes":""},"categories":[9],"tags":[12537,52633,1668,12142],"class_list":["post-334","post","type-post","status-publish","format-standard","hentry","category-allgemein","tag-flipped","tag-realschule","tag-schule","tag-videos"],"_links":{"self":[{"href":"https:\/\/blogs.fu-berlin.de\/icmchatde\/wp-json\/wp\/v2\/posts\/334","targetHints":{"allow":["GET"]}}],"collection":[{"href":"https:\/\/blogs.fu-berlin.de\/icmchatde\/wp-json\/wp\/v2\/posts"}],"about":[{"href":"https:\/\/blogs.fu-berlin.de\/icmchatde\/wp-json\/wp\/v2\/types\/post"}],"author":[{"embeddable":true,"href":"https:\/\/blogs.fu-berlin.de\/icmchatde\/wp-json\/wp\/v2\/users\/2247"}],"replies":[{"embeddable":true,"href":"https:\/\/blogs.fu-berlin.de\/icmchatde\/wp-json\/wp\/v2\/comments?post=334"}],"version-history":[{"count":11,"href":"https:\/\/blogs.fu-berlin.de\/icmchatde\/wp-json\/wp\/v2\/posts\/334\/revisions"}],"predecessor-version":[{"id":448,"href":"https:\/\/blogs.fu-berlin.de\/icmchatde\/wp-json\/wp\/v2\/posts\/334\/revisions\/448"}],"wp:attachment":[{"href":"https:\/\/blogs.fu-berlin.de\/icmchatde\/wp-json\/wp\/v2\/media?parent=334"}],"wp:term":[{"taxonomy":"category","embeddable":true,"href":"https:\/\/blogs.fu-berlin.de\/icmchatde\/wp-json\/wp\/v2\/categories?post=334"},{"taxonomy":"post_tag","embeddable":true,"href":"https:\/\/blogs.fu-berlin.de\/icmchatde\/wp-json\/wp\/v2\/tags?post=334"}],"curies":[{"name":"wp","href":"https:\/\/api.w.org\/{rel}","templated":true}]}}