{"id":406,"date":"2016-02-22T12:26:20","date_gmt":"2016-02-22T12:26:20","guid":{"rendered":"https:\/\/blogs.fu-berlin.de\/icmchatde\/?p=406"},"modified":"2016-02-23T07:56:54","modified_gmt":"2016-02-23T07:56:54","slug":"einladung-zum-livestream-ideen","status":"publish","type":"post","link":"https:\/\/blogs.fu-berlin.de\/icmchatde\/2016\/02\/22\/einladung-zum-livestream-ideen\/","title":{"rendered":"Einladung zum LiveStream &amp; Ideen"},"content":{"rendered":"<p>Am 23. &amp; 24.2. findet an der FH St. P\u00f6lten die 5. <a href=\"https:\/\/bit.ly\/icmbeyond16\" target=\"_blank\">Konferenz Inverted Classroom and beyond<\/a> statt. Aus dem vielf\u00e4ltigen Programm werden die Keynotes live gestreamt: (23.2. ab 14: <a href=\"https:\/\/skill.fhstp.ac.at\/konferenz-icmbeyond16\/inverted-classroom-beyond-the-conference\/\" target=\"_blank\">Steve Kelly<\/a>; 24.2. ab 9.00 Ingrid Isenhardt, 13:30 <a href=\"https:\/\/skill.fhstp.ac.at\/2015\/11\/erfolgsfaktoren-fuer-den-inverted-classroom-in-der-hochschullehre\/\" target=\"_blank\">Karsten Morisse<\/a>; Diskussionsbeitr\u00e4ge im Chat willkommen!). Eine Beteiligung &#8222;von au\u00dfen&#8220; ist zudem \u00fcber das Verfolgen des <a href=\"https:\/\/skill.fhstp.ac.at\/konferenz-icmbeyond16\/details-zum-programm-ueberblick\/#blog\" target=\"_blank\">Live Blogs<\/a> m\u00f6glich sowie \u00fcber #icmbeyond16.<\/p>\n<p>Sehr spannende inputs bieten zudem die <a href=\"https:\/\/skill.fhstp.ac.at\/category\/icmbeyond16\/\" target=\"_blank\">hier gesammelten<\/a> Blogbeitr\u00e4ge von bzw. Videogespr\u00e4che mit ReferentInnen der Konferenz.<\/p>\n<p>Bei der Konferenz gibt es zudem eine <a href=\"https:\/\/bit.ly\/statsch\" target=\"_blank\">hybride Schnitzeljagd<\/a>, die teils ebenso von au\u00dfen einsehbar ist. Dort gibt es auch eine Station zum #icmchatde und die Einladung weitere Themenvorschl\u00e4ge einzubringen. Diese sind hier auch als Kommentar willkommen.<\/p>\n<p>Wir freuen uns auf eine spannende Konferenz &#8211; ein Link zur Dokmentation wird dann hier nachgereicht!<\/p>\n","protected":false},"excerpt":{"rendered":"<p>Am 23. &amp; 24.2. findet an der FH St. P\u00f6lten die 5. Konferenz Inverted Classroom and beyond statt. Aus dem vielf\u00e4ltigen Programm werden die Keynotes live gestreamt: (23.2. ab 14: Steve Kelly; 24.2. ab 9.00 Ingrid Isenhardt, 13:30 Karsten Morisse; Diskussionsbeitr\u00e4ge im Chat willkommen!). Eine Beteiligung &#8222;von au\u00dfen&#8220; ist zudem \u00fcber das Verfolgen des Live &hellip; <a href=\"https:\/\/blogs.fu-berlin.de\/icmchatde\/2016\/02\/22\/einladung-zum-livestream-ideen\/\" class=\"more-link\"><span class=\"screen-reader-text\">\u201eEinladung zum LiveStream &amp; Ideen\u201c<\/span> weiterlesen<\/a><\/p>\n","protected":false},"author":2245,"featured_media":0,"comment_status":"open","ping_status":"open","sticky":false,"template":"","format":"standard","meta":{"footnotes":""},"categories":[9],"tags":[52652],"class_list":["post-406","post","type-post","status-publish","format-standard","hentry","category-allgemein","tag-icmbeyond16"],"_links":{"self":[{"href":"https:\/\/blogs.fu-berlin.de\/icmchatde\/wp-json\/wp\/v2\/posts\/406","targetHints":{"allow":["GET"]}}],"collection":[{"href":"https:\/\/blogs.fu-berlin.de\/icmchatde\/wp-json\/wp\/v2\/posts"}],"about":[{"href":"https:\/\/blogs.fu-berlin.de\/icmchatde\/wp-json\/wp\/v2\/types\/post"}],"author":[{"embeddable":true,"href":"https:\/\/blogs.fu-berlin.de\/icmchatde\/wp-json\/wp\/v2\/users\/2245"}],"replies":[{"embeddable":true,"href":"https:\/\/blogs.fu-berlin.de\/icmchatde\/wp-json\/wp\/v2\/comments?post=406"}],"version-history":[{"count":2,"href":"https:\/\/blogs.fu-berlin.de\/icmchatde\/wp-json\/wp\/v2\/posts\/406\/revisions"}],"predecessor-version":[{"id":408,"href":"https:\/\/blogs.fu-berlin.de\/icmchatde\/wp-json\/wp\/v2\/posts\/406\/revisions\/408"}],"wp:attachment":[{"href":"https:\/\/blogs.fu-berlin.de\/icmchatde\/wp-json\/wp\/v2\/media?parent=406"}],"wp:term":[{"taxonomy":"category","embeddable":true,"href":"https:\/\/blogs.fu-berlin.de\/icmchatde\/wp-json\/wp\/v2\/categories?post=406"},{"taxonomy":"post_tag","embeddable":true,"href":"https:\/\/blogs.fu-berlin.de\/icmchatde\/wp-json\/wp\/v2\/tags?post=406"}],"curies":[{"name":"wp","href":"https:\/\/api.w.org\/{rel}","templated":true}]}}