{"id":420,"date":"2016-03-31T11:51:47","date_gmt":"2016-03-31T11:51:47","guid":{"rendered":"https:\/\/blogs.fu-berlin.de\/icmchatde\/?p=420"},"modified":"2016-05-13T09:55:26","modified_gmt":"2016-05-13T09:55:26","slug":"rueckblick-das-icm-als-modell-fuer-die-praxisnahe-ausblidung-im-lehramt","status":"publish","type":"post","link":"https:\/\/blogs.fu-berlin.de\/icmchatde\/2016\/03\/31\/rueckblick-das-icm-als-modell-fuer-die-praxisnahe-ausblidung-im-lehramt\/","title":{"rendered":"R\u00fcckblick: Das ICM als Modell f\u00fcr die praxisnahe Ausblidung im Lehramt"},"content":{"rendered":"<p>Der Referent Alexander Sperl hat \u00fcber seine Erfahrungen mit dem Einsatz des Inverted Classroom Models in der Lehramtsausbildung an der Philipps-Universit\u00e4t Marburg berichtet. Im Vortrag wird die Kursstruktur beschrieben und kritsich hinterfragt.<\/p>\n<p>Die Folien finden Sie hier: <a href=\"https:\/\/alexandersperl.wordpress.com\" target=\"_blank\">https:\/\/alexandersperl.wordpress.com<\/a><\/p>\n<p>[videojs_video url=&#8220;https:\/\/medien.cedis.fu-berlin.de\/bl_master\/icmchat\/ICMChatMarch2016_ASperl.mp4&#8243;]<\/p>\n","protected":false},"excerpt":{"rendered":"<p>Der Referent Alexander Sperl hat \u00fcber seine Erfahrungen mit dem Einsatz des Inverted Classroom Models in der Lehramtsausbildung an der Philipps-Universit\u00e4t Marburg berichtet. Im Vortrag wird die Kursstruktur beschrieben und kritsich hinterfragt. Die Folien finden Sie hier: https:\/\/alexandersperl.wordpress.com [videojs_video url=&#8220;https:\/\/medien.cedis.fu-berlin.de\/bl_master\/icmchat\/ICMChatMarch2016_ASperl.mp4&#8243;]<\/p>\n","protected":false},"author":1248,"featured_media":0,"comment_status":"open","ping_status":"open","sticky":false,"template":"","format":"standard","meta":{"footnotes":""},"categories":[1548],"tags":[1734,34269],"class_list":["post-420","post","type-post","status-publish","format-standard","hentry","category-archiv","tag-erfahrungsbericht","tag-lehramt"],"_links":{"self":[{"href":"https:\/\/blogs.fu-berlin.de\/icmchatde\/wp-json\/wp\/v2\/posts\/420","targetHints":{"allow":["GET"]}}],"collection":[{"href":"https:\/\/blogs.fu-berlin.de\/icmchatde\/wp-json\/wp\/v2\/posts"}],"about":[{"href":"https:\/\/blogs.fu-berlin.de\/icmchatde\/wp-json\/wp\/v2\/types\/post"}],"author":[{"embeddable":true,"href":"https:\/\/blogs.fu-berlin.de\/icmchatde\/wp-json\/wp\/v2\/users\/1248"}],"replies":[{"embeddable":true,"href":"https:\/\/blogs.fu-berlin.de\/icmchatde\/wp-json\/wp\/v2\/comments?post=420"}],"version-history":[{"count":3,"href":"https:\/\/blogs.fu-berlin.de\/icmchatde\/wp-json\/wp\/v2\/posts\/420\/revisions"}],"predecessor-version":[{"id":445,"href":"https:\/\/blogs.fu-berlin.de\/icmchatde\/wp-json\/wp\/v2\/posts\/420\/revisions\/445"}],"wp:attachment":[{"href":"https:\/\/blogs.fu-berlin.de\/icmchatde\/wp-json\/wp\/v2\/media?parent=420"}],"wp:term":[{"taxonomy":"category","embeddable":true,"href":"https:\/\/blogs.fu-berlin.de\/icmchatde\/wp-json\/wp\/v2\/categories?post=420"},{"taxonomy":"post_tag","embeddable":true,"href":"https:\/\/blogs.fu-berlin.de\/icmchatde\/wp-json\/wp\/v2\/tags?post=420"}],"curies":[{"name":"wp","href":"https:\/\/api.w.org\/{rel}","templated":true}]}}