{"id":464,"date":"2016-07-15T07:30:38","date_gmt":"2016-07-15T07:30:38","guid":{"rendered":"https:\/\/blogs.fu-berlin.de\/icmchatde\/?p=464"},"modified":"2016-07-15T07:32:25","modified_gmt":"2016-07-15T07:32:25","slug":"rueckblick-intelligente-visualisierungen-fuer-inklusiven-unterricht","status":"publish","type":"post","link":"https:\/\/blogs.fu-berlin.de\/icmchatde\/2016\/07\/15\/rueckblick-intelligente-visualisierungen-fuer-inklusiven-unterricht\/","title":{"rendered":"R\u00fcckblick:  Intelligente Visualisierungen f\u00fcr inklusiven Unterricht"},"content":{"rendered":"<p>Die Umsetzung von Ivi-Education im eigenen Unterricht ist sehr vielf\u00e4ltig und in der Keynote wurden erste Einblicke in verschiedene Szenarien gegeben .<\/p>\n<p>Marcus Gummelt stellte das inklusive Unterrichtskonzept Ivi-Education vor und zeigte, wie sich das Konzept konkret im Unterricht umsetzen l\u00e4sst.<\/p>\n<div style=\"width: 640px;\" class=\"wp-video\"><!--[if lt IE 9]><script>document.createElement('video');<\/script><![endif]-->\n<video class=\"wp-video-shortcode\" id=\"video-464-1\" width=\"640\" height=\"360\" preload=\"metadata\" controls=\"controls\"><source type=\"video\/mp4\" src=\"https:\/\/medien.cedis.fu-berlin.de\/bl_master\/icmchat\/MartinGummelt-Juli2016-ICMChat.mp4?_=1\" \/><a href=\"https:\/\/medien.cedis.fu-berlin.de\/bl_master\/icmchat\/MartinGummelt-Juli2016-ICMChat.mp4\">https:\/\/medien.cedis.fu-berlin.de\/bl_master\/icmchat\/MartinGummelt-Juli2016-ICMChat.mp4<\/a><\/video><\/div>\n<p>Folgende Link wurden w\u00e4hrend des Vortrags im Chat ausgetauscht:<\/p>\n<ul>\n<li><a href=\"https:\/\/www.flipped-classroom-austria.at\" target=\"_blank\">https:\/\/www.flipped-classroom-austria.at<\/a><\/li>\n<li><a href=\"https:\/\/ivi-education.de\/2016\/07\/08\/wie-entsteht-ein-ivi-lernvideo\/\" target=\"_blank\">https:\/\/ivi-education.de\/2016\/07\/08\/wie-entsteht-ein-ivi-lernvideo\/<\/a><\/li>\n<li><a href=\"https:\/\/youtu.be\/wvweeT5JwsM\" target=\"_blank\">https:\/\/youtu.be\/wvweeT5JwsM<\/a><\/li>\n<li><a href=\"https:\/\/www.youtube.com\/user\/deutschglobal\" target=\"_blank\">https:\/\/www.youtube.com\/user\/deutschglobal<\/a><\/li>\n<li><a href=\"https:\/\/blog.edx.org\/optimal-video-length-student-engagement\" target=\"_blank\">https:\/\/blog.edx.org\/optimal-video-length-student-engagement<\/a><\/li>\n<li><a href=\"https:\/\/www.youtube.com\/watch?v=EaqKTZSICdY\" target=\"_blank\">https:\/\/www.youtube.com\/watch?v=EaqKTZSICdY<\/a><\/li>\n<li><a href=\"https:\/\/www.schulBYOD.de\" target=\"_blank\">www.schulBYOD.de<\/a><\/li>\n<\/ul>\n","protected":false},"excerpt":{"rendered":"<p>Die Umsetzung von Ivi-Education im eigenen Unterricht ist sehr vielf\u00e4ltig und in der Keynote wurden erste Einblicke in verschiedene Szenarien gegeben . Marcus Gummelt stellte das inklusive Unterrichtskonzept Ivi-Education vor und zeigte, wie sich das Konzept konkret im Unterricht umsetzen l\u00e4sst. Folgende Link wurden w\u00e4hrend des Vortrags im Chat ausgetauscht: https:\/\/www.flipped-classroom-austria.at https:\/\/ivi-education.de\/2016\/07\/08\/wie-entsteht-ein-ivi-lernvideo\/ https:\/\/youtu.be\/wvweeT5JwsM https:\/\/www.youtube.com\/user\/deutschglobal https:\/\/blog.edx.org\/optimal-video-length-student-engagement &hellip; <a href=\"https:\/\/blogs.fu-berlin.de\/icmchatde\/2016\/07\/15\/rueckblick-intelligente-visualisierungen-fuer-inklusiven-unterricht\/\" class=\"more-link\"><span class=\"screen-reader-text\">\u201eR\u00fcckblick:  Intelligente Visualisierungen f\u00fcr inklusiven Unterricht\u201c<\/span> weiterlesen<\/a><\/p>\n","protected":false},"author":1248,"featured_media":0,"comment_status":"open","ping_status":"open","sticky":false,"template":"","format":"standard","meta":{"footnotes":""},"categories":[1548],"tags":[52656],"class_list":["post-464","post","type-post","status-publish","format-standard","hentry","category-archiv","tag-ivi"],"_links":{"self":[{"href":"https:\/\/blogs.fu-berlin.de\/icmchatde\/wp-json\/wp\/v2\/posts\/464","targetHints":{"allow":["GET"]}}],"collection":[{"href":"https:\/\/blogs.fu-berlin.de\/icmchatde\/wp-json\/wp\/v2\/posts"}],"about":[{"href":"https:\/\/blogs.fu-berlin.de\/icmchatde\/wp-json\/wp\/v2\/types\/post"}],"author":[{"embeddable":true,"href":"https:\/\/blogs.fu-berlin.de\/icmchatde\/wp-json\/wp\/v2\/users\/1248"}],"replies":[{"embeddable":true,"href":"https:\/\/blogs.fu-berlin.de\/icmchatde\/wp-json\/wp\/v2\/comments?post=464"}],"version-history":[{"count":6,"href":"https:\/\/blogs.fu-berlin.de\/icmchatde\/wp-json\/wp\/v2\/posts\/464\/revisions"}],"predecessor-version":[{"id":472,"href":"https:\/\/blogs.fu-berlin.de\/icmchatde\/wp-json\/wp\/v2\/posts\/464\/revisions\/472"}],"wp:attachment":[{"href":"https:\/\/blogs.fu-berlin.de\/icmchatde\/wp-json\/wp\/v2\/media?parent=464"}],"wp:term":[{"taxonomy":"category","embeddable":true,"href":"https:\/\/blogs.fu-berlin.de\/icmchatde\/wp-json\/wp\/v2\/categories?post=464"},{"taxonomy":"post_tag","embeddable":true,"href":"https:\/\/blogs.fu-berlin.de\/icmchatde\/wp-json\/wp\/v2\/tags?post=464"}],"curies":[{"name":"wp","href":"https:\/\/api.w.org\/{rel}","templated":true}]}}