{"id":609,"date":"2017-05-30T09:19:14","date_gmt":"2017-05-30T09:19:14","guid":{"rendered":"https:\/\/blogs.fu-berlin.de\/icmchatde\/?p=609"},"modified":"2017-05-30T09:19:14","modified_gmt":"2017-05-30T09:19:14","slug":"mehr-zeit-fuer-die-betreuung-der-schueler","status":"publish","type":"post","link":"https:\/\/blogs.fu-berlin.de\/icmchatde\/2017\/05\/30\/mehr-zeit-fuer-die-betreuung-der-schueler\/","title":{"rendered":"Mehr Zeit f\u00fcr die Betreuung der Sch\u00fcler"},"content":{"rendered":"<p>Ein weiterer <a href=\"https:\/\/www.sueddeutsche.de\/bayern\/neu-ulm-wie-ein-mathelehrer-rechenmethoden-per-videoclip-lehrt-1.3523968-2\" target=\"_blank\">Artikel<\/a> zu unserem Thema.<br \/>\nIn der S\u00fcddeutschen kommen auch die Sch\u00fcler von Sebastian Schmidt zu Wort.<\/p>\n<p>Hier zwei Zitate: &#8222;Die Umstellung war nicht schwer, es ist einfach anders. Ich habe mich sogar sehr darauf gefreut&#8220;, sagt die zw\u00f6lfj\u00e4hrige Danay.<\/p>\n<p>&#8222;Klar, das ist digitaler Unterricht, wer mag denn keinen digitalen Unterricht?&#8220;, fragt sie. &#8222;Das macht viel mehr Spa\u00df, weil wir uns die Gruppe aussuchen d\u00fcrfen und gut zusammenarbeiten&#8220;, sagt die elfj\u00e4hrige Rahel.<\/p>\n<p><a href=\"https:\/\/blogs.fu-berlin.de\/icmchatde\/files\/2017\/05\/Flipped.png\"><img loading=\"lazy\" decoding=\"async\" class=\"alignnone wp-image-610 size-full\" src=\"https:\/\/blogs.fu-berlin.de\/icmchatde\/files\/2017\/05\/Flipped.png\" alt=\"Flipped\" width=\"686\" height=\"456\" srcset=\"https:\/\/blogs.fu-berlin.de\/icmchatde\/files\/2017\/05\/Flipped.png 686w, https:\/\/blogs.fu-berlin.de\/icmchatde\/files\/2017\/05\/Flipped-300x199.png 300w\" sizes=\"auto, (max-width: 709px) 85vw, (max-width: 909px) 67vw, (max-width: 984px) 61vw, (max-width: 1362px) 45vw, 600px\" \/><\/a><\/p>\n","protected":false},"excerpt":{"rendered":"<p>Ein weiterer Artikel zu unserem Thema. In der S\u00fcddeutschen kommen auch die Sch\u00fcler von Sebastian Schmidt zu Wort. Hier zwei Zitate: &#8222;Die Umstellung war nicht schwer, es ist einfach anders. Ich habe mich sogar sehr darauf gefreut&#8220;, sagt die zw\u00f6lfj\u00e4hrige Danay. &#8222;Klar, das ist digitaler Unterricht, wer mag denn keinen digitalen Unterricht?&#8220;, fragt sie. &#8222;Das &hellip; <a href=\"https:\/\/blogs.fu-berlin.de\/icmchatde\/2017\/05\/30\/mehr-zeit-fuer-die-betreuung-der-schueler\/\" class=\"more-link\"><span class=\"screen-reader-text\">\u201eMehr Zeit f\u00fcr die Betreuung der Sch\u00fcler\u201c<\/span> weiterlesen<\/a><\/p>\n","protected":false},"author":1248,"featured_media":0,"comment_status":"open","ping_status":"open","sticky":false,"template":"","format":"standard","meta":{"footnotes":""},"categories":[9],"tags":[],"class_list":["post-609","post","type-post","status-publish","format-standard","hentry","category-allgemein"],"_links":{"self":[{"href":"https:\/\/blogs.fu-berlin.de\/icmchatde\/wp-json\/wp\/v2\/posts\/609","targetHints":{"allow":["GET"]}}],"collection":[{"href":"https:\/\/blogs.fu-berlin.de\/icmchatde\/wp-json\/wp\/v2\/posts"}],"about":[{"href":"https:\/\/blogs.fu-berlin.de\/icmchatde\/wp-json\/wp\/v2\/types\/post"}],"author":[{"embeddable":true,"href":"https:\/\/blogs.fu-berlin.de\/icmchatde\/wp-json\/wp\/v2\/users\/1248"}],"replies":[{"embeddable":true,"href":"https:\/\/blogs.fu-berlin.de\/icmchatde\/wp-json\/wp\/v2\/comments?post=609"}],"version-history":[{"count":1,"href":"https:\/\/blogs.fu-berlin.de\/icmchatde\/wp-json\/wp\/v2\/posts\/609\/revisions"}],"predecessor-version":[{"id":611,"href":"https:\/\/blogs.fu-berlin.de\/icmchatde\/wp-json\/wp\/v2\/posts\/609\/revisions\/611"}],"wp:attachment":[{"href":"https:\/\/blogs.fu-berlin.de\/icmchatde\/wp-json\/wp\/v2\/media?parent=609"}],"wp:term":[{"taxonomy":"category","embeddable":true,"href":"https:\/\/blogs.fu-berlin.de\/icmchatde\/wp-json\/wp\/v2\/categories?post=609"},{"taxonomy":"post_tag","embeddable":true,"href":"https:\/\/blogs.fu-berlin.de\/icmchatde\/wp-json\/wp\/v2\/tags?post=609"}],"curies":[{"name":"wp","href":"https:\/\/api.w.org\/{rel}","templated":true}]}}