{"id":627,"date":"2017-06-21T09:50:10","date_gmt":"2017-06-21T09:50:10","guid":{"rendered":"https:\/\/blogs.fu-berlin.de\/icmchatde\/?p=627"},"modified":"2017-09-06T09:51:13","modified_gmt":"2017-09-06T09:51:13","slug":"inverted-classroom-am-lehrstuhl-fuer-internationales-management","status":"publish","type":"post","link":"https:\/\/blogs.fu-berlin.de\/icmchatde\/2017\/06\/21\/inverted-classroom-am-lehrstuhl-fuer-internationales-management\/","title":{"rendered":"Inverted Classroom am Lehrstuhl f\u00fcr Internationales Management"},"content":{"rendered":"<h2><strong>Montag, 10<span class=\"author-p-131876\">. Juli <\/span> 17.30 &#8211; 18.15 Uhr<br \/>\n<\/strong><\/h2>\n<p><strong>Inverted Classroom am Lehrstuhl f\u00fcr Internationales Management<br \/>\n<\/strong><\/p>\n<p>Professorin Dr. Jungwirth ist Pr\u00e4sidentin der Universit\u00e4t Passau und hat im Sommersemester 2015 an ihrem Lehrstuhl f\u00fcr Internationales Management erstmalig Inverted Classroom eingesetzt.<\/p>\n<p>Im ICMChat am 10.07. wird sie \u00fcber ihre bisherigen Erfahrungen berichten und auch auf ihre Zielsetzung, die Motivation zur Nutzung dieser Unterrichtsmethode, die Stolpersteine bei der Umsetzung sowie die Akzeptanz der Studierenden und die Evaluation der Ergebnisse eingehen.<\/p>\n<p>Professorin Dr. Jungwirth wird ebenfalls das Didaktische Labor der Universit\u00e4t Passau pr\u00e4sentieren und die M\u00f6glichkeiten dieses &#8222;Klassenzimmers der Zukunft&#8220; vorstellen, das im Mai 2017 eingeweiht wurde.<\/p>\n<p>Links:<\/p>\n<p><a href=\"https:\/\/www.die-ott-casts.de\/images\/downloads\/sonstiges\/flippedclassroom.pdf\" target=\"_blank\" rel=\"noopener\">Flipped Classroom<\/a><\/p>\n<p><a href=\"https:\/\/www.die-ott-casts.de\/images\/downloads\/sonstiges\/Klassenzimmer-der-Zukunft.pdf\" target=\"_blank\" rel=\"noopener\">Klassenzimmer der Zukunft<\/a><\/p>\n<p><a href=\"https:\/\/www.die-ott-casts.de\/images\/downloads\/sonstiges\/Klassenzimmer_der_Zukunft_Mai_2017.pdf\" target=\"_blank\" rel=\"noopener\">Klassenzimmer der Zukunft Mai 2017<\/a><\/p>\n<p><a href=\"https:\/\/blogs.fu-berlin.de\/icmchatde\/files\/2015\/04\/jungwirth.jpg\"><img loading=\"lazy\" decoding=\"async\" class=\"size-thumbnail wp-image-604 alignleft\" src=\"https:\/\/blogs.fu-berlin.de\/icmchatde\/files\/2015\/04\/jungwirth-150x150.jpg\" alt=\"jungwirth\" width=\"150\" height=\"150\" \/><\/a><\/p>\n<p>&nbsp;<\/p>\n<p>&nbsp;<\/p>\n<p>&nbsp;<\/p>\n<p><strong>Referentin: <b>Prof. Dr. Carola Jungwirth<\/b><\/strong><\/p>\n","protected":false},"excerpt":{"rendered":"<p>Montag, 10. Juli 17.30 &#8211; 18.15 Uhr Inverted Classroom am Lehrstuhl f\u00fcr Internationales Management Professorin Dr. Jungwirth ist Pr\u00e4sidentin der Universit\u00e4t Passau und hat im Sommersemester 2015 an ihrem Lehrstuhl f\u00fcr Internationales Management erstmalig Inverted Classroom eingesetzt. Im ICMChat am 10.07. wird sie \u00fcber ihre bisherigen Erfahrungen berichten und auch auf ihre Zielsetzung, die Motivation &hellip; <a href=\"https:\/\/blogs.fu-berlin.de\/icmchatde\/2017\/06\/21\/inverted-classroom-am-lehrstuhl-fuer-internationales-management\/\" class=\"more-link\"><span class=\"screen-reader-text\">\u201eInverted Classroom am Lehrstuhl f\u00fcr Internationales Management\u201c<\/span> weiterlesen<\/a><\/p>\n","protected":false},"author":1248,"featured_media":0,"comment_status":"open","ping_status":"open","sticky":false,"template":"","format":"standard","meta":{"footnotes":""},"categories":[9],"tags":[],"class_list":["post-627","post","type-post","status-publish","format-standard","hentry","category-allgemein"],"_links":{"self":[{"href":"https:\/\/blogs.fu-berlin.de\/icmchatde\/wp-json\/wp\/v2\/posts\/627","targetHints":{"allow":["GET"]}}],"collection":[{"href":"https:\/\/blogs.fu-berlin.de\/icmchatde\/wp-json\/wp\/v2\/posts"}],"about":[{"href":"https:\/\/blogs.fu-berlin.de\/icmchatde\/wp-json\/wp\/v2\/types\/post"}],"author":[{"embeddable":true,"href":"https:\/\/blogs.fu-berlin.de\/icmchatde\/wp-json\/wp\/v2\/users\/1248"}],"replies":[{"embeddable":true,"href":"https:\/\/blogs.fu-berlin.de\/icmchatde\/wp-json\/wp\/v2\/comments?post=627"}],"version-history":[{"count":1,"href":"https:\/\/blogs.fu-berlin.de\/icmchatde\/wp-json\/wp\/v2\/posts\/627\/revisions"}],"predecessor-version":[{"id":628,"href":"https:\/\/blogs.fu-berlin.de\/icmchatde\/wp-json\/wp\/v2\/posts\/627\/revisions\/628"}],"wp:attachment":[{"href":"https:\/\/blogs.fu-berlin.de\/icmchatde\/wp-json\/wp\/v2\/media?parent=627"}],"wp:term":[{"taxonomy":"category","embeddable":true,"href":"https:\/\/blogs.fu-berlin.de\/icmchatde\/wp-json\/wp\/v2\/categories?post=627"},{"taxonomy":"post_tag","embeddable":true,"href":"https:\/\/blogs.fu-berlin.de\/icmchatde\/wp-json\/wp\/v2\/tags?post=627"}],"curies":[{"name":"wp","href":"https:\/\/api.w.org\/{rel}","templated":true}]}}