{"id":81,"date":"2015-05-13T08:00:24","date_gmt":"2015-05-13T08:00:24","guid":{"rendered":"https:\/\/blogs.fu-berlin.de\/icmchatde\/?p=81"},"modified":"2015-06-02T09:20:06","modified_gmt":"2015-06-02T09:20:06","slug":"icm-und-die-muggles","status":"publish","type":"post","link":"https:\/\/blogs.fu-berlin.de\/icmchatde\/2015\/05\/13\/icm-und-die-muggles\/","title":{"rendered":"Inverted Classroom &#8211; one size fits all?"},"content":{"rendered":"<h2>Einladung: &#8222;Inverted Classroom &#8211; one size fits all?&#8220;<\/h2>\n<div class=\"entry\">\n<p><strong>Online Werkstatt : \u201eICM and beyond\u201d<\/strong><\/p>\n<p><strong>Termin: 08.06.2015 um 17:30 Uhr<\/strong><\/p>\n<p><strong>Online-Raum:<\/strong> <a href=\"https:\/\/webconf.vc.dfn.de\/icm_nutzertreffen\/\">https:\/\/webconf.vc.dfn.de\/icm_nutzertreffen\/<\/a><\/p>\n<p><strong>Referent: <a href=\"https:\/\/www.uni-due.de\/politik\/lambach.php\" target=\"_blank\">Daniel Lambach<\/a><\/strong><\/p>\n<p><a href=\"https:\/\/blogs.fu-berlin.de\/fortbildung\/files\/2015\/03\/Daniel.png\"><img loading=\"lazy\" decoding=\"async\" class=\"alignleft wp-image-1795 size-thumbnail\" src=\"https:\/\/blogs.fu-berlin.de\/fortbildung\/files\/2015\/03\/Daniel-150x150.png\" alt=\"Daniel Lambach\" width=\"150\" height=\"150\" \/><\/a><\/p>\n<p>&nbsp;<\/p>\n<p>&nbsp;<\/p>\n<p>&nbsp;<\/p>\n<p>&nbsp;<\/p>\n<p>&nbsp;<\/p>\n<p>&nbsp;<\/p>\n<p><strong>Thema: &#8222;Inverted Classroom &#8211; one size fits all?&#8220;<\/strong><\/p>\n<p>Wie sehr muss der Inverted Classroom an fachdisziplin\u00e4re Kontexte angepasst werden? Die bisherigen Anwendungserfahrungen wurden<br \/>\n\u00fcberwiegend in MINT-F\u00e4chern gesammelt, aber wie gut ist dieses Modell auf andere F\u00e4cher, z.B. aus den Geistes- oder Sozialwissenschaften<br \/>\n\u00fcbertragbar? Jetzt, wo die ICM-Gemeinde gerade beginnt, das Wissen in Leitf\u00e4den, Handb\u00fcchern und Weiterbildungsangeboten zu kodifizieren,<br \/>\nsollten wir dar\u00fcber nachdenken, wie viel Diversit\u00e4t diese Methode vertr\u00e4gt bzw. ben\u00f6tigt.<\/p>\n<p>Viel Spa\u00df beim Vortrag und der anschlie\u00dfenden Diskussion.<\/p>\n<\/div>\n","protected":false},"excerpt":{"rendered":"<p>Einladung: &#8222;Inverted Classroom &#8211; one size fits all?&#8220; Online Werkstatt : \u201eICM and beyond\u201d Termin: 08.06.2015 um 17:30 Uhr Online-Raum: https:\/\/webconf.vc.dfn.de\/icm_nutzertreffen\/ Referent: Daniel Lambach &nbsp; &nbsp; &nbsp; &nbsp; &nbsp; &nbsp; Thema: &#8222;Inverted Classroom &#8211; one size fits all?&#8220; Wie sehr muss der Inverted Classroom an fachdisziplin\u00e4re Kontexte angepasst werden? Die bisherigen Anwendungserfahrungen wurden \u00fcberwiegend in &hellip; <a href=\"https:\/\/blogs.fu-berlin.de\/icmchatde\/2015\/05\/13\/icm-und-die-muggles\/\" class=\"more-link\"><span class=\"screen-reader-text\">\u201eInverted Classroom &#8211; one size fits all?\u201c<\/span> weiterlesen<\/a><\/p>\n","protected":false},"author":1248,"featured_media":0,"comment_status":"open","ping_status":"open","sticky":false,"template":"","format":"standard","meta":{"footnotes":""},"categories":[9],"tags":[1630,277,116,52628],"class_list":["post-81","post","type-post","status-publish","format-standard","hentry","category-allgemein","tag-erfahrungen","tag-hochschule","tag-politik","tag-praxis"],"_links":{"self":[{"href":"https:\/\/blogs.fu-berlin.de\/icmchatde\/wp-json\/wp\/v2\/posts\/81","targetHints":{"allow":["GET"]}}],"collection":[{"href":"https:\/\/blogs.fu-berlin.de\/icmchatde\/wp-json\/wp\/v2\/posts"}],"about":[{"href":"https:\/\/blogs.fu-berlin.de\/icmchatde\/wp-json\/wp\/v2\/types\/post"}],"author":[{"embeddable":true,"href":"https:\/\/blogs.fu-berlin.de\/icmchatde\/wp-json\/wp\/v2\/users\/1248"}],"replies":[{"embeddable":true,"href":"https:\/\/blogs.fu-berlin.de\/icmchatde\/wp-json\/wp\/v2\/comments?post=81"}],"version-history":[{"count":5,"href":"https:\/\/blogs.fu-berlin.de\/icmchatde\/wp-json\/wp\/v2\/posts\/81\/revisions"}],"predecessor-version":[{"id":147,"href":"https:\/\/blogs.fu-berlin.de\/icmchatde\/wp-json\/wp\/v2\/posts\/81\/revisions\/147"}],"wp:attachment":[{"href":"https:\/\/blogs.fu-berlin.de\/icmchatde\/wp-json\/wp\/v2\/media?parent=81"}],"wp:term":[{"taxonomy":"category","embeddable":true,"href":"https:\/\/blogs.fu-berlin.de\/icmchatde\/wp-json\/wp\/v2\/categories?post=81"},{"taxonomy":"post_tag","embeddable":true,"href":"https:\/\/blogs.fu-berlin.de\/icmchatde\/wp-json\/wp\/v2\/tags?post=81"}],"curies":[{"name":"wp","href":"https:\/\/api.w.org\/{rel}","templated":true}]}}